{"id":241,"date":"2009-07-22T16:33:12","date_gmt":"2009-07-22T14:33:12","guid":{"rendered":"http:\/\/www.damianzimmermann.de\/blog\/?p=241"},"modified":"2019-03-27T21:50:00","modified_gmt":"2019-03-27T20:50:00","slug":"andreas-gursky-in-krefeld","status":"publish","type":"post","link":"https:\/\/www.damianzimmermann.de\/blog\/andreas-gursky-in-krefeld\/","title":{"rendered":"Andreas Gursky in Krefeld"},"content":{"rendered":"<p>Bei der <strong>Andreas Gursky<\/strong>-Ausstellung im Haus Lange und Haus Esters in Krefeld gingen die Meinungen auseinander. Ich fand &#8222;Werke 80-08&#8220; hingegen sehr gelungen und wunderbar geeignet, um sich einen \u00dcberblick \u00fcber seine Arbeit zu verschaffen &#8211; immerhin war es die bislang umfangreichste Ausstellung Gurskys \u00fcberhaupt. Da spielt es meiner Meinung nach auch keine Rolle, dass die Bilder nur im &#8222;winzigen&#8220; Format von 40 x 50 Zentimetern pr\u00e4sentiert wurden &#8211; schlie\u00dflich l\u00e4sst sich so \u00fcberpr\u00fcfen, was von ihnen wirklich \u00fcbrig bleibt, wenn man sie nicht einfach nur aufbl\u00e4st.<\/p>\n<p>Die Ausstellungsbesprechung im Ksta findet ihr\u00a0<a href=\"https:\/\/www.damianzimmermann.de\/blog\/wp-content\/uploads\/31Andreas-Gursky_2.pdf\" target=\"_blank\" rel=\"noopener noreferrer\">hier<\/a> als PDF.<\/p>\n\n\t\t<style type=\"text\/css\">\n\t\t\t#gallery-1 {\n\t\t\t\tmargin: auto;\n\t\t\t}\n\t\t\t#gallery-1 .gallery-item {\n\t\t\t\tfloat: left;\n\t\t\t\tmargin-top: 10px;\n\t\t\t\ttext-align: center;\n\t\t\t\twidth: 100%;\n\t\t\t}\n\t\t\t#gallery-1 img {\n\t\t\t\tborder: 2px solid #cfcfcf;\n\t\t\t}\n\t\t\t#gallery-1 .gallery-caption {\n\t\t\t\tmargin-left: 0;\n\t\t\t}\n\t\t\t\/* see gallery_shortcode() in wp-includes\/media.php *\/\n\t\t<\/style>\n\t\t<div id='gallery-1' class='gallery galleryid-241 gallery-columns-1 gallery-size-large'><dl class='gallery-item'>\n\t\t\t<dt class='gallery-icon portrait'>\n\t\t\t\t<img loading=\"lazy\" decoding=\"async\" width=\"620\" height=\"844\" src=\"https:\/\/www.damianzimmermann.de\/blog\/wp-content\/uploads\/AndreasGursky-Gasherd-1980.jpg\" class=\"attachment-large size-large\" alt=\"\" aria-describedby=\"gallery-1-20747\" srcset=\"https:\/\/www.damianzimmermann.de\/blog\/wp-content\/uploads\/AndreasGursky-Gasherd-1980.jpg 735w, https:\/\/www.damianzimmermann.de\/blog\/wp-content\/uploads\/AndreasGursky-Gasherd-1980-110x150.jpg 110w, https:\/\/www.damianzimmermann.de\/blog\/wp-content\/uploads\/AndreasGursky-Gasherd-1980-294x400.jpg 294w, https:\/\/www.damianzimmermann.de\/blog\/wp-content\/uploads\/AndreasGursky-Gasherd-1980-210x286.jpg 210w\" sizes=\"auto, (max-width: 620px) 100vw, 620px\" \/>\n\t\t\t<\/dt>\n\t\t\t\t<dd class='wp-caption-text gallery-caption' id='gallery-1-20747'>\n\t\t\t\tAndreasGursky: &#8222;Gasherd&#8220;, 1980  Bild: Andreas Gursky \/ VG Bild-Kunst Bonn 2008, Courtesy Monika Spr\u00fcht\/Philomene Magers\n\t\t\t\t<\/dd><\/dl><br style=\"clear: both\" \/><dl class='gallery-item'>\n\t\t\t<dt class='gallery-icon landscape'>\n\t\t\t\t<img loading=\"lazy\" decoding=\"async\" width=\"620\" height=\"481\" src=\"https:\/\/www.damianzimmermann.de\/blog\/wp-content\/uploads\/AndreasGursky-Pf\u00f6rtner-1982-1024x795.jpg\" class=\"attachment-large size-large\" alt=\"\" aria-describedby=\"gallery-1-20748\" srcset=\"https:\/\/www.damianzimmermann.de\/blog\/wp-content\/uploads\/AndreasGursky-Pf\u00f6rtner-1982-1024x795.jpg 1024w, https:\/\/www.damianzimmermann.de\/blog\/wp-content\/uploads\/AndreasGursky-Pf\u00f6rtner-1982-193x150.jpg 193w, https:\/\/www.damianzimmermann.de\/blog\/wp-content\/uploads\/AndreasGursky-Pf\u00f6rtner-1982-400x311.jpg 400w, https:\/\/www.damianzimmermann.de\/blog\/wp-content\/uploads\/AndreasGursky-Pf\u00f6rtner-1982-768x596.jpg 768w, https:\/\/www.damianzimmermann.de\/blog\/wp-content\/uploads\/AndreasGursky-Pf\u00f6rtner-1982-210x163.jpg 210w, https:\/\/www.damianzimmermann.de\/blog\/wp-content\/uploads\/AndreasGursky-Pf\u00f6rtner-1982.jpg 1500w\" sizes=\"auto, (max-width: 620px) 100vw, 620px\" \/>\n\t\t\t<\/dt>\n\t\t\t\t<dd class='wp-caption-text gallery-caption' id='gallery-1-20748'>\n\t\t\t\tAndreas Gursky: \u201ePf\u00f6rtner, Spaeter, Duisburg\u201c, 43,2 x  50,3 Zentimeter, 1982.  Bild: Andreas Gursky \/ VG Bild-Kunst Bonn 2008, Courtesy Monika Spr\u00fcht\/Philomene Magers\n\t\t\t\t<\/dd><\/dl><br style=\"clear: both\" \/><dl class='gallery-item'>\n\t\t\t<dt class='gallery-icon portrait'>\n\t\t\t\t<img loading=\"lazy\" decoding=\"async\" width=\"620\" height=\"877\" src=\"https:\/\/www.damianzimmermann.de\/blog\/wp-content\/uploads\/AndreasGursky-Bergwerk-2008.jpg\" class=\"attachment-large size-large\" alt=\"\" aria-describedby=\"gallery-1-20749\" srcset=\"https:\/\/www.damianzimmermann.de\/blog\/wp-content\/uploads\/AndreasGursky-Bergwerk-2008.jpg 707w, https:\/\/www.damianzimmermann.de\/blog\/wp-content\/uploads\/AndreasGursky-Bergwerk-2008-106x150.jpg 106w, https:\/\/www.damianzimmermann.de\/blog\/wp-content\/uploads\/AndreasGursky-Bergwerk-2008-283x400.jpg 283w, https:\/\/www.damianzimmermann.de\/blog\/wp-content\/uploads\/AndreasGursky-Bergwerk-2008-210x297.jpg 210w\" sizes=\"auto, (max-width: 620px) 100vw, 620px\" \/>\n\t\t\t<\/dt>\n\t\t\t\t<dd class='wp-caption-text gallery-caption' id='gallery-1-20749'>\n\t\t\t\tAndreas Gursky: &#8222;Hamm, Bergwerk Ost&#8220;, 2008  Bild: Andreas Gursky \/ VG Bild-Kunst Bonn 2008, Courtesy Monika Spr\u00fcht\/Philomene Magers\n\t\t\t\t<\/dd><\/dl><br style=\"clear: both\" \/>\n\t\t<\/div>\n\n","protected":false},"excerpt":{"rendered":"<p>Bei der Andreas Gursky-Ausstellung im Haus Lange und Haus Esters in Krefeld gingen die Meinungen auseinander. Ich fand &#8222;Werke 80-08&#8220; hingegen sehr gelungen und wunderbar geeignet, um sich&#8230;<\/p>\n","protected":false},"author":1,"featured_media":20748,"comment_status":"closed","ping_status":"open","sticky":false,"template":"","format":"standard","meta":{"footnotes":""},"categories":[6],"tags":[41],"class_list":["post-241","post","type-post","status-publish","format-standard","has-post-thumbnail","hentry","category-ausstellungen","tag-andreas-gursky"],"_links":{"self":[{"href":"https:\/\/www.damianzimmermann.de\/blog\/wp-json\/wp\/v2\/posts\/241","targetHints":{"allow":["GET"]}}],"collection":[{"href":"https:\/\/www.damianzimmermann.de\/blog\/wp-json\/wp\/v2\/posts"}],"about":[{"href":"https:\/\/www.damianzimmermann.de\/blog\/wp-json\/wp\/v2\/types\/post"}],"author":[{"embeddable":true,"href":"https:\/\/www.damianzimmermann.de\/blog\/wp-json\/wp\/v2\/users\/1"}],"replies":[{"embeddable":true,"href":"https:\/\/www.damianzimmermann.de\/blog\/wp-json\/wp\/v2\/comments?post=241"}],"version-history":[{"count":11,"href":"https:\/\/www.damianzimmermann.de\/blog\/wp-json\/wp\/v2\/posts\/241\/revisions"}],"predecessor-version":[{"id":20750,"href":"https:\/\/www.damianzimmermann.de\/blog\/wp-json\/wp\/v2\/posts\/241\/revisions\/20750"}],"wp:featuredmedia":[{"embeddable":true,"href":"https:\/\/www.damianzimmermann.de\/blog\/wp-json\/wp\/v2\/media\/20748"}],"wp:attachment":[{"href":"https:\/\/www.damianzimmermann.de\/blog\/wp-json\/wp\/v2\/media?parent=241"}],"wp:term":[{"taxonomy":"category","embeddable":true,"href":"https:\/\/www.damianzimmermann.de\/blog\/wp-json\/wp\/v2\/categories?post=241"},{"taxonomy":"post_tag","embeddable":true,"href":"https:\/\/www.damianzimmermann.de\/blog\/wp-json\/wp\/v2\/tags?post=241"}],"curies":[{"name":"wp","href":"https:\/\/api.w.org\/{rel}","templated":true}]}}