{"id":23936,"date":"2022-12-06T22:30:09","date_gmt":"2022-12-06T21:30:09","guid":{"rendered":"http:\/\/www.damianzimmermann.de\/blog\/?p=23936"},"modified":"2022-12-09T21:05:31","modified_gmt":"2022-12-09T20:05:31","slug":"the-camera-was-present-2010-2020-von-michael-wesely","status":"publish","type":"post","link":"https:\/\/www.damianzimmermann.de\/blog\/the-camera-was-present-2010-2020-von-michael-wesely\/","title":{"rendered":"&#8222;The Camera was Present&#8220; von Michael Wesely"},"content":{"rendered":"<p class=\"western\">Es ist eines der Paradoxa der Fotografie, dass sie immer einen Zeitpunkt festhalten will, physikalisch aber immer nur einen Zeitraum erfassen kann \u2013 egal, ob dieser f\u00fcnf Minuten oder ein Hundertstel einer Sekunde lang ist. Einen Zeitpunkt kann es in der Fotografie gar nicht geben, weil ansonsten das Licht gar keine Gelegenheit h\u00e4tte, sich auf dem Film oder dem Sensor einzuschreiben.<\/p>\n<p class=\"western\">Vielleicht mag eine solche Diskussion akademisch und realit\u00e4tsfremd klingen, doch f\u00fcr <strong>Michael Wesely<\/strong> ist sie die Basis seines gesamten k\u00fcnstlerischen Schaffens \u2013 und das seit bereits 30 Jahren. Au\u00dfergew\u00f6hnlich lange Belichtungszeiten von f\u00fcnf Minuten f\u00fcr Portr\u00e4ts bis zu mehreren Jahren f\u00fcr Landschafts- und Baustellenfotografien sind sein Markenzeichen. Das ist radikal und zugleich ganz nah dran an der Essenz und den grunds\u00e4tzlichen Fragen der Fotografie: Was ist ein Augenblick? Was ist das Jetzt und was die Vergangenheit und wie kann beides in nur einer einzigen Aufnahme existieren?<\/p>\n<p>Im Steidl-Verlag ist sein neues Buch &#8222;The Camera was Present 2010-2020&#8220; erschienen und meine Besprechung dieses Buches in der Photonews. <a href=\"https:\/\/www.damianzimmermann.de\/blog\/wp-content\/uploads\/Photonews_10-22_Seite-26.pdf\" target=\"_blank\" rel=\"noopener\">Den Text findet ihr hier.<\/a><\/p>\n<p>Links: <a href=\"https:\/\/wesely.org\/\" target=\"_blank\" rel=\"noopener\">Michael Wesely<\/a>, <a href=\"https:\/\/steidl.de\/Kuenstler\/Michael-Wesely-0539495153.html\" target=\"_blank\" rel=\"noopener\">Steidl<\/a>, <a href=\"https:\/\/www.galerie-fahnemann.de\/kuenstler\/michael-wesely\/?utm_source=google-ads&amp;utm_medium=cpc&amp;utm_campaign=michael%20wesely&amp;utm_term=michael%20wesely\" target=\"_blank\" rel=\"noopener\">Galerie Fahnemann<\/a><\/p>\n\n\t\t<style type=\"text\/css\">\n\t\t\t#gallery-1 {\n\t\t\t\tmargin: auto;\n\t\t\t}\n\t\t\t#gallery-1 .gallery-item {\n\t\t\t\tfloat: left;\n\t\t\t\tmargin-top: 10px;\n\t\t\t\ttext-align: center;\n\t\t\t\twidth: 100%;\n\t\t\t}\n\t\t\t#gallery-1 img {\n\t\t\t\tborder: 2px solid #cfcfcf;\n\t\t\t}\n\t\t\t#gallery-1 .gallery-caption {\n\t\t\t\tmargin-left: 0;\n\t\t\t}\n\t\t\t\/* see gallery_shortcode() in wp-includes\/media.php *\/\n\t\t<\/style>\n\t\t<div id='gallery-1' class='gallery galleryid-23936 gallery-columns-1 gallery-size-large'><dl class='gallery-item'>\n\t\t\t<dt class='gallery-icon portrait'>\n\t\t\t\t<img loading=\"lazy\" decoding=\"async\" width=\"620\" height=\"653\" src=\"https:\/\/www.damianzimmermann.de\/blog\/wp-content\/uploads\/B6285.jpg\" class=\"attachment-large size-large\" alt=\"\" aria-describedby=\"gallery-1-23939\" srcset=\"https:\/\/www.damianzimmermann.de\/blog\/wp-content\/uploads\/B6285.jpg 855w, https:\/\/www.damianzimmermann.de\/blog\/wp-content\/uploads\/B6285-143x150.jpg 143w, https:\/\/www.damianzimmermann.de\/blog\/wp-content\/uploads\/B6285-768x808.jpg 768w, https:\/\/www.damianzimmermann.de\/blog\/wp-content\/uploads\/B6285-720x758.jpg 720w, https:\/\/www.damianzimmermann.de\/blog\/wp-content\/uploads\/B6285-560x589.jpg 560w\" sizes=\"auto, (max-width: 620px) 100vw, 620px\" \/>\n\t\t\t<\/dt>\n\t\t\t\t<dd class='wp-caption-text gallery-caption' id='gallery-1-23939'>\n\t\t\t\tMichael Wesely: Otto Piene (13.19 &#8211; 13.24 Uhr, 12.7.2014)\n\t\t\t\t<\/dd><\/dl><br style=\"clear: both\" \/><dl class='gallery-item'>\n\t\t\t<dt class='gallery-icon landscape'>\n\t\t\t\t<img loading=\"lazy\" decoding=\"async\" width=\"620\" height=\"549\" src=\"https:\/\/www.damianzimmermann.de\/blog\/wp-content\/uploads\/B6607.jpg\" class=\"attachment-large size-large\" alt=\"\" aria-describedby=\"gallery-1-23940\" srcset=\"https:\/\/www.damianzimmermann.de\/blog\/wp-content\/uploads\/B6607.jpg 900w, https:\/\/www.damianzimmermann.de\/blog\/wp-content\/uploads\/B6607-169x150.jpg 169w, https:\/\/www.damianzimmermann.de\/blog\/wp-content\/uploads\/B6607-768x680.jpg 768w, https:\/\/www.damianzimmermann.de\/blog\/wp-content\/uploads\/B6607-720x638.jpg 720w, https:\/\/www.damianzimmermann.de\/blog\/wp-content\/uploads\/B6607-560x496.jpg 560w\" sizes=\"auto, (max-width: 620px) 100vw, 620px\" \/>\n\t\t\t<\/dt>\n\t\t\t\t<dd class='wp-caption-text gallery-caption' id='gallery-1-23940'>\n\t\t\t\tMichael Wesely: Agnes und Katharina (16.54 &#8211; 17.00 Uhr, 18.10.2015)\n\t\t\t\t<\/dd><\/dl><br style=\"clear: both\" \/><dl class='gallery-item'>\n\t\t\t<dt class='gallery-icon landscape'>\n\t\t\t\t<img loading=\"lazy\" decoding=\"async\" width=\"620\" height=\"489\" src=\"https:\/\/www.damianzimmermann.de\/blog\/wp-content\/uploads\/B4753.jpg\" class=\"attachment-large size-large\" alt=\"\" aria-describedby=\"gallery-1-23937\" srcset=\"https:\/\/www.damianzimmermann.de\/blog\/wp-content\/uploads\/B4753.jpg 900w, https:\/\/www.damianzimmermann.de\/blog\/wp-content\/uploads\/B4753-190x150.jpg 190w, https:\/\/www.damianzimmermann.de\/blog\/wp-content\/uploads\/B4753-768x606.jpg 768w, https:\/\/www.damianzimmermann.de\/blog\/wp-content\/uploads\/B4753-720x568.jpg 720w, https:\/\/www.damianzimmermann.de\/blog\/wp-content\/uploads\/B4753-560x442.jpg 560w\" sizes=\"auto, (max-width: 620px) 100vw, 620px\" \/>\n\t\t\t<\/dt>\n\t\t\t\t<dd class='wp-caption-text gallery-caption' id='gallery-1-23937'>\n\t\t\t\tMichael Wesely: \nJ\u00fcdischer Friedhof, Berlin (13.1.2011 &#8211; 13.1.2012)\n\t\t\t\t<\/dd><\/dl><br style=\"clear: both\" \/><dl class='gallery-item'>\n\t\t\t<dt class='gallery-icon portrait'>\n\t\t\t\t<img loading=\"lazy\" decoding=\"async\" width=\"620\" height=\"702\" src=\"https:\/\/www.damianzimmermann.de\/blog\/wp-content\/uploads\/B6268.jpg\" class=\"attachment-large size-large\" alt=\"\" aria-describedby=\"gallery-1-23938\" srcset=\"https:\/\/www.damianzimmermann.de\/blog\/wp-content\/uploads\/B6268.jpg 795w, https:\/\/www.damianzimmermann.de\/blog\/wp-content\/uploads\/B6268-133x150.jpg 133w, https:\/\/www.damianzimmermann.de\/blog\/wp-content\/uploads\/B6268-768x869.jpg 768w, https:\/\/www.damianzimmermann.de\/blog\/wp-content\/uploads\/B6268-720x815.jpg 720w, https:\/\/www.damianzimmermann.de\/blog\/wp-content\/uploads\/B6268-560x634.jpg 560w\" sizes=\"auto, (max-width: 620px) 100vw, 620px\" \/>\n\t\t\t<\/dt>\n\t\t\t\t<dd class='wp-caption-text gallery-caption' id='gallery-1-23938'>\n\t\t\t\tMichael Wesely: Giverny (6.38 &#8211; 9.50 Uhr, 26.6.2014)\n\t\t\t\t<\/dd><\/dl><br style=\"clear: both\" \/><dl class='gallery-item'>\n\t\t\t<dt class='gallery-icon landscape'>\n\t\t\t\t<img loading=\"lazy\" decoding=\"async\" width=\"620\" height=\"442\" src=\"https:\/\/www.damianzimmermann.de\/blog\/wp-content\/uploads\/B6870.jpg\" class=\"attachment-large size-large\" alt=\"\" aria-describedby=\"gallery-1-23941\" srcset=\"https:\/\/www.damianzimmermann.de\/blog\/wp-content\/uploads\/B6870.jpg 900w, https:\/\/www.damianzimmermann.de\/blog\/wp-content\/uploads\/B6870-200x142.jpg 200w, https:\/\/www.damianzimmermann.de\/blog\/wp-content\/uploads\/B6870-768x547.jpg 768w, https:\/\/www.damianzimmermann.de\/blog\/wp-content\/uploads\/B6870-720x513.jpg 720w, https:\/\/www.damianzimmermann.de\/blog\/wp-content\/uploads\/B6870-560x399.jpg 560w\" sizes=\"auto, (max-width: 620px) 100vw, 620px\" \/>\n\t\t\t<\/dt>\n\t\t\t\t<dd class='wp-caption-text gallery-caption' id='gallery-1-23941'>\n\t\t\t\tMichael Wesely: Women&#8217;s march, Berlin (12.27 &#8211; 12.39 Uhr, 21.1.2017)\n\t\t\t\t<\/dd><\/dl><br style=\"clear: both\" \/><dl class='gallery-item'>\n\t\t\t<dt class='gallery-icon landscape'>\n\t\t\t\t<img loading=\"lazy\" decoding=\"async\" width=\"620\" height=\"416\" src=\"https:\/\/www.damianzimmermann.de\/blog\/wp-content\/uploads\/B7401.jpg\" class=\"attachment-large size-large\" alt=\"\" aria-describedby=\"gallery-1-23942\" srcset=\"https:\/\/www.damianzimmermann.de\/blog\/wp-content\/uploads\/B7401.jpg 900w, https:\/\/www.damianzimmermann.de\/blog\/wp-content\/uploads\/B7401-200x134.jpg 200w, https:\/\/www.damianzimmermann.de\/blog\/wp-content\/uploads\/B7401-768x515.jpg 768w, https:\/\/www.damianzimmermann.de\/blog\/wp-content\/uploads\/B7401-720x483.jpg 720w, https:\/\/www.damianzimmermann.de\/blog\/wp-content\/uploads\/B7401-560x376.jpg 560w\" sizes=\"auto, (max-width: 620px) 100vw, 620px\" \/>\n\t\t\t<\/dt>\n\t\t\t\t<dd class='wp-caption-text gallery-caption' id='gallery-1-23942'>\n\t\t\t\tMichael Wesely: Abertura, Pinacoteca MASP (19.01 &#8211; 23.09 Uhr 10.12.2015)\n\t\t\t\t<\/dd><\/dl><br style=\"clear: both\" \/><dl class='gallery-item'>\n\t\t\t<dt class='gallery-icon landscape'>\n\t\t\t\t<img loading=\"lazy\" decoding=\"async\" width=\"620\" height=\"302\" src=\"https:\/\/www.damianzimmermann.de\/blog\/wp-content\/uploads\/B8105.jpg\" class=\"attachment-large size-large\" alt=\"\" aria-describedby=\"gallery-1-23943\" srcset=\"https:\/\/www.damianzimmermann.de\/blog\/wp-content\/uploads\/B8105.jpg 900w, https:\/\/www.damianzimmermann.de\/blog\/wp-content\/uploads\/B8105-200x97.jpg 200w, https:\/\/www.damianzimmermann.de\/blog\/wp-content\/uploads\/B8105-768x374.jpg 768w, https:\/\/www.damianzimmermann.de\/blog\/wp-content\/uploads\/B8105-720x350.jpg 720w, https:\/\/www.damianzimmermann.de\/blog\/wp-content\/uploads\/B8105-560x273.jpg 560w\" sizes=\"auto, (max-width: 620px) 100vw, 620px\" \/>\n\t\t\t<\/dt>\n\t\t\t\t<dd class='wp-caption-text gallery-caption' id='gallery-1-23943'>\n\t\t\t\tMichael Wesely: Black lives matter, Demonstration, Berlin (13.59\u201314.17 Uhr, 6.6.2020)\n\t\t\t\t<\/dd><\/dl><br style=\"clear: both\" \/><dl class='gallery-item'>\n\t\t\t<dt class='gallery-icon portrait'>\n\t\t\t\t<img loading=\"lazy\" decoding=\"async\" width=\"620\" height=\"858\" src=\"https:\/\/www.damianzimmermann.de\/blog\/wp-content\/uploads\/Cover-Michael-Wesely.jpg\" class=\"attachment-large size-large\" alt=\"\" aria-describedby=\"gallery-1-23944\" srcset=\"https:\/\/www.damianzimmermann.de\/blog\/wp-content\/uploads\/Cover-Michael-Wesely.jpg 650w, https:\/\/www.damianzimmermann.de\/blog\/wp-content\/uploads\/Cover-Michael-Wesely-108x150.jpg 108w, https:\/\/www.damianzimmermann.de\/blog\/wp-content\/uploads\/Cover-Michael-Wesely-560x775.jpg 560w\" sizes=\"auto, (max-width: 620px) 100vw, 620px\" \/>\n\t\t\t<\/dt>\n\t\t\t\t<dd class='wp-caption-text gallery-caption' id='gallery-1-23944'>\n\t\t\t\tMichael Wesely: &#8222;The Camera was Present \n2010\u20132020&#8220; &#8211; Cover\n\t\t\t\t<\/dd><\/dl><br style=\"clear: both\" \/>\n\t\t<\/div>\n\n","protected":false},"excerpt":{"rendered":"<p>Es ist eines der Paradoxa der Fotografie, dass sie immer einen Zeitpunkt festhalten will, physikalisch aber immer nur einen Zeitraum erfassen kann \u2013 egal, ob dieser f\u00fcnf Minuten&#8230;<\/p>\n","protected":false},"author":1,"featured_media":23940,"comment_status":"closed","ping_status":"closed","sticky":false,"template":"","format":"standard","meta":{"footnotes":""},"categories":[7],"tags":[542],"class_list":["post-23936","post","type-post","status-publish","format-standard","has-post-thumbnail","hentry","category-fotobuecher","tag-michael-wesely"],"_links":{"self":[{"href":"https:\/\/www.damianzimmermann.de\/blog\/wp-json\/wp\/v2\/posts\/23936","targetHints":{"allow":["GET"]}}],"collection":[{"href":"https:\/\/www.damianzimmermann.de\/blog\/wp-json\/wp\/v2\/posts"}],"about":[{"href":"https:\/\/www.damianzimmermann.de\/blog\/wp-json\/wp\/v2\/types\/post"}],"author":[{"embeddable":true,"href":"https:\/\/www.damianzimmermann.de\/blog\/wp-json\/wp\/v2\/users\/1"}],"replies":[{"embeddable":true,"href":"https:\/\/www.damianzimmermann.de\/blog\/wp-json\/wp\/v2\/comments?post=23936"}],"version-history":[{"count":9,"href":"https:\/\/www.damianzimmermann.de\/blog\/wp-json\/wp\/v2\/posts\/23936\/revisions"}],"predecessor-version":[{"id":23954,"href":"https:\/\/www.damianzimmermann.de\/blog\/wp-json\/wp\/v2\/posts\/23936\/revisions\/23954"}],"wp:featuredmedia":[{"embeddable":true,"href":"https:\/\/www.damianzimmermann.de\/blog\/wp-json\/wp\/v2\/media\/23940"}],"wp:attachment":[{"href":"https:\/\/www.damianzimmermann.de\/blog\/wp-json\/wp\/v2\/media?parent=23936"}],"wp:term":[{"taxonomy":"category","embeddable":true,"href":"https:\/\/www.damianzimmermann.de\/blog\/wp-json\/wp\/v2\/categories?post=23936"},{"taxonomy":"post_tag","embeddable":true,"href":"https:\/\/www.damianzimmermann.de\/blog\/wp-json\/wp\/v2\/tags?post=23936"}],"curies":[{"name":"wp","href":"https:\/\/api.w.org\/{rel}","templated":true}]}}