{"id":23919,"date":"2022-11-22T09:55:40","date_gmt":"2022-11-22T08:55:40","guid":{"rendered":"http:\/\/www.damianzimmermann.de\/blog\/?p=23919"},"modified":"2023-05-30T12:42:20","modified_gmt":"2023-05-30T10:42:20","slug":"transit-chorweiler-x-kollwitz","status":"publish","type":"post","link":"https:\/\/www.damianzimmermann.de\/blog\/transit-chorweiler-x-kollwitz\/","title":{"rendered":"&#8222;Transit &#8211; Chorweiler x Kollwitz&#8220;"},"content":{"rendered":"<p>Am Donnerstag, 24. November, er\u00f6ffnet die Ausstellung &#8222;Transit &#8211; Chorweiler x Kollwitz&#8220; im <strong>K\u00e4the Kollwitz Museum K\u00f6ln<\/strong> mit meinen Portr\u00e4ts von Kindern, Jugendlichen und jungen Erwachsenen aus dem K\u00f6lner Stadtteil Chorweiler. Diese werden zusammen mit Graffiti, Musikvideos und Interviews gezeigt, die aus dem Umfeld der Kreativwerkstatt <strong>Outline e.V.<\/strong> unter der Leitung meines alten Freundes <strong>Puya Bagheri<\/strong> entstanden sind.<\/p>\n<p>Ich w\u00fcrde mich sehr freuen, euch in der Ausstellung begr\u00fc\u00dfen zu k\u00f6nnen. Eine offizielle Vernissage gibt es nicht, aber die Ausstellung ist ab dem 24. November, 13.30 Uhr, ge\u00f6ffnet und geht bis zum 11. Dezember. Es gibt zudem mehrere F\u00fchrungen durch die Ausstellung sowie einen Spaziergang durch Chorweiler und ein Gespr\u00e4ch mit der Fotografin Carolin Sch\u00fcten, die in den 1990ern in Chorweiler Menschen portr\u00e4tiert hat.<\/p>\n<p>Link: <a href=\"https:\/\/www.kollwitz.de\/transit\" target=\"_blank\" rel=\"noopener\">K\u00e4the Kollwitz Museum K\u00f6ln<\/a><\/p>\n<p>&nbsp;<\/p>\n","protected":false},"excerpt":{"rendered":"<p>Am Donnerstag, 24. November, er\u00f6ffnet die Ausstellung &#8222;Transit &#8211; Chorweiler x Kollwitz&#8220; im K\u00e4the Kollwitz Museum K\u00f6ln mit meinen Portr\u00e4ts von Kindern, Jugendlichen und jungen Erwachsenen aus dem&#8230;<\/p>\n","protected":false},"author":1,"featured_media":23922,"comment_status":"closed","ping_status":"closed","sticky":false,"template":"","format":"standard","meta":{"footnotes":""},"categories":[6,48],"tags":[2368,169,2366,2367,2365,2369,165],"class_list":["post-23919","post","type-post","status-publish","format-standard","has-post-thumbnail","hentry","category-ausstellungen","category-portrat","tag-chorweiler","tag-graffiti","tag-hip-hop","tag-kaethe-kollwitz","tag-kaethe-kollwitz-museum","tag-outline","tag-puya-bagheri"],"_links":{"self":[{"href":"https:\/\/www.damianzimmermann.de\/blog\/wp-json\/wp\/v2\/posts\/23919","targetHints":{"allow":["GET"]}}],"collection":[{"href":"https:\/\/www.damianzimmermann.de\/blog\/wp-json\/wp\/v2\/posts"}],"about":[{"href":"https:\/\/www.damianzimmermann.de\/blog\/wp-json\/wp\/v2\/types\/post"}],"author":[{"embeddable":true,"href":"https:\/\/www.damianzimmermann.de\/blog\/wp-json\/wp\/v2\/users\/1"}],"replies":[{"embeddable":true,"href":"https:\/\/www.damianzimmermann.de\/blog\/wp-json\/wp\/v2\/comments?post=23919"}],"version-history":[{"count":5,"href":"https:\/\/www.damianzimmermann.de\/blog\/wp-json\/wp\/v2\/posts\/23919\/revisions"}],"predecessor-version":[{"id":24441,"href":"https:\/\/www.damianzimmermann.de\/blog\/wp-json\/wp\/v2\/posts\/23919\/revisions\/24441"}],"wp:featuredmedia":[{"embeddable":true,"href":"https:\/\/www.damianzimmermann.de\/blog\/wp-json\/wp\/v2\/media\/23922"}],"wp:attachment":[{"href":"https:\/\/www.damianzimmermann.de\/blog\/wp-json\/wp\/v2\/media?parent=23919"}],"wp:term":[{"taxonomy":"category","embeddable":true,"href":"https:\/\/www.damianzimmermann.de\/blog\/wp-json\/wp\/v2\/categories?post=23919"},{"taxonomy":"post_tag","embeddable":true,"href":"https:\/\/www.damianzimmermann.de\/blog\/wp-json\/wp\/v2\/tags?post=23919"}],"curies":[{"name":"wp","href":"https:\/\/api.w.org\/{rel}","templated":true}]}}