{"id":23899,"date":"2022-11-10T13:22:37","date_gmt":"2022-11-10T12:22:37","guid":{"rendered":"http:\/\/www.damianzimmermann.de\/blog\/?p=23899"},"modified":"2022-12-10T20:29:01","modified_gmt":"2022-12-10T19:29:01","slug":"the-perfect-eye-von-werner-mantz","status":"publish","type":"post","link":"https:\/\/www.damianzimmermann.de\/blog\/the-perfect-eye-von-werner-mantz\/","title":{"rendered":"&#8222;The Perfect Eye&#8220; von Werner Mantz"},"content":{"rendered":"<p><strong>Werner Mantz<\/strong> (1901 &#8211; 1983) z\u00e4hlt zu den wichtigsten Fotografen aus K\u00f6ln, eine Retrospektive hat es f\u00fcr ihn aber bislang nicht gegeben. Mit der Ausstellung &#8222;The Perfect Eye&#8220; f\u00fcllt das <strong>Bonnefantenmuseum<\/strong> in Maastricht diese Leerstelle nun gl\u00fccklicherweise und im belgischen <strong>Hannibal Verlag<\/strong> ist der dazugeh\u00f6rige, ganz wunderbar gestaltete Katalog erschienen. Dabei wird deutlich, dass Mantz nicht nur Architekturfotograf, sondern auch ein sehr guter Portr\u00e4tfotograf war und zahlreiche K\u00fcnstler und Architekten, vor allem aber auch Kinder fotografiert hat.<\/p>\n<p>Meine Besprechung von Buch und Ausstellung ist im K\u00f6lner Stadt-Anzeiger erschienen <a href=\"https:\/\/www.damianzimmermann.de\/blog\/wp-content\/uploads\/306_Werner_Mantz.pdf\" target=\"_blank\" rel=\"noopener\">und gibt es hier als PDF<\/a>.<\/p>\n<p>Links: <a href=\"https:\/\/www.bonnefanten.nl\/en\" target=\"_blank\" rel=\"noopener\">Bonnefantenmuseum<\/a>, <a href=\"https:\/\/hannibalbooks.be\/werner-mantz-the-perfect-eye#19802\" target=\"_blank\" rel=\"noopener\">Hannibal Books<\/a><\/p>\n\n\t\t<style type=\"text\/css\">\n\t\t\t#gallery-1 {\n\t\t\t\tmargin: auto;\n\t\t\t}\n\t\t\t#gallery-1 .gallery-item {\n\t\t\t\tfloat: left;\n\t\t\t\tmargin-top: 10px;\n\t\t\t\ttext-align: center;\n\t\t\t\twidth: 100%;\n\t\t\t}\n\t\t\t#gallery-1 img {\n\t\t\t\tborder: 2px solid #cfcfcf;\n\t\t\t}\n\t\t\t#gallery-1 .gallery-caption {\n\t\t\t\tmargin-left: 0;\n\t\t\t}\n\t\t\t\/* see gallery_shortcode() in wp-includes\/media.php *\/\n\t\t<\/style>\n\t\t<div id='gallery-1' class='gallery galleryid-23899 gallery-columns-1 gallery-size-large'><dl class='gallery-item'>\n\t\t\t<dt class='gallery-icon landscape'>\n\t\t\t\t<img loading=\"lazy\" decoding=\"async\" width=\"620\" height=\"464\" src=\"https:\/\/www.damianzimmermann.de\/blog\/wp-content\/uploads\/Werner-Mantz-Canarische-eilanden-1931.jpg\" class=\"attachment-large size-large\" alt=\"\" aria-describedby=\"gallery-1-23902\" srcset=\"https:\/\/www.damianzimmermann.de\/blog\/wp-content\/uploads\/Werner-Mantz-Canarische-eilanden-1931.jpg 900w, https:\/\/www.damianzimmermann.de\/blog\/wp-content\/uploads\/Werner-Mantz-Canarische-eilanden-1931-200x150.jpg 200w, https:\/\/www.damianzimmermann.de\/blog\/wp-content\/uploads\/Werner-Mantz-Canarische-eilanden-1931-768x575.jpg 768w, https:\/\/www.damianzimmermann.de\/blog\/wp-content\/uploads\/Werner-Mantz-Canarische-eilanden-1931-720x539.jpg 720w, https:\/\/www.damianzimmermann.de\/blog\/wp-content\/uploads\/Werner-Mantz-Canarische-eilanden-1931-560x419.jpg 560w\" sizes=\"auto, (max-width: 620px) 100vw, 620px\" \/>\n\t\t\t<\/dt>\n\t\t\t\t<dd class='wp-caption-text gallery-caption' id='gallery-1-23902'>\n\t\t\t\tWerner Mantz auf den Kanarischen Inseln, 1931\n\t\t\t\t<\/dd><\/dl><br style=\"clear: both\" \/><dl class='gallery-item'>\n\t\t\t<dt class='gallery-icon portrait'>\n\t\t\t\t<img loading=\"lazy\" decoding=\"async\" width=\"534\" height=\"900\" src=\"https:\/\/www.damianzimmermann.de\/blog\/wp-content\/uploads\/1.-Portret-van-een-vrouw-1935.jpg\" class=\"attachment-large size-large\" alt=\"\" aria-describedby=\"gallery-1-23903\" \/>\n\t\t\t<\/dt>\n\t\t\t\t<dd class='wp-caption-text gallery-caption' id='gallery-1-23903'>\n\t\t\t\tWerner Mantz: Portr\u00e4t einer Frau, 1935\n\t\t\t\t<\/dd><\/dl><br style=\"clear: both\" \/><dl class='gallery-item'>\n\t\t\t<dt class='gallery-icon portrait'>\n\t\t\t\t<img loading=\"lazy\" decoding=\"async\" width=\"620\" height=\"839\" src=\"https:\/\/www.damianzimmermann.de\/blog\/wp-content\/uploads\/3.-Anoniem-communicantje-1957.jpg\" class=\"attachment-large size-large\" alt=\"\" aria-describedby=\"gallery-1-23904\" srcset=\"https:\/\/www.damianzimmermann.de\/blog\/wp-content\/uploads\/3.-Anoniem-communicantje-1957.jpg 665w, https:\/\/www.damianzimmermann.de\/blog\/wp-content\/uploads\/3.-Anoniem-communicantje-1957-111x150.jpg 111w, https:\/\/www.damianzimmermann.de\/blog\/wp-content\/uploads\/3.-Anoniem-communicantje-1957-560x758.jpg 560w\" sizes=\"auto, (max-width: 620px) 100vw, 620px\" \/>\n\t\t\t<\/dt>\n\t\t\t\t<dd class='wp-caption-text gallery-caption' id='gallery-1-23904'>\n\t\t\t\tWerner Mantz: Anonymes Kommunionsfoto, 1957\n\t\t\t\t<\/dd><\/dl><br style=\"clear: both\" \/><dl class='gallery-item'>\n\t\t\t<dt class='gallery-icon landscape'>\n\t\t\t\t<img loading=\"lazy\" decoding=\"async\" width=\"620\" height=\"471\" src=\"https:\/\/www.damianzimmermann.de\/blog\/wp-content\/uploads\/6.-Haus-der-Kolnischen-zeitung-1928.jpg\" class=\"attachment-large size-large\" alt=\"\" aria-describedby=\"gallery-1-23906\" srcset=\"https:\/\/www.damianzimmermann.de\/blog\/wp-content\/uploads\/6.-Haus-der-Kolnischen-zeitung-1928.jpg 900w, https:\/\/www.damianzimmermann.de\/blog\/wp-content\/uploads\/6.-Haus-der-Kolnischen-zeitung-1928-197x150.jpg 197w, https:\/\/www.damianzimmermann.de\/blog\/wp-content\/uploads\/6.-Haus-der-Kolnischen-zeitung-1928-768x584.jpg 768w, https:\/\/www.damianzimmermann.de\/blog\/wp-content\/uploads\/6.-Haus-der-Kolnischen-zeitung-1928-720x547.jpg 720w, https:\/\/www.damianzimmermann.de\/blog\/wp-content\/uploads\/6.-Haus-der-Kolnischen-zeitung-1928-560x426.jpg 560w\" sizes=\"auto, (max-width: 620px) 100vw, 620px\" \/>\n\t\t\t<\/dt>\n\t\t\t\t<dd class='wp-caption-text gallery-caption' id='gallery-1-23906'>\n\t\t\t\tWerner Mantz, Haus der K\u00f6lnischen Zeitung auf der Pressa in K\u00f6ln, 1928\n\t\t\t\t<\/dd><\/dl><br style=\"clear: both\" \/><dl class='gallery-item'>\n\t\t\t<dt class='gallery-icon landscape'>\n\t\t\t\t<img loading=\"lazy\" decoding=\"async\" width=\"620\" height=\"482\" src=\"https:\/\/www.damianzimmermann.de\/blog\/wp-content\/uploads\/21.-Haus-der-Kolnischen-Zeitung-1928.jpg\" class=\"attachment-large size-large\" alt=\"\" aria-describedby=\"gallery-1-23909\" srcset=\"https:\/\/www.damianzimmermann.de\/blog\/wp-content\/uploads\/21.-Haus-der-Kolnischen-Zeitung-1928.jpg 900w, https:\/\/www.damianzimmermann.de\/blog\/wp-content\/uploads\/21.-Haus-der-Kolnischen-Zeitung-1928-193x150.jpg 193w, https:\/\/www.damianzimmermann.de\/blog\/wp-content\/uploads\/21.-Haus-der-Kolnischen-Zeitung-1928-768x596.jpg 768w, https:\/\/www.damianzimmermann.de\/blog\/wp-content\/uploads\/21.-Haus-der-Kolnischen-Zeitung-1928-720x559.jpg 720w, https:\/\/www.damianzimmermann.de\/blog\/wp-content\/uploads\/21.-Haus-der-Kolnischen-Zeitung-1928-560x435.jpg 560w\" sizes=\"auto, (max-width: 620px) 100vw, 620px\" \/>\n\t\t\t<\/dt>\n\t\t\t\t<dd class='wp-caption-text gallery-caption' id='gallery-1-23909'>\n\t\t\t\tWerner Mantz, Haus der K\u00f6lnischen Zeitung auf der Pressa in K\u00f6ln, 1928\n\t\t\t\t<\/dd><\/dl><br style=\"clear: both\" \/><dl class='gallery-item'>\n\t\t\t<dt class='gallery-icon portrait'>\n\t\t\t\t<img loading=\"lazy\" decoding=\"async\" width=\"620\" height=\"853\" src=\"https:\/\/www.damianzimmermann.de\/blog\/wp-content\/uploads\/5.-Siedlung-Keulen-Riehl-1929.jpg\" class=\"attachment-large size-large\" alt=\"\" aria-describedby=\"gallery-1-23905\" srcset=\"https:\/\/www.damianzimmermann.de\/blog\/wp-content\/uploads\/5.-Siedlung-Keulen-Riehl-1929.jpg 654w, https:\/\/www.damianzimmermann.de\/blog\/wp-content\/uploads\/5.-Siedlung-Keulen-Riehl-1929-109x150.jpg 109w, https:\/\/www.damianzimmermann.de\/blog\/wp-content\/uploads\/5.-Siedlung-Keulen-Riehl-1929-560x771.jpg 560w\" sizes=\"auto, (max-width: 620px) 100vw, 620px\" \/>\n\t\t\t<\/dt>\n\t\t\t\t<dd class='wp-caption-text gallery-caption' id='gallery-1-23905'>\n\t\t\t\tWerner Mantz: GAG-Siedlung K\u00f6ln-Riehl, 1929\n\t\t\t\t<\/dd><\/dl><br style=\"clear: both\" \/><dl class='gallery-item'>\n\t\t\t<dt class='gallery-icon portrait'>\n\t\t\t\t<img loading=\"lazy\" decoding=\"async\" width=\"620\" height=\"819\" src=\"https:\/\/www.damianzimmermann.de\/blog\/wp-content\/uploads\/8.-Villa-Hugo-Wolff-1932.jpg\" class=\"attachment-large size-large\" alt=\"\" aria-describedby=\"gallery-1-23907\" srcset=\"https:\/\/www.damianzimmermann.de\/blog\/wp-content\/uploads\/8.-Villa-Hugo-Wolff-1932.jpg 681w, https:\/\/www.damianzimmermann.de\/blog\/wp-content\/uploads\/8.-Villa-Hugo-Wolff-1932-114x150.jpg 114w, https:\/\/www.damianzimmermann.de\/blog\/wp-content\/uploads\/8.-Villa-Hugo-Wolff-1932-560x740.jpg 560w\" sizes=\"auto, (max-width: 620px) 100vw, 620px\" \/>\n\t\t\t<\/dt>\n\t\t\t\t<dd class='wp-caption-text gallery-caption' id='gallery-1-23907'>\n\t\t\t\tWerner Mantz: Villa &#8222;Hugo Wolff von Architekt Ulrich Pohl in K\u00f6ln-Lindenthal, 1932\n\t\t\t\t<\/dd><\/dl><br style=\"clear: both\" \/><dl class='gallery-item'>\n\t\t\t<dt class='gallery-icon landscape'>\n\t\t\t\t<img loading=\"lazy\" decoding=\"async\" width=\"620\" height=\"463\" src=\"https:\/\/www.damianzimmermann.de\/blog\/wp-content\/uploads\/19.-Gemeente-Spaarbank-1951-1953.jpg\" class=\"attachment-large size-large\" alt=\"\" aria-describedby=\"gallery-1-23908\" srcset=\"https:\/\/www.damianzimmermann.de\/blog\/wp-content\/uploads\/19.-Gemeente-Spaarbank-1951-1953.jpg 900w, https:\/\/www.damianzimmermann.de\/blog\/wp-content\/uploads\/19.-Gemeente-Spaarbank-1951-1953-200x150.jpg 200w, https:\/\/www.damianzimmermann.de\/blog\/wp-content\/uploads\/19.-Gemeente-Spaarbank-1951-1953-768x573.jpg 768w, https:\/\/www.damianzimmermann.de\/blog\/wp-content\/uploads\/19.-Gemeente-Spaarbank-1951-1953-720x538.jpg 720w, https:\/\/www.damianzimmermann.de\/blog\/wp-content\/uploads\/19.-Gemeente-Spaarbank-1951-1953-560x418.jpg 560w\" sizes=\"auto, (max-width: 620px) 100vw, 620px\" \/>\n\t\t\t<\/dt>\n\t\t\t\t<dd class='wp-caption-text gallery-caption' id='gallery-1-23908'>\n\t\t\t\tWerner Mantz: Gemeente-Spaarbank, 1951-1953\n\t\t\t\t<\/dd><\/dl><br style=\"clear: both\" \/><dl class='gallery-item'>\n\t\t\t<dt class='gallery-icon portrait'>\n\t\t\t\t<img loading=\"lazy\" decoding=\"async\" width=\"620\" height=\"827\" src=\"https:\/\/www.damianzimmermann.de\/blog\/wp-content\/uploads\/28.-Interieur-Sint-Josefkerk-1935.jpg\" class=\"attachment-large size-large\" alt=\"\" aria-describedby=\"gallery-1-23910\" srcset=\"https:\/\/www.damianzimmermann.de\/blog\/wp-content\/uploads\/28.-Interieur-Sint-Josefkerk-1935.jpg 675w, https:\/\/www.damianzimmermann.de\/blog\/wp-content\/uploads\/28.-Interieur-Sint-Josefkerk-1935-113x150.jpg 113w, https:\/\/www.damianzimmermann.de\/blog\/wp-content\/uploads\/28.-Interieur-Sint-Josefkerk-1935-560x747.jpg 560w\" sizes=\"auto, (max-width: 620px) 100vw, 620px\" \/>\n\t\t\t<\/dt>\n\t\t\t\t<dd class='wp-caption-text gallery-caption' id='gallery-1-23910'>\n\t\t\t\tWerner Mantz, Interieur der Kirche St. Josef, Kerensheide, 1935\n\t\t\t\t<\/dd><\/dl><br style=\"clear: both\" \/><dl class='gallery-item'>\n\t\t\t<dt class='gallery-icon portrait'>\n\t\t\t\t<img loading=\"lazy\" decoding=\"async\" width=\"620\" height=\"849\" src=\"https:\/\/www.damianzimmermann.de\/blog\/wp-content\/uploads\/29.-Siedlung-Kalkerfeld-1928.jpg\" class=\"attachment-large size-large\" alt=\"\" aria-describedby=\"gallery-1-23911\" srcset=\"https:\/\/www.damianzimmermann.de\/blog\/wp-content\/uploads\/29.-Siedlung-Kalkerfeld-1928.jpg 657w, https:\/\/www.damianzimmermann.de\/blog\/wp-content\/uploads\/29.-Siedlung-Kalkerfeld-1928-110x150.jpg 110w, https:\/\/www.damianzimmermann.de\/blog\/wp-content\/uploads\/29.-Siedlung-Kalkerfeld-1928-560x767.jpg 560w\" sizes=\"auto, (max-width: 620px) 100vw, 620px\" \/>\n\t\t\t<\/dt>\n\t\t\t\t<dd class='wp-caption-text gallery-caption' id='gallery-1-23911'>\n\t\t\t\tWerner Mantz, GAG-Siedlung K\u00f6ln-Kalkerfeld (heute: Buchforst), 1928\n\t\t\t\t<\/dd><\/dl><br style=\"clear: both\" \/>\n\t\t<\/div>\n\n","protected":false},"excerpt":{"rendered":"<p>Werner Mantz (1901 &#8211; 1983) z\u00e4hlt zu den wichtigsten Fotografen aus K\u00f6ln, eine Retrospektive hat es f\u00fcr ihn aber bislang nicht gegeben. Mit der Ausstellung &#8222;The Perfect Eye&#8220;&#8230;<\/p>\n","protected":false},"author":1,"featured_media":23903,"comment_status":"closed","ping_status":"closed","sticky":false,"template":"","format":"standard","meta":{"footnotes":""},"categories":[6,7],"tags":[2362,385,2360,2361,447,448,636,2359,2364,2358,2363],"class_list":["post-23899","post","type-post","status-publish","format-standard","has-post-thumbnail","hentry","category-ausstellungen","category-fotobuecher","tag-anton-raederscheidt","tag-august-sander","tag-bonnefantenmuseum","tag-hannibal-verlag","tag-hugo-schmolz","tag-karl-hugo-schmolz","tag-neue-sachlichkeit","tag-neues-sehen","tag-pressa","tag-werner-mantz","tag-wilhelm-riphahn"],"_links":{"self":[{"href":"https:\/\/www.damianzimmermann.de\/blog\/wp-json\/wp\/v2\/posts\/23899","targetHints":{"allow":["GET"]}}],"collection":[{"href":"https:\/\/www.damianzimmermann.de\/blog\/wp-json\/wp\/v2\/posts"}],"about":[{"href":"https:\/\/www.damianzimmermann.de\/blog\/wp-json\/wp\/v2\/types\/post"}],"author":[{"embeddable":true,"href":"https:\/\/www.damianzimmermann.de\/blog\/wp-json\/wp\/v2\/users\/1"}],"replies":[{"embeddable":true,"href":"https:\/\/www.damianzimmermann.de\/blog\/wp-json\/wp\/v2\/comments?post=23899"}],"version-history":[{"count":10,"href":"https:\/\/www.damianzimmermann.de\/blog\/wp-json\/wp\/v2\/posts\/23899\/revisions"}],"predecessor-version":[{"id":24047,"href":"https:\/\/www.damianzimmermann.de\/blog\/wp-json\/wp\/v2\/posts\/23899\/revisions\/24047"}],"wp:featuredmedia":[{"embeddable":true,"href":"https:\/\/www.damianzimmermann.de\/blog\/wp-json\/wp\/v2\/media\/23903"}],"wp:attachment":[{"href":"https:\/\/www.damianzimmermann.de\/blog\/wp-json\/wp\/v2\/media?parent=23899"}],"wp:term":[{"taxonomy":"category","embeddable":true,"href":"https:\/\/www.damianzimmermann.de\/blog\/wp-json\/wp\/v2\/categories?post=23899"},{"taxonomy":"post_tag","embeddable":true,"href":"https:\/\/www.damianzimmermann.de\/blog\/wp-json\/wp\/v2\/tags?post=23899"}],"curies":[{"name":"wp","href":"https:\/\/api.w.org\/{rel}","templated":true}]}}