{"id":23815,"date":"2022-10-29T00:12:38","date_gmt":"2022-10-28T22:12:38","guid":{"rendered":"http:\/\/www.damianzimmermann.de\/blog\/?p=23815"},"modified":"2022-10-29T00:14:46","modified_gmt":"2022-10-28T22:14:46","slug":"l-fritz-und-die-fotohochschulen-in-nrw","status":"publish","type":"post","link":"https:\/\/www.damianzimmermann.de\/blog\/l-fritz-und-die-fotohochschulen-in-nrw\/","title":{"rendered":"L. Fritz und die Fotohochschulen in NRW"},"content":{"rendered":"<p>Anl\u00e4sslich unseres dreit\u00e4gigen Veranstaltungsprogramms <a href=\"https:\/\/festival.photoszene.de\/\" target=\"_blank\" rel=\"noopener\">We Do\/Are Photography<\/a> haben wir von der <strong>Photoszene<\/strong> entschieden, die diesj\u00e4hrige Ausgabe unseres Magazins <strong>L. Fritz<\/strong> Nordrhein-Westfalen, seiner Fotografie-Geschichte und der hier ans\u00e4\u00dfigen vielf\u00e4ltigen Hochschullandschaft zu widmen.<\/p>\n<p>Neben zwei Artikeln, in denen <strong>Dana Bergmann<\/strong> und <strong>Daria Bona<\/strong> die Anf\u00e4nge der fotografischen Lehre in Deutschland und NRW aufzeigen und reflektieren, gibt es auch ein Interview mit dem Kuratoren und Publizisten <strong>Klaus Honnef<\/strong>, einen Erfahrungsbericht von <strong>Sophie-Charlotte Opitz<\/strong> \u00fcber ihre Zeit als <strong>Alfried Krupp von Bohlen und Halbach<\/strong>-Stipendiatin f\u00fcr den Bereich &#8222;Museumskurator*innen f\u00fcr Fotografie&#8220;, einen Bericht von <strong>Wolfgang Lorentz<\/strong> \u00fcber den Stand der Dinge in Sachen &#8222;Bundesinstitut f\u00fcr Fotografie&#8220; und eine Umfrage unter aktuellen und ehemaligen Fotografie-Studenten aus NRW.<\/p>\n<p>Dar\u00fcber hinaus zeigen wir spannende und interessante Portfolios von <strong>Eleonora Arnold<\/strong>, <strong>Jana Bauch<\/strong>, <strong>Johann Husser<\/strong>, <strong>Katharina Ley<\/strong>, <strong>Lea Franke<\/strong>, <strong>Matthias Langner<\/strong>, <strong>Max Dauven<\/strong>, <strong>Oxana Guryanova<\/strong> und <strong>Stina Hellmann<\/strong> &#8211; sie alle studieren aktuell an Fotografiehochschulen in NRW oder haben ihr Studium gerade beendet.<\/p>\n<p>Die neue Ausgabe von L. Fritz gibt es wie gewohnt kostenlos an zahlreichen Ausstellungsorten in K\u00f6ln und Deutschland. Ihr k\u00f6nnt euch das Heft aber auch f\u00fcr 6,90 Euro ganz bequem nach Hause liefern lassen. Schreibt uns dazu einfach eine Mail an <a href=\"mailto:info@photoszene.de\" target=\"_blank\" rel=\"noopener\">info@photoszene.de<\/a><\/p>\n<p><a href=\"https:\/\/www.damianzimmermann.de\/blog\/wp-content\/uploads\/L_FRITZ_8-900.jpg\"><img loading=\"lazy\" decoding=\"async\" class=\"alignleft size-full wp-image-23816\" src=\"https:\/\/www.damianzimmermann.de\/blog\/wp-content\/uploads\/L_FRITZ_8-900.jpg\" alt=\"\" width=\"647\" height=\"900\" srcset=\"https:\/\/www.damianzimmermann.de\/blog\/wp-content\/uploads\/L_FRITZ_8-900.jpg 647w, https:\/\/www.damianzimmermann.de\/blog\/wp-content\/uploads\/L_FRITZ_8-900-108x150.jpg 108w, https:\/\/www.damianzimmermann.de\/blog\/wp-content\/uploads\/L_FRITZ_8-900-210x292.jpg 210w\" sizes=\"auto, (max-width: 647px) 100vw, 647px\" \/><\/a><\/p>\n","protected":false},"excerpt":{"rendered":"<p>Anl\u00e4sslich unseres dreit\u00e4gigen Veranstaltungsprogramms We Do\/Are Photography haben wir von der Photoszene entschieden, die diesj\u00e4hrige Ausgabe unseres Magazins L. Fritz Nordrhein-Westfalen, seiner Fotografie-Geschichte und der hier ans\u00e4\u00dfigen vielf\u00e4ltigen&#8230;<\/p>\n","protected":false},"author":1,"featured_media":23816,"comment_status":"closed","ping_status":"closed","sticky":false,"template":"","format":"standard","meta":{"footnotes":""},"categories":[1161,1006,1162,1163,1209,1632],"tags":[2342,1876,2339,2340,2343,2338,191,2344,2345,2346,184,1585,2347,2348,2349,2350,2341,2351,1509],"class_list":["post-23815","post","type-post","status-publish","format-standard","has-post-thumbnail","hentry","category-bildung","category-festivalsmessen","category-fotozeitschriften","category-interviews","category-photoszene","category-umfrage","tag-alfried-krupp-von-bohlen-und-halbach","tag-bundesinstitut-fuer-fotografie","tag-dana-bergmann","tag-daria-bona","tag-eleonora-arnold","tag-hochschulen","tag-internationale-photoszene-koln","tag-jana-bauch","tag-johann-husser","tag-katharina-ley","tag-klaus-honnef","tag-l-fritz","tag-lea-franke","tag-matthias-langner","tag-max-dauven","tag-oxana-guryanova","tag-sophie-charlotte-opitz","tag-stina-hellmann","tag-wolfgang-lorentz"],"_links":{"self":[{"href":"https:\/\/www.damianzimmermann.de\/blog\/wp-json\/wp\/v2\/posts\/23815","targetHints":{"allow":["GET"]}}],"collection":[{"href":"https:\/\/www.damianzimmermann.de\/blog\/wp-json\/wp\/v2\/posts"}],"about":[{"href":"https:\/\/www.damianzimmermann.de\/blog\/wp-json\/wp\/v2\/types\/post"}],"author":[{"embeddable":true,"href":"https:\/\/www.damianzimmermann.de\/blog\/wp-json\/wp\/v2\/users\/1"}],"replies":[{"embeddable":true,"href":"https:\/\/www.damianzimmermann.de\/blog\/wp-json\/wp\/v2\/comments?post=23815"}],"version-history":[{"count":8,"href":"https:\/\/www.damianzimmermann.de\/blog\/wp-json\/wp\/v2\/posts\/23815\/revisions"}],"predecessor-version":[{"id":23824,"href":"https:\/\/www.damianzimmermann.de\/blog\/wp-json\/wp\/v2\/posts\/23815\/revisions\/23824"}],"wp:featuredmedia":[{"embeddable":true,"href":"https:\/\/www.damianzimmermann.de\/blog\/wp-json\/wp\/v2\/media\/23816"}],"wp:attachment":[{"href":"https:\/\/www.damianzimmermann.de\/blog\/wp-json\/wp\/v2\/media?parent=23815"}],"wp:term":[{"taxonomy":"category","embeddable":true,"href":"https:\/\/www.damianzimmermann.de\/blog\/wp-json\/wp\/v2\/categories?post=23815"},{"taxonomy":"post_tag","embeddable":true,"href":"https:\/\/www.damianzimmermann.de\/blog\/wp-json\/wp\/v2\/tags?post=23815"}],"curies":[{"name":"wp","href":"https:\/\/api.w.org\/{rel}","templated":true}]}}