{"id":23417,"date":"2022-06-11T08:29:21","date_gmt":"2022-06-11T06:29:21","guid":{"rendered":"http:\/\/www.damianzimmermann.de\/blog\/?p=23417"},"modified":"2022-06-13T11:37:28","modified_gmt":"2022-06-13T09:37:28","slug":"entdeckungen-auf-der-photoespana-2022","status":"publish","type":"post","link":"https:\/\/www.damianzimmermann.de\/blog\/entdeckungen-auf-der-photoespana-2022\/","title":{"rendered":"Entdeckungen auf der PHotoEspa\u00f1a 2022"},"content":{"rendered":"<p>Die <strong>PHotoEspa\u00f1a<\/strong> in Madrid ist das gr\u00f6\u00dfte und wichtigste Fotografiefestival Spaniens und findet in diesem Jahr zum 25. Mal statt. Auffallend an diesem Festival ist, dass sich nur wenige Ausstellungen mit zeitgen\u00f6ssischen Positionen und Themen besch\u00e4ftigen, wie man es \u00fcblicherweise von solchen Veranstaltungen kennt. Stattdessen legt die PHotoEspa\u00f1a den Fokus vor allem auf die Vergangenheit und auf die Sammlungen und Archive der zahlreichen beteiligten Institutionen.<\/p>\n<p>F\u00fcr mich als nicht-spanischer Besucher hat das einen gro\u00dfen Vorteil: Ich habe in den zweieinhalb Tagen viele gro\u00dfartige Neuentdeckungen gemacht, obwohl die gezeigten Fotografien meist aus den 1930er bis 1980er Jahren stammen. Zu den H\u00f6hepunkten des Festivals geh\u00f6ren sicherlich die wiederentdeckten Fotografien von <strong>Margaret Michaelis<\/strong> und <strong>Kati Horna<\/strong>, die f\u00fcr die Propagandaabteilung der Anarchisten w\u00e4hrend des <strong>Spanischen B\u00fcrgerkrieges<\/strong> gearbeitet haben. Aber auch die Fotos, die <strong>Germaine Krull<\/strong> w\u00e4hrend ihrer Flucht von Frankreich nach Martinique auf einem Frachtschiff gemacht hat, haben Seltenheitswert, und die Arbeiten der spanischen Fotografen <strong>Carlos P\u00e9rez Siquier<\/strong>, <strong>Javier Campana<\/strong>, <strong>Francesc Catal\u00e0-Roca<\/strong> und <strong>Paolo Gasparini<\/strong> haben mich ebenfalls sehr beeindruckt. Ein weiteres Highlight des Festivals ist \u00fcbrigens die Ausstellung &#8222;Public photography. The Sixties&#8220; im Kulturzentrum <strong>CentroCentro<\/strong>, die die 1960er Jahre nur anhand von Dutzenden Zeitschriften und Fotob\u00fcchern abbildet &#8211; ich habe selten eine so umfangreiche und eindrucksvolle Pr\u00e4sentation gesehen.<\/p>\n<p>F\u00fcr die taz konnte ich eine Besprechung meines PHotoEspa\u00f1a-Besuches schreiben, die sich nat\u00fcrlich auf einige wenige Ausstellungen konzentrieren muss. <a href=\"https:\/\/www.damianzimmermann.de\/blog\/wp-content\/uploads\/taz-PhotoEspana.pdf\" target=\"_blank\" rel=\"noopener\">Den Artikel gibt es hier als PDF.<\/a><\/p>\n<p>Link: <a href=\"https:\/\/www.phe.es\/en\/\" target=\"_blank\" rel=\"noopener\">PHotoEspa\u00f1a<\/a><\/p>\n\n\t\t<style type=\"text\/css\">\n\t\t\t#gallery-1 {\n\t\t\t\tmargin: auto;\n\t\t\t}\n\t\t\t#gallery-1 .gallery-item {\n\t\t\t\tfloat: left;\n\t\t\t\tmargin-top: 10px;\n\t\t\t\ttext-align: center;\n\t\t\t\twidth: 100%;\n\t\t\t}\n\t\t\t#gallery-1 img {\n\t\t\t\tborder: 2px solid #cfcfcf;\n\t\t\t}\n\t\t\t#gallery-1 .gallery-caption {\n\t\t\t\tmargin-left: 0;\n\t\t\t}\n\t\t\t\/* see gallery_shortcode() in wp-includes\/media.php *\/\n\t\t<\/style>\n\t\t<div id='gallery-1' class='gallery galleryid-23417 gallery-columns-1 gallery-size-large'><dl class='gallery-item'>\n\t\t\t<dt class='gallery-icon portrait'>\n\t\t\t\t<img loading=\"lazy\" decoding=\"async\" width=\"620\" height=\"636\" src=\"https:\/\/www.damianzimmermann.de\/blog\/wp-content\/uploads\/Frente-de-Aragon-1937-Kati-Horna.Archivo-Fotografico-de-las-Oficinas-de-Propaganda-Exterior-de-la-CNT-FAI-IISG-Amsterdam.jpg\" class=\"attachment-large size-large\" alt=\"\" aria-describedby=\"gallery-1-23423\" srcset=\"https:\/\/www.damianzimmermann.de\/blog\/wp-content\/uploads\/Frente-de-Aragon-1937-Kati-Horna.Archivo-Fotografico-de-las-Oficinas-de-Propaganda-Exterior-de-la-CNT-FAI-IISG-Amsterdam.jpg 877w, https:\/\/www.damianzimmermann.de\/blog\/wp-content\/uploads\/Frente-de-Aragon-1937-Kati-Horna.Archivo-Fotografico-de-las-Oficinas-de-Propaganda-Exterior-de-la-CNT-FAI-IISG-Amsterdam-390x400.jpg 390w, https:\/\/www.damianzimmermann.de\/blog\/wp-content\/uploads\/Frente-de-Aragon-1937-Kati-Horna.Archivo-Fotografico-de-las-Oficinas-de-Propaganda-Exterior-de-la-CNT-FAI-IISG-Amsterdam-146x150.jpg 146w, https:\/\/www.damianzimmermann.de\/blog\/wp-content\/uploads\/Frente-de-Aragon-1937-Kati-Horna.Archivo-Fotografico-de-las-Oficinas-de-Propaganda-Exterior-de-la-CNT-FAI-IISG-Amsterdam-768x788.jpg 768w, https:\/\/www.damianzimmermann.de\/blog\/wp-content\/uploads\/Frente-de-Aragon-1937-Kati-Horna.Archivo-Fotografico-de-las-Oficinas-de-Propaganda-Exterior-de-la-CNT-FAI-IISG-Amsterdam-210x216.jpg 210w\" sizes=\"auto, (max-width: 620px) 100vw, 620px\" \/>\n\t\t\t<\/dt>\n\t\t\t\t<dd class='wp-caption-text gallery-caption' id='gallery-1-23423'>\n\t\t\t\tAn der Front in Arag\u00f3n, 1937. Kati Horna Archivo Fotogr\u00e1fico de las Oficinas de Propaganda Exterior de la CNT-FAI, IISG Amsterdam\n\t\t\t\t<\/dd><\/dl><br style=\"clear: both\" \/><dl class='gallery-item'>\n\t\t\t<dt class='gallery-icon portrait'>\n\t\t\t\t<img loading=\"lazy\" decoding=\"async\" width=\"620\" height=\"622\" src=\"https:\/\/www.damianzimmermann.de\/blog\/wp-content\/uploads\/Frente-de-Aragon-1937-Kati-Horna-Archivo-Fotografico-de-las-Oficinas-de-Propaganda-Exterior-de-la-CNT-FAI-IISG-Amsterdam.jpg\" class=\"attachment-large size-large\" alt=\"\" aria-describedby=\"gallery-1-23424\" srcset=\"https:\/\/www.damianzimmermann.de\/blog\/wp-content\/uploads\/Frente-de-Aragon-1937-Kati-Horna-Archivo-Fotografico-de-las-Oficinas-de-Propaganda-Exterior-de-la-CNT-FAI-IISG-Amsterdam.jpg 897w, https:\/\/www.damianzimmermann.de\/blog\/wp-content\/uploads\/Frente-de-Aragon-1937-Kati-Horna-Archivo-Fotografico-de-las-Oficinas-de-Propaganda-Exterior-de-la-CNT-FAI-IISG-Amsterdam-400x400.jpg 400w, https:\/\/www.damianzimmermann.de\/blog\/wp-content\/uploads\/Frente-de-Aragon-1937-Kati-Horna-Archivo-Fotografico-de-las-Oficinas-de-Propaganda-Exterior-de-la-CNT-FAI-IISG-Amsterdam-150x150.jpg 150w, https:\/\/www.damianzimmermann.de\/blog\/wp-content\/uploads\/Frente-de-Aragon-1937-Kati-Horna-Archivo-Fotografico-de-las-Oficinas-de-Propaganda-Exterior-de-la-CNT-FAI-IISG-Amsterdam-768x771.jpg 768w, https:\/\/www.damianzimmermann.de\/blog\/wp-content\/uploads\/Frente-de-Aragon-1937-Kati-Horna-Archivo-Fotografico-de-las-Oficinas-de-Propaganda-Exterior-de-la-CNT-FAI-IISG-Amsterdam-210x211.jpg 210w\" sizes=\"auto, (max-width: 620px) 100vw, 620px\" \/>\n\t\t\t<\/dt>\n\t\t\t\t<dd class='wp-caption-text gallery-caption' id='gallery-1-23424'>\n\t\t\t\tAn der Front in Arag\u00f3n, 1937. Kati Horna Archivo Fotogr\u00e1fico de las Oficinas de Propaganda Exterior de la CNT-FAI, IISG Amsterdam\n\t\t\t\t<\/dd><\/dl><br style=\"clear: both\" \/><dl class='gallery-item'>\n\t\t\t<dt class='gallery-icon portrait'>\n\t\t\t\t<img loading=\"lazy\" decoding=\"async\" width=\"620\" height=\"636\" src=\"https:\/\/www.damianzimmermann.de\/blog\/wp-content\/uploads\/Iglesia-convertida-en-carpinteria-Binefar-Aragon-1937-Kati-Horna.Archivo-Fotografico-de-las-Oficinas-de-Propaganda-Exterior-de-la-CNT-FAI-IISG-Amsterdam.jpg\" class=\"attachment-large size-large\" alt=\"\" aria-describedby=\"gallery-1-23428\" srcset=\"https:\/\/www.damianzimmermann.de\/blog\/wp-content\/uploads\/Iglesia-convertida-en-carpinteria-Binefar-Aragon-1937-Kati-Horna.Archivo-Fotografico-de-las-Oficinas-de-Propaganda-Exterior-de-la-CNT-FAI-IISG-Amsterdam.jpg 877w, https:\/\/www.damianzimmermann.de\/blog\/wp-content\/uploads\/Iglesia-convertida-en-carpinteria-Binefar-Aragon-1937-Kati-Horna.Archivo-Fotografico-de-las-Oficinas-de-Propaganda-Exterior-de-la-CNT-FAI-IISG-Amsterdam-390x400.jpg 390w, https:\/\/www.damianzimmermann.de\/blog\/wp-content\/uploads\/Iglesia-convertida-en-carpinteria-Binefar-Aragon-1937-Kati-Horna.Archivo-Fotografico-de-las-Oficinas-de-Propaganda-Exterior-de-la-CNT-FAI-IISG-Amsterdam-146x150.jpg 146w, https:\/\/www.damianzimmermann.de\/blog\/wp-content\/uploads\/Iglesia-convertida-en-carpinteria-Binefar-Aragon-1937-Kati-Horna.Archivo-Fotografico-de-las-Oficinas-de-Propaganda-Exterior-de-la-CNT-FAI-IISG-Amsterdam-768x788.jpg 768w, https:\/\/www.damianzimmermann.de\/blog\/wp-content\/uploads\/Iglesia-convertida-en-carpinteria-Binefar-Aragon-1937-Kati-Horna.Archivo-Fotografico-de-las-Oficinas-de-Propaganda-Exterior-de-la-CNT-FAI-IISG-Amsterdam-210x216.jpg 210w\" sizes=\"auto, (max-width: 620px) 100vw, 620px\" \/>\n\t\t\t<\/dt>\n\t\t\t\t<dd class='wp-caption-text gallery-caption' id='gallery-1-23428'>\n\t\t\t\tEine in eine Schreinerei umgewandelte Kirche. Binefar, Arag\u00f3n, 1937. Kati Horna Archivo Fotogr\u00e1fico de las Oficinas de Propaganda Exterior de la CNT-FAI, IISG Amsterdam\n\t\t\t\t<\/dd><\/dl><br style=\"clear: both\" \/><dl class='gallery-item'>\n\t\t\t<dt class='gallery-icon landscape'>\n\t\t\t\t<img loading=\"lazy\" decoding=\"async\" width=\"620\" height=\"465\" src=\"https:\/\/www.damianzimmermann.de\/blog\/wp-content\/uploads\/Kati-Horna-three-boys-play-in-a-palace-that-had-been-converted-into-a-school-in-1937.jpg\" class=\"attachment-large size-large\" alt=\"\" aria-describedby=\"gallery-1-23429\" srcset=\"https:\/\/www.damianzimmermann.de\/blog\/wp-content\/uploads\/Kati-Horna-three-boys-play-in-a-palace-that-had-been-converted-into-a-school-in-1937.jpg 900w, https:\/\/www.damianzimmermann.de\/blog\/wp-content\/uploads\/Kati-Horna-three-boys-play-in-a-palace-that-had-been-converted-into-a-school-in-1937-400x300.jpg 400w, https:\/\/www.damianzimmermann.de\/blog\/wp-content\/uploads\/Kati-Horna-three-boys-play-in-a-palace-that-had-been-converted-into-a-school-in-1937-200x150.jpg 200w, https:\/\/www.damianzimmermann.de\/blog\/wp-content\/uploads\/Kati-Horna-three-boys-play-in-a-palace-that-had-been-converted-into-a-school-in-1937-768x576.jpg 768w, https:\/\/www.damianzimmermann.de\/blog\/wp-content\/uploads\/Kati-Horna-three-boys-play-in-a-palace-that-had-been-converted-into-a-school-in-1937-210x158.jpg 210w\" sizes=\"auto, (max-width: 620px) 100vw, 620px\" \/>\n\t\t\t<\/dt>\n\t\t\t\t<dd class='wp-caption-text gallery-caption' id='gallery-1-23429'>\n\t\t\t\tDrei Jungs spielen in einem zur Schule umgenutzten Palast, 1937. Kati Horna Archivo Fotogr\u00e1fico de las Oficinas de Propaganda Exterior de la CNT-FAI, IISG Amsterdam\n\n\n\t\t\t\t<\/dd><\/dl><br style=\"clear: both\" \/><dl class='gallery-item'>\n\t\t\t<dt class='gallery-icon portrait'>\n\t\t\t\t<img loading=\"lazy\" decoding=\"async\" width=\"620\" height=\"783\" src=\"https:\/\/www.damianzimmermann.de\/blog\/wp-content\/uploads\/Tina-Modotti-69.jpg\" class=\"attachment-large size-large\" alt=\"\" aria-describedby=\"gallery-1-23433\" srcset=\"https:\/\/www.damianzimmermann.de\/blog\/wp-content\/uploads\/Tina-Modotti-69.jpg 713w, https:\/\/www.damianzimmermann.de\/blog\/wp-content\/uploads\/Tina-Modotti-69-317x400.jpg 317w, https:\/\/www.damianzimmermann.de\/blog\/wp-content\/uploads\/Tina-Modotti-69-119x150.jpg 119w, https:\/\/www.damianzimmermann.de\/blog\/wp-content\/uploads\/Tina-Modotti-69-210x265.jpg 210w\" sizes=\"auto, (max-width: 620px) 100vw, 620px\" \/>\n\t\t\t<\/dt>\n\t\t\t\t<dd class='wp-caption-text gallery-caption' id='gallery-1-23433'>\n\t\t\t\tTina Modotti: &#8222;Frau mit einer Fahne&#8220;, ca. 1928, Mexiko-Stadt \u00a9 Tina Modotti. Courtesy: Galerie Bilderwelt, Reinhard Schultz.\n\t\t\t\t<\/dd><\/dl><br style=\"clear: both\" \/><dl class='gallery-item'>\n\t\t\t<dt class='gallery-icon landscape'>\n\t\t\t\t<img loading=\"lazy\" decoding=\"async\" width=\"620\" height=\"541\" src=\"https:\/\/www.damianzimmermann.de\/blog\/wp-content\/uploads\/Tina-Modotti-65.jpg\" class=\"attachment-large size-large\" alt=\"\" aria-describedby=\"gallery-1-23432\" srcset=\"https:\/\/www.damianzimmermann.de\/blog\/wp-content\/uploads\/Tina-Modotti-65.jpg 900w, https:\/\/www.damianzimmermann.de\/blog\/wp-content\/uploads\/Tina-Modotti-65-400x349.jpg 400w, https:\/\/www.damianzimmermann.de\/blog\/wp-content\/uploads\/Tina-Modotti-65-172x150.jpg 172w, https:\/\/www.damianzimmermann.de\/blog\/wp-content\/uploads\/Tina-Modotti-65-768x670.jpg 768w, https:\/\/www.damianzimmermann.de\/blog\/wp-content\/uploads\/Tina-Modotti-65-210x183.jpg 210w\" sizes=\"auto, (max-width: 620px) 100vw, 620px\" \/>\n\t\t\t<\/dt>\n\t\t\t\t<dd class='wp-caption-text gallery-caption' id='gallery-1-23432'>\n\t\t\t\tTina Modotti: &#8222;Hut, Hammer und Sichel&#8220;, 1927, Mexiko \u00a9 Tina Modotti. Courtesy: Galerie Bilderwelt, Reinhard Schultz.\n\t\t\t\t<\/dd><\/dl><br style=\"clear: both\" \/><dl class='gallery-item'>\n\t\t\t<dt class='gallery-icon landscape'>\n\t\t\t\t<img loading=\"lazy\" decoding=\"async\" width=\"620\" height=\"620\" src=\"https:\/\/www.damianzimmermann.de\/blog\/wp-content\/uploads\/Perez-Siquier-5.jpg\" class=\"attachment-large size-large\" alt=\"\" aria-describedby=\"gallery-1-23431\" srcset=\"https:\/\/www.damianzimmermann.de\/blog\/wp-content\/uploads\/Perez-Siquier-5.jpg 900w, https:\/\/www.damianzimmermann.de\/blog\/wp-content\/uploads\/Perez-Siquier-5-400x400.jpg 400w, https:\/\/www.damianzimmermann.de\/blog\/wp-content\/uploads\/Perez-Siquier-5-150x150.jpg 150w, https:\/\/www.damianzimmermann.de\/blog\/wp-content\/uploads\/Perez-Siquier-5-768x768.jpg 768w, https:\/\/www.damianzimmermann.de\/blog\/wp-content\/uploads\/Perez-Siquier-5-210x210.jpg 210w\" sizes=\"auto, (max-width: 620px) 100vw, 620px\" \/>\n\t\t\t<\/dt>\n\t\t\t\t<dd class='wp-caption-text gallery-caption' id='gallery-1-23431'>\n\t\t\t\tCarlos P\u00e9rez Siquier: &#8222;Roquetas de Mar, 1975&#8220; \u00a9 Carlos P\u00e9rez Siquier, VEGAP, Madrid, 2022\n\t\t\t\t<\/dd><\/dl><br style=\"clear: both\" \/><dl class='gallery-item'>\n\t\t\t<dt class='gallery-icon landscape'>\n\t\t\t\t<img loading=\"lazy\" decoding=\"async\" width=\"620\" height=\"620\" src=\"https:\/\/www.damianzimmermann.de\/blog\/wp-content\/uploads\/Perez-Siquier-4.jpg\" class=\"attachment-large size-large\" alt=\"\" aria-describedby=\"gallery-1-23430\" srcset=\"https:\/\/www.damianzimmermann.de\/blog\/wp-content\/uploads\/Perez-Siquier-4.jpg 900w, https:\/\/www.damianzimmermann.de\/blog\/wp-content\/uploads\/Perez-Siquier-4-400x400.jpg 400w, https:\/\/www.damianzimmermann.de\/blog\/wp-content\/uploads\/Perez-Siquier-4-150x150.jpg 150w, https:\/\/www.damianzimmermann.de\/blog\/wp-content\/uploads\/Perez-Siquier-4-768x768.jpg 768w, https:\/\/www.damianzimmermann.de\/blog\/wp-content\/uploads\/Perez-Siquier-4-210x210.jpg 210w\" sizes=\"auto, (max-width: 620px) 100vw, 620px\" \/>\n\t\t\t<\/dt>\n\t\t\t\t<dd class='wp-caption-text gallery-caption' id='gallery-1-23430'>\n\t\t\t\tCarlos P\u00e9rez Siquier: &#8222;Marbella, 1974&#8220; \u00a9 Carlos P\u00e9rez Siquier, VEGAP, Madrid, 2022\n\t\t\t\t<\/dd><\/dl><br style=\"clear: both\" \/><dl class='gallery-item'>\n\t\t\t<dt class='gallery-icon landscape'>\n\t\t\t\t<img loading=\"lazy\" decoding=\"async\" width=\"620\" height=\"417\" src=\"https:\/\/www.damianzimmermann.de\/blog\/wp-content\/uploads\/Germaine-Krull-9.jpg\" class=\"attachment-large size-large\" alt=\"\" aria-describedby=\"gallery-1-23426\" srcset=\"https:\/\/www.damianzimmermann.de\/blog\/wp-content\/uploads\/Germaine-Krull-9.jpg 900w, https:\/\/www.damianzimmermann.de\/blog\/wp-content\/uploads\/Germaine-Krull-9-400x269.jpg 400w, https:\/\/www.damianzimmermann.de\/blog\/wp-content\/uploads\/Germaine-Krull-9-200x134.jpg 200w, https:\/\/www.damianzimmermann.de\/blog\/wp-content\/uploads\/Germaine-Krull-9-768x516.jpg 768w, https:\/\/www.damianzimmermann.de\/blog\/wp-content\/uploads\/Germaine-Krull-9-210x141.jpg 210w\" sizes=\"auto, (max-width: 620px) 100vw, 620px\" \/>\n\t\t\t<\/dt>\n\t\t\t\t<dd class='wp-caption-text gallery-caption' id='gallery-1-23426'>\n\t\t\t\tAufnahme von Germaine Krull, aus dem pers\u00f6nlichen Archiv von Olivier und Michka Assayas. \n\t\t\t\t<\/dd><\/dl><br style=\"clear: both\" \/><dl class='gallery-item'>\n\t\t\t<dt class='gallery-icon landscape'>\n\t\t\t\t<img loading=\"lazy\" decoding=\"async\" width=\"620\" height=\"416\" src=\"https:\/\/www.damianzimmermann.de\/blog\/wp-content\/uploads\/Germaine-Krull-11.jpg\" class=\"attachment-large size-large\" alt=\"\" aria-describedby=\"gallery-1-23427\" srcset=\"https:\/\/www.damianzimmermann.de\/blog\/wp-content\/uploads\/Germaine-Krull-11.jpg 900w, https:\/\/www.damianzimmermann.de\/blog\/wp-content\/uploads\/Germaine-Krull-11-400x268.jpg 400w, https:\/\/www.damianzimmermann.de\/blog\/wp-content\/uploads\/Germaine-Krull-11-200x134.jpg 200w, https:\/\/www.damianzimmermann.de\/blog\/wp-content\/uploads\/Germaine-Krull-11-768x515.jpg 768w, https:\/\/www.damianzimmermann.de\/blog\/wp-content\/uploads\/Germaine-Krull-11-210x141.jpg 210w\" sizes=\"auto, (max-width: 620px) 100vw, 620px\" \/>\n\t\t\t<\/dt>\n\t\t\t\t<dd class='wp-caption-text gallery-caption' id='gallery-1-23427'>\n\t\t\t\tGermaine Krull: Gruppenbild an Bord der Saint Domingue oder Correio Brasileiro auf dem Weg nach Rio de Janeiro. \nGermaine Krull sitzt auf der Armlehne des Sessels. Hinter ihr Jacques R\u00e9my und andere Fahrg\u00e4ste. \nandere Passagiere. \nAus dem pers\u00f6nlichen Archiv von Olivier und Michka Assayas. \n\t\t\t\t<\/dd><\/dl><br style=\"clear: both\" \/><dl class='gallery-item'>\n\t\t\t<dt class='gallery-icon landscape'>\n\t\t\t\t<img loading=\"lazy\" decoding=\"async\" width=\"620\" height=\"419\" src=\"https:\/\/www.damianzimmermann.de\/blog\/wp-content\/uploads\/Germaine-Krull-6.jpg\" class=\"attachment-large size-large\" alt=\"\" aria-describedby=\"gallery-1-23425\" srcset=\"https:\/\/www.damianzimmermann.de\/blog\/wp-content\/uploads\/Germaine-Krull-6.jpg 900w, https:\/\/www.damianzimmermann.de\/blog\/wp-content\/uploads\/Germaine-Krull-6-400x270.jpg 400w, https:\/\/www.damianzimmermann.de\/blog\/wp-content\/uploads\/Germaine-Krull-6-200x135.jpg 200w, https:\/\/www.damianzimmermann.de\/blog\/wp-content\/uploads\/Germaine-Krull-6-768x519.jpg 768w, https:\/\/www.damianzimmermann.de\/blog\/wp-content\/uploads\/Germaine-Krull-6-210x142.jpg 210w\" sizes=\"auto, (max-width: 620px) 100vw, 620px\" \/>\n\t\t\t<\/dt>\n\t\t\t\t<dd class='wp-caption-text gallery-caption' id='gallery-1-23425'>\n\t\t\t\tGermaine Krull: \u00c4quatortaufe anl\u00e4sslich der \u00dcberquerung des \u00c4quators. Aus dem pers\u00f6nlichen Archiv von Olivier und Michka Assayas. \n\t\t\t\t<\/dd><\/dl><br style=\"clear: both\" \/>\n\t\t<\/div>\n\n<p>&nbsp;<\/p>\n","protected":false},"excerpt":{"rendered":"<p>Die PHotoEspa\u00f1a in Madrid ist das gr\u00f6\u00dfte und wichtigste Fotografiefestival Spaniens und findet in diesem Jahr zum 25. Mal statt. Auffallend an diesem Festival ist, dass sich nur&#8230;<\/p>\n","protected":false},"author":1,"featured_media":23423,"comment_status":"closed","ping_status":"closed","sticky":false,"template":"","format":"standard","meta":{"footnotes":""},"categories":[6,1006,7],"tags":[2261,2265,2263,1438,2262,2259,2264,28,2260],"class_list":["post-23417","post","type-post","status-publish","format-standard","has-post-thumbnail","hentry","category-ausstellungen","category-festivalsmessen","category-fotobuecher","tag-carlos-perez-siquier","tag-centrocentro","tag-francesc-catala-roca","tag-germaine-krull","tag-javier-campana","tag-margaret-michaelis-und-kati-horna","tag-paolo-gasparini","tag-photoespana","tag-spanischer-buergerkrieg"],"_links":{"self":[{"href":"https:\/\/www.damianzimmermann.de\/blog\/wp-json\/wp\/v2\/posts\/23417","targetHints":{"allow":["GET"]}}],"collection":[{"href":"https:\/\/www.damianzimmermann.de\/blog\/wp-json\/wp\/v2\/posts"}],"about":[{"href":"https:\/\/www.damianzimmermann.de\/blog\/wp-json\/wp\/v2\/types\/post"}],"author":[{"embeddable":true,"href":"https:\/\/www.damianzimmermann.de\/blog\/wp-json\/wp\/v2\/users\/1"}],"replies":[{"embeddable":true,"href":"https:\/\/www.damianzimmermann.de\/blog\/wp-json\/wp\/v2\/comments?post=23417"}],"version-history":[{"count":13,"href":"https:\/\/www.damianzimmermann.de\/blog\/wp-json\/wp\/v2\/posts\/23417\/revisions"}],"predecessor-version":[{"id":23445,"href":"https:\/\/www.damianzimmermann.de\/blog\/wp-json\/wp\/v2\/posts\/23417\/revisions\/23445"}],"wp:featuredmedia":[{"embeddable":true,"href":"https:\/\/www.damianzimmermann.de\/blog\/wp-json\/wp\/v2\/media\/23423"}],"wp:attachment":[{"href":"https:\/\/www.damianzimmermann.de\/blog\/wp-json\/wp\/v2\/media?parent=23417"}],"wp:term":[{"taxonomy":"category","embeddable":true,"href":"https:\/\/www.damianzimmermann.de\/blog\/wp-json\/wp\/v2\/categories?post=23417"},{"taxonomy":"post_tag","embeddable":true,"href":"https:\/\/www.damianzimmermann.de\/blog\/wp-json\/wp\/v2\/tags?post=23417"}],"curies":[{"name":"wp","href":"https:\/\/api.w.org\/{rel}","templated":true}]}}