{"id":23338,"date":"2022-05-04T12:10:03","date_gmt":"2022-05-04T10:10:03","guid":{"rendered":"http:\/\/www.damianzimmermann.de\/blog\/?p=23338"},"modified":"2022-05-04T12:13:25","modified_gmt":"2022-05-04T10:13:25","slug":"der-drohnenfotograf-fran-arnau-auf-la-palma","status":"publish","type":"post","link":"https:\/\/www.damianzimmermann.de\/blog\/der-drohnenfotograf-fran-arnau-auf-la-palma\/","title":{"rendered":"Der Drohnenfotograf Fran Arnau auf La Palma"},"content":{"rendered":"<p>Beinahe w\u00e4re ich im vergangenen Herbst selbst nach <strong>La Palma<\/strong> auf die Kanaren gereist, um dort zwei Wochen Urlaub zu machen. Doch dann brach der <strong>Vulkan<\/strong> auf der Cumbre Vieja aus und der Flug wurde annulliert. Ich bin dann auf die Nachbarinsel Teneriffa geflogen und aus dem Flugzeugfenster konnte man in der Ferne die Asche- und Rauchwolke in den Himmel steigen sehen.<\/p>\n<p>Ganz anders <strong>Fran Arnau<\/strong>. Der Spanier ist leidenschaftlicher Drohnenpilot und hat sich gerade deshalb drei Wochen nach Beginn des Ausbruchs auf den Weg auf die Isla Bonita gemacht. F\u00fcr den News Hub der <strong>Photopia<\/strong> habe ich mit Arnau \u00fcber seine Erfahrungen mit geschmolzenen Fotosensoren, verdreckten Gimbals, das Fliegen in 700 Meter H\u00f6he und das einmalige Gef\u00fchl, direkt an einem Vulkan zu stehen, hin und her gemailt und daraus einen kleinen, aber sehr spannenden Artikel geschrieben, den ihr <a href=\"https:\/\/www.photopia-hamburg.com\/news-details-1\/article\/vulkanausbruch-auf-der-isla-bonita-bestialisch-schoene-bilder\" target=\"_blank\" rel=\"noopener\">hier<\/a> findet!<\/p>\n<p>Links: <a href=\"https:\/\/www.instagram.com\/franarnaudrone\/\" target=\"_blank\" rel=\"noopener\">Fran Arnau<\/a><\/p>\n<p><iframe loading=\"lazy\" title=\"YouTube video player\" src=\"https:\/\/www.youtube.com\/embed\/lfyGll5wWmA\" width=\"720\" height=\"450\" frameborder=\"0\" allowfullscreen=\"allowfullscreen\"><\/iframe><\/p>\n\n\t\t<style type=\"text\/css\">\n\t\t\t#gallery-1 {\n\t\t\t\tmargin: auto;\n\t\t\t}\n\t\t\t#gallery-1 .gallery-item {\n\t\t\t\tfloat: left;\n\t\t\t\tmargin-top: 10px;\n\t\t\t\ttext-align: center;\n\t\t\t\twidth: 100%;\n\t\t\t}\n\t\t\t#gallery-1 img {\n\t\t\t\tborder: 2px solid #cfcfcf;\n\t\t\t}\n\t\t\t#gallery-1 .gallery-caption {\n\t\t\t\tmargin-left: 0;\n\t\t\t}\n\t\t\t\/* see gallery_shortcode() in wp-includes\/media.php *\/\n\t\t<\/style>\n\t\t<div id='gallery-1' class='gallery galleryid-23338 gallery-columns-1 gallery-size-large'><dl class='gallery-item'>\n\t\t\t<dt class='gallery-icon landscape'>\n\t\t\t\t<img loading=\"lazy\" decoding=\"async\" width=\"620\" height=\"413\" src=\"https:\/\/www.damianzimmermann.de\/blog\/wp-content\/uploads\/\u00a9FranArnau-DJI_0608.jpg\" class=\"attachment-large size-large\" alt=\"\" aria-describedby=\"gallery-1-23351\" srcset=\"https:\/\/www.damianzimmermann.de\/blog\/wp-content\/uploads\/\u00a9FranArnau-DJI_0608.jpg 900w, https:\/\/www.damianzimmermann.de\/blog\/wp-content\/uploads\/\u00a9FranArnau-DJI_0608-400x267.jpg 400w, https:\/\/www.damianzimmermann.de\/blog\/wp-content\/uploads\/\u00a9FranArnau-DJI_0608-200x133.jpg 200w, https:\/\/www.damianzimmermann.de\/blog\/wp-content\/uploads\/\u00a9FranArnau-DJI_0608-768x512.jpg 768w, https:\/\/www.damianzimmermann.de\/blog\/wp-content\/uploads\/\u00a9FranArnau-DJI_0608-210x140.jpg 210w\" sizes=\"auto, (max-width: 620px) 100vw, 620px\" \/>\n\t\t\t<\/dt>\n\t\t\t\t<dd class='wp-caption-text gallery-caption' id='gallery-1-23351'>\n\t\t\t\t\u00a9 Fran Arnau  \n\t\t\t\t<\/dd><\/dl><br style=\"clear: both\" \/><dl class='gallery-item'>\n\t\t\t<dt class='gallery-icon landscape'>\n\t\t\t\t<img loading=\"lazy\" decoding=\"async\" width=\"620\" height=\"464\" src=\"https:\/\/www.damianzimmermann.de\/blog\/wp-content\/uploads\/\u00a9FranArnau-DJI_0090.jpg\" class=\"attachment-large size-large\" alt=\"\" aria-describedby=\"gallery-1-23354\" srcset=\"https:\/\/www.damianzimmermann.de\/blog\/wp-content\/uploads\/\u00a9FranArnau-DJI_0090.jpg 900w, https:\/\/www.damianzimmermann.de\/blog\/wp-content\/uploads\/\u00a9FranArnau-DJI_0090-400x300.jpg 400w, https:\/\/www.damianzimmermann.de\/blog\/wp-content\/uploads\/\u00a9FranArnau-DJI_0090-200x150.jpg 200w, https:\/\/www.damianzimmermann.de\/blog\/wp-content\/uploads\/\u00a9FranArnau-DJI_0090-768x575.jpg 768w, https:\/\/www.damianzimmermann.de\/blog\/wp-content\/uploads\/\u00a9FranArnau-DJI_0090-210x157.jpg 210w\" sizes=\"auto, (max-width: 620px) 100vw, 620px\" \/>\n\t\t\t<\/dt>\n\t\t\t\t<dd class='wp-caption-text gallery-caption' id='gallery-1-23354'>\n\t\t\t\t\u00a9 Fran Arnau  \n\t\t\t\t<\/dd><\/dl><br style=\"clear: both\" \/><dl class='gallery-item'>\n\t\t\t<dt class='gallery-icon landscape'>\n\t\t\t\t<img loading=\"lazy\" decoding=\"async\" width=\"620\" height=\"464\" src=\"https:\/\/www.damianzimmermann.de\/blog\/wp-content\/uploads\/\u00a9FranArnau-DJI_0002.jpg\" class=\"attachment-large size-large\" alt=\"\" aria-describedby=\"gallery-1-23353\" srcset=\"https:\/\/www.damianzimmermann.de\/blog\/wp-content\/uploads\/\u00a9FranArnau-DJI_0002.jpg 900w, https:\/\/www.damianzimmermann.de\/blog\/wp-content\/uploads\/\u00a9FranArnau-DJI_0002-400x300.jpg 400w, https:\/\/www.damianzimmermann.de\/blog\/wp-content\/uploads\/\u00a9FranArnau-DJI_0002-200x150.jpg 200w, https:\/\/www.damianzimmermann.de\/blog\/wp-content\/uploads\/\u00a9FranArnau-DJI_0002-768x575.jpg 768w, https:\/\/www.damianzimmermann.de\/blog\/wp-content\/uploads\/\u00a9FranArnau-DJI_0002-210x157.jpg 210w\" sizes=\"auto, (max-width: 620px) 100vw, 620px\" \/>\n\t\t\t<\/dt>\n\t\t\t\t<dd class='wp-caption-text gallery-caption' id='gallery-1-23353'>\n\t\t\t\t\u00a9 Fran Arnau  \n\t\t\t\t<\/dd><\/dl><br style=\"clear: both\" \/><dl class='gallery-item'>\n\t\t\t<dt class='gallery-icon landscape'>\n\t\t\t\t<img loading=\"lazy\" decoding=\"async\" width=\"620\" height=\"464\" src=\"https:\/\/www.damianzimmermann.de\/blog\/wp-content\/uploads\/\u00a9FranArnau-DJI_0308.jpg\" class=\"attachment-large size-large\" alt=\"\" aria-describedby=\"gallery-1-23350\" srcset=\"https:\/\/www.damianzimmermann.de\/blog\/wp-content\/uploads\/\u00a9FranArnau-DJI_0308.jpg 900w, https:\/\/www.damianzimmermann.de\/blog\/wp-content\/uploads\/\u00a9FranArnau-DJI_0308-400x300.jpg 400w, https:\/\/www.damianzimmermann.de\/blog\/wp-content\/uploads\/\u00a9FranArnau-DJI_0308-200x150.jpg 200w, https:\/\/www.damianzimmermann.de\/blog\/wp-content\/uploads\/\u00a9FranArnau-DJI_0308-768x575.jpg 768w, https:\/\/www.damianzimmermann.de\/blog\/wp-content\/uploads\/\u00a9FranArnau-DJI_0308-210x157.jpg 210w\" sizes=\"auto, (max-width: 620px) 100vw, 620px\" \/>\n\t\t\t<\/dt>\n\t\t\t\t<dd class='wp-caption-text gallery-caption' id='gallery-1-23350'>\n\t\t\t\t\u00a9 Fran Arnau  \n\t\t\t\t<\/dd><\/dl><br style=\"clear: both\" \/><dl class='gallery-item'>\n\t\t\t<dt class='gallery-icon landscape'>\n\t\t\t\t<img loading=\"lazy\" decoding=\"async\" width=\"620\" height=\"413\" src=\"https:\/\/www.damianzimmermann.de\/blog\/wp-content\/uploads\/\u00a9FranArnau-DJI_0888.jpg\" class=\"attachment-large size-large\" alt=\"\" aria-describedby=\"gallery-1-23352\" srcset=\"https:\/\/www.damianzimmermann.de\/blog\/wp-content\/uploads\/\u00a9FranArnau-DJI_0888.jpg 900w, https:\/\/www.damianzimmermann.de\/blog\/wp-content\/uploads\/\u00a9FranArnau-DJI_0888-400x267.jpg 400w, https:\/\/www.damianzimmermann.de\/blog\/wp-content\/uploads\/\u00a9FranArnau-DJI_0888-200x133.jpg 200w, https:\/\/www.damianzimmermann.de\/blog\/wp-content\/uploads\/\u00a9FranArnau-DJI_0888-768x512.jpg 768w, https:\/\/www.damianzimmermann.de\/blog\/wp-content\/uploads\/\u00a9FranArnau-DJI_0888-210x140.jpg 210w\" sizes=\"auto, (max-width: 620px) 100vw, 620px\" \/>\n\t\t\t<\/dt>\n\t\t\t\t<dd class='wp-caption-text gallery-caption' id='gallery-1-23352'>\n\t\t\t\t\u00a9 Fran Arnau  \n\t\t\t\t<\/dd><\/dl><br style=\"clear: both\" \/><dl class='gallery-item'>\n\t\t\t<dt class='gallery-icon landscape'>\n\t\t\t\t<img loading=\"lazy\" decoding=\"async\" width=\"620\" height=\"464\" src=\"https:\/\/www.damianzimmermann.de\/blog\/wp-content\/uploads\/\u00a9FranArnau-DJI_0283.jpg\" class=\"attachment-large size-large\" alt=\"\" aria-describedby=\"gallery-1-23355\" srcset=\"https:\/\/www.damianzimmermann.de\/blog\/wp-content\/uploads\/\u00a9FranArnau-DJI_0283.jpg 900w, https:\/\/www.damianzimmermann.de\/blog\/wp-content\/uploads\/\u00a9FranArnau-DJI_0283-400x300.jpg 400w, https:\/\/www.damianzimmermann.de\/blog\/wp-content\/uploads\/\u00a9FranArnau-DJI_0283-200x150.jpg 200w, https:\/\/www.damianzimmermann.de\/blog\/wp-content\/uploads\/\u00a9FranArnau-DJI_0283-768x575.jpg 768w, https:\/\/www.damianzimmermann.de\/blog\/wp-content\/uploads\/\u00a9FranArnau-DJI_0283-210x157.jpg 210w\" sizes=\"auto, (max-width: 620px) 100vw, 620px\" \/>\n\t\t\t<\/dt>\n\t\t\t\t<dd class='wp-caption-text gallery-caption' id='gallery-1-23355'>\n\t\t\t\t\u00a9 Fran Arnau  \n\t\t\t\t<\/dd><\/dl><br style=\"clear: both\" \/><dl class='gallery-item'>\n\t\t\t<dt class='gallery-icon landscape'>\n\t\t\t\t<img loading=\"lazy\" decoding=\"async\" width=\"620\" height=\"441\" src=\"https:\/\/www.damianzimmermann.de\/blog\/wp-content\/uploads\/Fran-Arnau-drone-La-Palma.jpg\" class=\"attachment-large size-large\" alt=\"\" aria-describedby=\"gallery-1-23356\" srcset=\"https:\/\/www.damianzimmermann.de\/blog\/wp-content\/uploads\/Fran-Arnau-drone-La-Palma.jpg 900w, https:\/\/www.damianzimmermann.de\/blog\/wp-content\/uploads\/Fran-Arnau-drone-La-Palma-400x284.jpg 400w, https:\/\/www.damianzimmermann.de\/blog\/wp-content\/uploads\/Fran-Arnau-drone-La-Palma-200x142.jpg 200w, https:\/\/www.damianzimmermann.de\/blog\/wp-content\/uploads\/Fran-Arnau-drone-La-Palma-768x546.jpg 768w, https:\/\/www.damianzimmermann.de\/blog\/wp-content\/uploads\/Fran-Arnau-drone-La-Palma-210x149.jpg 210w\" sizes=\"auto, (max-width: 620px) 100vw, 620px\" \/>\n\t\t\t<\/dt>\n\t\t\t\t<dd class='wp-caption-text gallery-caption' id='gallery-1-23356'>\n\t\t\t\tFran Arnau mit einer seiner Drohnen \u00a9 Pol Camarero Just\n\t\t\t\t<\/dd><\/dl><br style=\"clear: both\" \/><dl class='gallery-item'>\n\t\t\t<dt class='gallery-icon landscape'>\n\t\t\t\t<img loading=\"lazy\" decoding=\"async\" width=\"620\" height=\"347\" src=\"https:\/\/www.damianzimmermann.de\/blog\/wp-content\/uploads\/Fran-Arnau-drone-La-Palma3.jpg\" class=\"attachment-large size-large\" alt=\"\" aria-describedby=\"gallery-1-23357\" srcset=\"https:\/\/www.damianzimmermann.de\/blog\/wp-content\/uploads\/Fran-Arnau-drone-La-Palma3.jpg 900w, https:\/\/www.damianzimmermann.de\/blog\/wp-content\/uploads\/Fran-Arnau-drone-La-Palma3-400x224.jpg 400w, https:\/\/www.damianzimmermann.de\/blog\/wp-content\/uploads\/Fran-Arnau-drone-La-Palma3-200x112.jpg 200w, https:\/\/www.damianzimmermann.de\/blog\/wp-content\/uploads\/Fran-Arnau-drone-La-Palma3-768x429.jpg 768w, https:\/\/www.damianzimmermann.de\/blog\/wp-content\/uploads\/Fran-Arnau-drone-La-Palma3-210x117.jpg 210w\" sizes=\"auto, (max-width: 620px) 100vw, 620px\" \/>\n\t\t\t<\/dt>\n\t\t\t\t<dd class='wp-caption-text gallery-caption' id='gallery-1-23357'>\n\t\t\t\tFran Arnau sitzt mitten in der von Asche und Lava bedeckten Landschaft und steuert seine Drohne \u00a9 Pol Camarero Just\n\t\t\t\t<\/dd><\/dl><br style=\"clear: both\" \/><dl class='gallery-item'>\n\t\t\t<dt class='gallery-icon landscape'>\n\t\t\t\t<img loading=\"lazy\" decoding=\"async\" width=\"620\" height=\"465\" src=\"https:\/\/www.damianzimmermann.de\/blog\/wp-content\/uploads\/Fran-Arnau-Foto.jpg\" class=\"attachment-large size-large\" alt=\"\" aria-describedby=\"gallery-1-23358\" srcset=\"https:\/\/www.damianzimmermann.de\/blog\/wp-content\/uploads\/Fran-Arnau-Foto.jpg 900w, https:\/\/www.damianzimmermann.de\/blog\/wp-content\/uploads\/Fran-Arnau-Foto-400x300.jpg 400w, https:\/\/www.damianzimmermann.de\/blog\/wp-content\/uploads\/Fran-Arnau-Foto-200x150.jpg 200w, https:\/\/www.damianzimmermann.de\/blog\/wp-content\/uploads\/Fran-Arnau-Foto-768x576.jpg 768w, https:\/\/www.damianzimmermann.de\/blog\/wp-content\/uploads\/Fran-Arnau-Foto-210x158.jpg 210w\" sizes=\"auto, (max-width: 620px) 100vw, 620px\" \/>\n\t\t\t<\/dt>\n\t\t\t\t<dd class='wp-caption-text gallery-caption' id='gallery-1-23358'>\n\t\t\t\tFran Arnau im Inferno \u00a9 Pol Camarero Just\n\t\t\t\t<\/dd><\/dl><br style=\"clear: both\" \/>\n\t\t<\/div>\n\n","protected":false},"excerpt":{"rendered":"<p>Beinahe w\u00e4re ich im vergangenen Herbst selbst nach La Palma auf die Kanaren gereist, um dort zwei Wochen Urlaub zu machen. Doch dann brach der Vulkan auf der&#8230;<\/p>\n","protected":false},"author":1,"featured_media":23351,"comment_status":"closed","ping_status":"closed","sticky":false,"template":"","format":"standard","meta":{"footnotes":""},"categories":[1],"tags":[2240,1668,1669,2236,2237,2239,2238],"class_list":["post-23338","post","type-post","status-publish","format-standard","has-post-thumbnail","hentry","category-allgemein","tag-cumbre-vieja","tag-drohnen","tag-drohnenfotografie","tag-fran-arnau","tag-la-palma","tag-photopia","tag-vulkan"],"_links":{"self":[{"href":"https:\/\/www.damianzimmermann.de\/blog\/wp-json\/wp\/v2\/posts\/23338","targetHints":{"allow":["GET"]}}],"collection":[{"href":"https:\/\/www.damianzimmermann.de\/blog\/wp-json\/wp\/v2\/posts"}],"about":[{"href":"https:\/\/www.damianzimmermann.de\/blog\/wp-json\/wp\/v2\/types\/post"}],"author":[{"embeddable":true,"href":"https:\/\/www.damianzimmermann.de\/blog\/wp-json\/wp\/v2\/users\/1"}],"replies":[{"embeddable":true,"href":"https:\/\/www.damianzimmermann.de\/blog\/wp-json\/wp\/v2\/comments?post=23338"}],"version-history":[{"count":11,"href":"https:\/\/www.damianzimmermann.de\/blog\/wp-json\/wp\/v2\/posts\/23338\/revisions"}],"predecessor-version":[{"id":23366,"href":"https:\/\/www.damianzimmermann.de\/blog\/wp-json\/wp\/v2\/posts\/23338\/revisions\/23366"}],"wp:featuredmedia":[{"embeddable":true,"href":"https:\/\/www.damianzimmermann.de\/blog\/wp-json\/wp\/v2\/media\/23351"}],"wp:attachment":[{"href":"https:\/\/www.damianzimmermann.de\/blog\/wp-json\/wp\/v2\/media?parent=23338"}],"wp:term":[{"taxonomy":"category","embeddable":true,"href":"https:\/\/www.damianzimmermann.de\/blog\/wp-json\/wp\/v2\/categories?post=23338"},{"taxonomy":"post_tag","embeddable":true,"href":"https:\/\/www.damianzimmermann.de\/blog\/wp-json\/wp\/v2\/tags?post=23338"}],"curies":[{"name":"wp","href":"https:\/\/api.w.org\/{rel}","templated":true}]}}