{"id":22797,"date":"2021-09-07T12:46:17","date_gmt":"2021-09-07T10:46:17","guid":{"rendered":"http:\/\/www.damianzimmermann.de\/blog\/?p=22797"},"modified":"2021-09-07T12:47:21","modified_gmt":"2021-09-07T10:47:21","slug":"last-of-their-kind-von-joachim-schmeisser","status":"publish","type":"post","link":"https:\/\/www.damianzimmermann.de\/blog\/last-of-their-kind-von-joachim-schmeisser\/","title":{"rendered":"&#8222;Last of their Kind&#8220; von Joachim Schmeisser"},"content":{"rendered":"<p class=\"western\" align=\"left\">Zw\u00f6lf Jahre lang hat <strong>Joachim Schmeisser<\/strong> bedrohte Tierarten in Afrika fotografiert. F\u00fcr seine Arbeit \u00fcber afrikanische Wildtiere wurde er 2012 mit dem renommierten <strong>Hasselblad Master Award<\/strong> ausgezeichnet und sein Buch \u00fcber Waisen-Elefanten in Kenia hat sich sehr erfolgreich verkauft. In seinem neuen Bildband &#8222;The Last of their kind&#8220;, erschienen bei teNeues, widmet er sich nun sieben vom Aussterben bedrohten Tierarten auf dem afrikanischen Kontintent.<\/p>\n<p class=\"western\" align=\"left\">Meine kurze Vorstellung von Joachim Schmeissers neuem Buch ist im fotoMagazin erschienen und gibt es <a href=\"https:\/\/www.damianzimmermann.de\/blog\/wp-content\/uploads\/fM_9_21_Joachim_Schmeisser.pdf\" target=\"_blank\" rel=\"noopener\">hier<\/a> als PDF.<\/p>\n<p>Links: <a href=\"https:\/\/www.joachimschmeisser.com\/\" target=\"_blank\" rel=\"noopener\">Joachim Schmeisser<\/a>, <a href=\"https:\/\/www.immagis.de\/\" target=\"_blank\" rel=\"noopener\">Immagis<\/a>, <a href=\"https:\/\/books-teneues.com\/the-last-of-their-kind-joachim-schmeisser-now-published\/\" target=\"_blank\" rel=\"noopener\">teNeues<\/a><\/p>\n\n\t\t<style type=\"text\/css\">\n\t\t\t#gallery-1 {\n\t\t\t\tmargin: auto;\n\t\t\t}\n\t\t\t#gallery-1 .gallery-item {\n\t\t\t\tfloat: left;\n\t\t\t\tmargin-top: 10px;\n\t\t\t\ttext-align: center;\n\t\t\t\twidth: 100%;\n\t\t\t}\n\t\t\t#gallery-1 img {\n\t\t\t\tborder: 2px solid #cfcfcf;\n\t\t\t}\n\t\t\t#gallery-1 .gallery-caption {\n\t\t\t\tmargin-left: 0;\n\t\t\t}\n\t\t\t\/* see gallery_shortcode() in wp-includes\/media.php *\/\n\t\t<\/style>\n\t\t<div id='gallery-1' class='gallery galleryid-22797 gallery-columns-1 gallery-size-large'><dl class='gallery-item'>\n\t\t\t<dt class='gallery-icon portrait'>\n\t\t\t\t<img loading=\"lazy\" decoding=\"async\" width=\"620\" height=\"762\" src=\"https:\/\/www.damianzimmermann.de\/blog\/wp-content\/uploads\/Titel_eng.jpg\" class=\"attachment-large size-large\" alt=\"\" aria-describedby=\"gallery-1-22803\" srcset=\"https:\/\/www.damianzimmermann.de\/blog\/wp-content\/uploads\/Titel_eng.jpg 732w, https:\/\/www.damianzimmermann.de\/blog\/wp-content\/uploads\/Titel_eng-325x400.jpg 325w, https:\/\/www.damianzimmermann.de\/blog\/wp-content\/uploads\/Titel_eng-122x150.jpg 122w, https:\/\/www.damianzimmermann.de\/blog\/wp-content\/uploads\/Titel_eng-210x258.jpg 210w\" sizes=\"auto, (max-width: 620px) 100vw, 620px\" \/>\n\t\t\t<\/dt>\n\t\t\t\t<dd class='wp-caption-text gallery-caption' id='gallery-1-22803'>\n\t\t\t\tJoachim Schmeisser: &#8222;The Last of their kind&#8220;, erschienen bei teNeues\n\t\t\t\t<\/dd><\/dl><br style=\"clear: both\" \/><dl class='gallery-item'>\n\t\t\t<dt class='gallery-icon landscape'>\n\t\t\t\t<img loading=\"lazy\" decoding=\"async\" width=\"620\" height=\"426\" src=\"https:\/\/www.damianzimmermann.de\/blog\/wp-content\/uploads\/Geparden-k.jpg\" class=\"attachment-large size-large\" alt=\"\" aria-describedby=\"gallery-1-22799\" srcset=\"https:\/\/www.damianzimmermann.de\/blog\/wp-content\/uploads\/Geparden-k.jpg 900w, https:\/\/www.damianzimmermann.de\/blog\/wp-content\/uploads\/Geparden-k-400x275.jpg 400w, https:\/\/www.damianzimmermann.de\/blog\/wp-content\/uploads\/Geparden-k-200x137.jpg 200w, https:\/\/www.damianzimmermann.de\/blog\/wp-content\/uploads\/Geparden-k-768x527.jpg 768w, https:\/\/www.damianzimmermann.de\/blog\/wp-content\/uploads\/Geparden-k-210x144.jpg 210w\" sizes=\"auto, (max-width: 620px) 100vw, 620px\" \/>\n\t\t\t<\/dt>\n\t\t\t\t<dd class='wp-caption-text gallery-caption' id='gallery-1-22799'>\n\t\t\t\tJoachim Schmeisser: &#8222;Tano Bora \u2013 Band of Brothers&#8220;\n\t\t\t\t<\/dd><\/dl><br style=\"clear: both\" \/><dl class='gallery-item'>\n\t\t\t<dt class='gallery-icon portrait'>\n\t\t\t\t<img loading=\"lazy\" decoding=\"async\" width=\"620\" height=\"777\" src=\"https:\/\/www.damianzimmermann.de\/blog\/wp-content\/uploads\/Preserver-of-peace-III.jpg\" class=\"attachment-large size-large\" alt=\"\" aria-describedby=\"gallery-1-22800\" srcset=\"https:\/\/www.damianzimmermann.de\/blog\/wp-content\/uploads\/Preserver-of-peace-III.jpg 718w, https:\/\/www.damianzimmermann.de\/blog\/wp-content\/uploads\/Preserver-of-peace-III-319x400.jpg 319w, https:\/\/www.damianzimmermann.de\/blog\/wp-content\/uploads\/Preserver-of-peace-III-120x150.jpg 120w, https:\/\/www.damianzimmermann.de\/blog\/wp-content\/uploads\/Preserver-of-peace-III-210x263.jpg 210w\" sizes=\"auto, (max-width: 620px) 100vw, 620px\" \/>\n\t\t\t<\/dt>\n\t\t\t\t<dd class='wp-caption-text gallery-caption' id='gallery-1-22800'>\n\t\t\t\tJoachim Schmeisser: &#8222;Guardian of Eden&#8220;\n\t\t\t\t<\/dd><\/dl><br style=\"clear: both\" \/><dl class='gallery-item'>\n\t\t\t<dt class='gallery-icon landscape'>\n\t\t\t\t<img loading=\"lazy\" decoding=\"async\" width=\"620\" height=\"457\" src=\"https:\/\/www.damianzimmermann.de\/blog\/wp-content\/uploads\/Rise_2019-k.jpg\" class=\"attachment-large size-large\" alt=\"\" aria-describedby=\"gallery-1-22801\" srcset=\"https:\/\/www.damianzimmermann.de\/blog\/wp-content\/uploads\/Rise_2019-k.jpg 900w, https:\/\/www.damianzimmermann.de\/blog\/wp-content\/uploads\/Rise_2019-k-400x295.jpg 400w, https:\/\/www.damianzimmermann.de\/blog\/wp-content\/uploads\/Rise_2019-k-200x148.jpg 200w, https:\/\/www.damianzimmermann.de\/blog\/wp-content\/uploads\/Rise_2019-k-768x567.jpg 768w, https:\/\/www.damianzimmermann.de\/blog\/wp-content\/uploads\/Rise_2019-k-210x155.jpg 210w\" sizes=\"auto, (max-width: 620px) 100vw, 620px\" \/>\n\t\t\t<\/dt>\n\t\t\t\t<dd class='wp-caption-text gallery-caption' id='gallery-1-22801'>\n\t\t\t\tJoachim Schmeisser: &#8222;Rise&#8220;\n\t\t\t\t<\/dd><\/dl><br style=\"clear: both\" \/><dl class='gallery-item'>\n\t\t\t<dt class='gallery-icon landscape'>\n\t\t\t\t<img loading=\"lazy\" decoding=\"async\" width=\"620\" height=\"495\" src=\"https:\/\/www.damianzimmermann.de\/blog\/wp-content\/uploads\/Scarface-k.jpg\" class=\"attachment-large size-large\" alt=\"\" aria-describedby=\"gallery-1-22802\" srcset=\"https:\/\/www.damianzimmermann.de\/blog\/wp-content\/uploads\/Scarface-k.jpg 900w, https:\/\/www.damianzimmermann.de\/blog\/wp-content\/uploads\/Scarface-k-400x320.jpg 400w, https:\/\/www.damianzimmermann.de\/blog\/wp-content\/uploads\/Scarface-k-188x150.jpg 188w, https:\/\/www.damianzimmermann.de\/blog\/wp-content\/uploads\/Scarface-k-768x614.jpg 768w, https:\/\/www.damianzimmermann.de\/blog\/wp-content\/uploads\/Scarface-k-210x168.jpg 210w\" sizes=\"auto, (max-width: 620px) 100vw, 620px\" \/>\n\t\t\t<\/dt>\n\t\t\t\t<dd class='wp-caption-text gallery-caption' id='gallery-1-22802'>\n\t\t\t\tJoachim Schmeisser: &#8222;Black Beard&#8220;\n\t\t\t\t<\/dd><\/dl><br style=\"clear: both\" \/>\n\t\t<\/div>\n\n","protected":false},"excerpt":{"rendered":"<p>Zw\u00f6lf Jahre lang hat Joachim Schmeisser bedrohte Tierarten in Afrika fotografiert. F\u00fcr seine Arbeit \u00fcber afrikanische Wildtiere wurde er 2012 mit dem renommierten Hasselblad Master Award ausgezeichnet und&#8230;<\/p>\n","protected":false},"author":1,"featured_media":22803,"comment_status":"closed","ping_status":"closed","sticky":false,"template":"","format":"standard","meta":{"footnotes":""},"categories":[7],"tags":[2107,2106,2109,2108],"class_list":["post-22797","post","type-post","status-publish","format-standard","has-post-thumbnail","hentry","category-fotobuecher","tag-afrika","tag-joachim-schmeisser","tag-naturfotografie","tag-tierfotografie"],"_links":{"self":[{"href":"https:\/\/www.damianzimmermann.de\/blog\/wp-json\/wp\/v2\/posts\/22797","targetHints":{"allow":["GET"]}}],"collection":[{"href":"https:\/\/www.damianzimmermann.de\/blog\/wp-json\/wp\/v2\/posts"}],"about":[{"href":"https:\/\/www.damianzimmermann.de\/blog\/wp-json\/wp\/v2\/types\/post"}],"author":[{"embeddable":true,"href":"https:\/\/www.damianzimmermann.de\/blog\/wp-json\/wp\/v2\/users\/1"}],"replies":[{"embeddable":true,"href":"https:\/\/www.damianzimmermann.de\/blog\/wp-json\/wp\/v2\/comments?post=22797"}],"version-history":[{"count":5,"href":"https:\/\/www.damianzimmermann.de\/blog\/wp-json\/wp\/v2\/posts\/22797\/revisions"}],"predecessor-version":[{"id":22808,"href":"https:\/\/www.damianzimmermann.de\/blog\/wp-json\/wp\/v2\/posts\/22797\/revisions\/22808"}],"wp:featuredmedia":[{"embeddable":true,"href":"https:\/\/www.damianzimmermann.de\/blog\/wp-json\/wp\/v2\/media\/22803"}],"wp:attachment":[{"href":"https:\/\/www.damianzimmermann.de\/blog\/wp-json\/wp\/v2\/media?parent=22797"}],"wp:term":[{"taxonomy":"category","embeddable":true,"href":"https:\/\/www.damianzimmermann.de\/blog\/wp-json\/wp\/v2\/categories?post=22797"},{"taxonomy":"post_tag","embeddable":true,"href":"https:\/\/www.damianzimmermann.de\/blog\/wp-json\/wp\/v2\/tags?post=22797"}],"curies":[{"name":"wp","href":"https:\/\/api.w.org\/{rel}","templated":true}]}}