{"id":22784,"date":"2021-08-24T13:50:44","date_gmt":"2021-08-24T11:50:44","guid":{"rendered":"http:\/\/www.damianzimmermann.de\/blog\/?p=22784"},"modified":"2021-08-24T13:57:35","modified_gmt":"2021-08-24T11:57:35","slug":"nft-hype-oder-zukunftsmodell","status":"publish","type":"post","link":"https:\/\/www.damianzimmermann.de\/blog\/nft-hype-oder-zukunftsmodell\/","title":{"rendered":"NFT \u2013 Hype oder Zukunftsmodell?"},"content":{"rendered":"<p>Vor einigen Monaten sprach die halbe Kunstwelt fast nur noch \u00fcber <strong>NFT<\/strong>, also \u201enon-fungible token\u201c, und die Revolutionierung des (digitalen) Kunstmarktes. Es herrschte Goldgr\u00e4berstimmung und &#8222;K\u00fcnstler&#8220; wie Beeple (von denen man zuvor noch nie geh\u00f6rt hatte) erzielten auf Auktionen pl\u00f6tzlich Rekordsummen von 70 Millionen Euro f\u00fcr ein Kunstwerk!<\/p>\n<p>F\u00fcr die ProfiFoto wollte ich deshalb von den Galeristen <strong>Johann K\u00f6nig<\/strong>, <strong>Priska Pasquer<\/strong> und <strong>Julian Sander<\/strong>, vom Digital-Kunst-Experten <strong>Wolf Lieser<\/strong>, vom K\u00fcnstler <strong>Achim Mohn\u00e9<\/strong> sowie vom Juristen <strong>Arno Lampmann<\/strong> wissen: Was ist dran an den NFT und welche Chancen und Risiken ergeben sich f\u00fcr den Kunstmarkt?<\/p>\n<p>Das Ergebnis der Umfrage findet ihr <a href=\"https:\/\/www.damianzimmermann.de\/blog\/wp-content\/uploads\/22-25_Umfrage-NFT.pdf\" target=\"_blank\" rel=\"noopener\">hier<\/a> als PDF.<\/p>\n<p>Links: <a href=\"https:\/\/www.koeniggalerie.com\/\" target=\"_blank\" rel=\"noopener\">K\u00f6nig Galerie<\/a>, <a href=\"https:\/\/priskapasquer.art\/\" target=\"_blank\" rel=\"noopener\">Galerie Priska Pasquer<\/a>, <a href=\"https:\/\/galeriejuliansander.de\/\" target=\"_blank\" rel=\"noopener\">Galerie Julian Sander<\/a>, <a href=\"https:\/\/dam.org\/\" target=\"_blank\" rel=\"noopener\">DAM Projects<\/a>, <a href=\"https:\/\/achimmohn\u00e9.net\/\" target=\"_blank\" rel=\"noopener\">Achim Mohn\u00e9<\/a>, <a href=\"https:\/\/www.lhr-law.de\/\" target=\"_blank\" rel=\"noopener\">Arno Lampmann<\/a><\/p>\n","protected":false},"excerpt":{"rendered":"<p>Vor einigen Monaten sprach die halbe Kunstwelt fast nur noch \u00fcber NFT, also \u201enon-fungible token\u201c, und die Revolutionierung des (digitalen) Kunstmarktes. Es herrschte Goldgr\u00e4berstimmung und &#8222;K\u00fcnstler&#8220; wie Beeple&#8230;<\/p>\n","protected":false},"author":1,"featured_media":21655,"comment_status":"closed","ping_status":"closed","sticky":false,"template":"","format":"standard","meta":{"footnotes":""},"categories":[1632],"tags":[2103,2102,2101,2105,1481,1936,2104],"class_list":["post-22784","post","type-post","status-publish","format-standard","has-post-thumbnail","hentry","category-umfrage","tag-achim-mohne","tag-arno-lampmann","tag-beeple","tag-johann-koenig","tag-julian-sander","tag-priska-pasquer","tag-wolf-lieser"],"_links":{"self":[{"href":"https:\/\/www.damianzimmermann.de\/blog\/wp-json\/wp\/v2\/posts\/22784","targetHints":{"allow":["GET"]}}],"collection":[{"href":"https:\/\/www.damianzimmermann.de\/blog\/wp-json\/wp\/v2\/posts"}],"about":[{"href":"https:\/\/www.damianzimmermann.de\/blog\/wp-json\/wp\/v2\/types\/post"}],"author":[{"embeddable":true,"href":"https:\/\/www.damianzimmermann.de\/blog\/wp-json\/wp\/v2\/users\/1"}],"replies":[{"embeddable":true,"href":"https:\/\/www.damianzimmermann.de\/blog\/wp-json\/wp\/v2\/comments?post=22784"}],"version-history":[{"count":10,"href":"https:\/\/www.damianzimmermann.de\/blog\/wp-json\/wp\/v2\/posts\/22784\/revisions"}],"predecessor-version":[{"id":22795,"href":"https:\/\/www.damianzimmermann.de\/blog\/wp-json\/wp\/v2\/posts\/22784\/revisions\/22795"}],"wp:featuredmedia":[{"embeddable":true,"href":"https:\/\/www.damianzimmermann.de\/blog\/wp-json\/wp\/v2\/media\/21655"}],"wp:attachment":[{"href":"https:\/\/www.damianzimmermann.de\/blog\/wp-json\/wp\/v2\/media?parent=22784"}],"wp:term":[{"taxonomy":"category","embeddable":true,"href":"https:\/\/www.damianzimmermann.de\/blog\/wp-json\/wp\/v2\/categories?post=22784"},{"taxonomy":"post_tag","embeddable":true,"href":"https:\/\/www.damianzimmermann.de\/blog\/wp-json\/wp\/v2\/tags?post=22784"}],"curies":[{"name":"wp","href":"https:\/\/api.w.org\/{rel}","templated":true}]}}