{"id":22763,"date":"2021-08-17T17:16:24","date_gmt":"2021-08-17T15:16:24","guid":{"rendered":"http:\/\/www.damianzimmermann.de\/blog\/?p=22763"},"modified":"2021-08-17T17:17:53","modified_gmt":"2021-08-17T15:17:53","slug":"interview-mit-timm-rautert","status":"publish","type":"post","link":"https:\/\/www.damianzimmermann.de\/blog\/interview-mit-timm-rautert\/","title":{"rendered":"Interview mit Timm Rautert"},"content":{"rendered":"<p><strong>Timm Rautert<\/strong> z\u00e4hlt zu den herausragenden und vielseitigsten deutschen Fotografen der Gegenwart. Das <strong>Museum Folkwang<\/strong> in Essen hat ihm anl\u00e4sslich seines 80. Geburtstages im September 2020 unter dem Titel \u201eTimm Rautert und die Leben der Fotografie\u201c eine Retrospektive gewidmet, die k\u00fcrzlich zu Ende gegangen ist.<\/p>\n<p>F\u00fcr die ProfiFoto konnte ich den Fotografen, K\u00fcnstler, ehemaligen Professor f\u00fcr Fotografie und Ehemann der Kuratorinnen-Legende <strong>Ute Eskildsen<\/strong> interviewen. Wir sprachen \u00fcber seine \u201eBildanalytische Photographie\u201c, seinen autorit\u00e4ren Lehrer <strong>Otto Steinert<\/strong> und seine Begegnung mit <strong>Josef Sudek<\/strong> in Prag 1967, warum er mit der Digitalfotografie auf Kriegsfu\u00df steht und seinen Satz \u201eDie Fotografie ist zu schade, um sie nur als Kunst zu benutzen&#8220;.<\/p>\n<p>Das komplette Gespr\u00e4ch gibt es <a href=\"https:\/\/www.damianzimmermann.de\/blog\/wp-content\/uploads\/42-45_Interview-Rautert.pdf\" target=\"_blank\" rel=\"noopener\">hier<\/a> als PDF.<\/p>\n<p>Links: <a href=\"https:\/\/www.museum-folkwang.de\/de\/aktuelles\/ausstellungen\/archiv\/timm-rautert.html\" target=\"_blank\" rel=\"noopener\">Museum Folkwang<\/a><\/p>\n\n\t\t<style type=\"text\/css\">\n\t\t\t#gallery-1 {\n\t\t\t\tmargin: auto;\n\t\t\t}\n\t\t\t#gallery-1 .gallery-item {\n\t\t\t\tfloat: left;\n\t\t\t\tmargin-top: 10px;\n\t\t\t\ttext-align: center;\n\t\t\t\twidth: 100%;\n\t\t\t}\n\t\t\t#gallery-1 img {\n\t\t\t\tborder: 2px solid #cfcfcf;\n\t\t\t}\n\t\t\t#gallery-1 .gallery-caption {\n\t\t\t\tmargin-left: 0;\n\t\t\t}\n\t\t\t\/* see gallery_shortcode() in wp-includes\/media.php *\/\n\t\t<\/style>\n\t\t<div id='gallery-1' class='gallery galleryid-22763 gallery-columns-1 gallery-size-large'><dl class='gallery-item'>\n\t\t\t<dt class='gallery-icon landscape'>\n\t\t\t\t<img loading=\"lazy\" decoding=\"async\" width=\"620\" height=\"472\" src=\"https:\/\/www.damianzimmermann.de\/blog\/wp-content\/uploads\/MFolkwang_Timm_Rautert_Selbst_mit_Kamera_1972.jpg\" class=\"attachment-large size-large\" alt=\"\" aria-describedby=\"gallery-1-22769\" srcset=\"https:\/\/www.damianzimmermann.de\/blog\/wp-content\/uploads\/MFolkwang_Timm_Rautert_Selbst_mit_Kamera_1972.jpg 900w, https:\/\/www.damianzimmermann.de\/blog\/wp-content\/uploads\/MFolkwang_Timm_Rautert_Selbst_mit_Kamera_1972-400x304.jpg 400w, https:\/\/www.damianzimmermann.de\/blog\/wp-content\/uploads\/MFolkwang_Timm_Rautert_Selbst_mit_Kamera_1972-197x150.jpg 197w, https:\/\/www.damianzimmermann.de\/blog\/wp-content\/uploads\/MFolkwang_Timm_Rautert_Selbst_mit_Kamera_1972-768x585.jpg 768w, https:\/\/www.damianzimmermann.de\/blog\/wp-content\/uploads\/MFolkwang_Timm_Rautert_Selbst_mit_Kamera_1972-210x160.jpg 210w\" sizes=\"auto, (max-width: 620px) 100vw, 620px\" \/>\n\t\t\t<\/dt>\n\t\t\t\t<dd class='wp-caption-text gallery-caption' id='gallery-1-22769'>\n\t\t\t\tSelbst mit Kamera gedreht (um 0\u00b0 um 180\u00b0), aus \u201eBildanalytische Photographie\u201c 1972 \u00a9 Timm Rautert\n\t\t\t\t<\/dd><\/dl><br style=\"clear: both\" \/><dl class='gallery-item'>\n\t\t\t<dt class='gallery-icon portrait'>\n\t\t\t\t<img loading=\"lazy\" decoding=\"async\" width=\"620\" height=\"815\" src=\"https:\/\/www.damianzimmermann.de\/blog\/wp-content\/uploads\/MFolkwang_Timm_Rautert_Otto_Steinert_1968.jpg\" class=\"attachment-large size-large\" alt=\"\" aria-describedby=\"gallery-1-22767\" srcset=\"https:\/\/www.damianzimmermann.de\/blog\/wp-content\/uploads\/MFolkwang_Timm_Rautert_Otto_Steinert_1968.jpg 685w, https:\/\/www.damianzimmermann.de\/blog\/wp-content\/uploads\/MFolkwang_Timm_Rautert_Otto_Steinert_1968-304x400.jpg 304w, https:\/\/www.damianzimmermann.de\/blog\/wp-content\/uploads\/MFolkwang_Timm_Rautert_Otto_Steinert_1968-114x150.jpg 114w, https:\/\/www.damianzimmermann.de\/blog\/wp-content\/uploads\/MFolkwang_Timm_Rautert_Otto_Steinert_1968-210x276.jpg 210w\" sizes=\"auto, (max-width: 620px) 100vw, 620px\" \/>\n\t\t\t<\/dt>\n\t\t\t\t<dd class='wp-caption-text gallery-caption' id='gallery-1-22767'>\n\t\t\t\tOtto Steinert, Essen, 1968 \u00a9 Timm Rautert\n\t\t\t\t<\/dd><\/dl><br style=\"clear: both\" \/><dl class='gallery-item'>\n\t\t\t<dt class='gallery-icon landscape'>\n\t\t\t\t<img loading=\"lazy\" decoding=\"async\" width=\"620\" height=\"550\" src=\"https:\/\/www.damianzimmermann.de\/blog\/wp-content\/uploads\/MFolkwang_Timm_Rautert_Schweizer_Pavillion_1970.jpg\" class=\"attachment-large size-large\" alt=\"\" aria-describedby=\"gallery-1-22768\" srcset=\"https:\/\/www.damianzimmermann.de\/blog\/wp-content\/uploads\/MFolkwang_Timm_Rautert_Schweizer_Pavillion_1970.jpg 900w, https:\/\/www.damianzimmermann.de\/blog\/wp-content\/uploads\/MFolkwang_Timm_Rautert_Schweizer_Pavillion_1970-400x355.jpg 400w, https:\/\/www.damianzimmermann.de\/blog\/wp-content\/uploads\/MFolkwang_Timm_Rautert_Schweizer_Pavillion_1970-169x150.jpg 169w, https:\/\/www.damianzimmermann.de\/blog\/wp-content\/uploads\/MFolkwang_Timm_Rautert_Schweizer_Pavillion_1970-768x682.jpg 768w, https:\/\/www.damianzimmermann.de\/blog\/wp-content\/uploads\/MFolkwang_Timm_Rautert_Schweizer_Pavillion_1970-210x186.jpg 210w\" sizes=\"auto, (max-width: 620px) 100vw, 620px\" \/>\n\t\t\t<\/dt>\n\t\t\t\t<dd class='wp-caption-text gallery-caption' id='gallery-1-22768'>\n\t\t\t\tSchweizer Pavillon, 1970 \naus: Expo `70 \u2013 Osaka\n\u00a9 Timm Rautert\n\t\t\t\t<\/dd><\/dl><br style=\"clear: both\" \/><dl class='gallery-item'>\n\t\t\t<dt class='gallery-icon landscape'>\n\t\t\t\t<img loading=\"lazy\" decoding=\"async\" width=\"620\" height=\"409\" src=\"https:\/\/www.damianzimmermann.de\/blog\/wp-content\/uploads\/MFolkwang_Timm_Rautert_Selbst_mit_U.E._1969.jpg\" class=\"attachment-large size-large\" alt=\"\" aria-describedby=\"gallery-1-22770\" srcset=\"https:\/\/www.damianzimmermann.de\/blog\/wp-content\/uploads\/MFolkwang_Timm_Rautert_Selbst_mit_U.E._1969.jpg 900w, https:\/\/www.damianzimmermann.de\/blog\/wp-content\/uploads\/MFolkwang_Timm_Rautert_Selbst_mit_U.E._1969-400x264.jpg 400w, https:\/\/www.damianzimmermann.de\/blog\/wp-content\/uploads\/MFolkwang_Timm_Rautert_Selbst_mit_U.E._1969-200x132.jpg 200w, https:\/\/www.damianzimmermann.de\/blog\/wp-content\/uploads\/MFolkwang_Timm_Rautert_Selbst_mit_U.E._1969-768x506.jpg 768w, https:\/\/www.damianzimmermann.de\/blog\/wp-content\/uploads\/MFolkwang_Timm_Rautert_Selbst_mit_U.E._1969-210x138.jpg 210w\" sizes=\"auto, (max-width: 620px) 100vw, 620px\" \/>\n\t\t\t<\/dt>\n\t\t\t\t<dd class='wp-caption-text gallery-caption' id='gallery-1-22770'>\n\t\t\t\tSelbst mit U. E., 1969\n\u00a9 Timm Rautert\n\t\t\t\t<\/dd><\/dl><br style=\"clear: both\" \/><dl class='gallery-item'>\n\t\t\t<dt class='gallery-icon landscape'>\n\t\t\t\t<img loading=\"lazy\" decoding=\"async\" width=\"620\" height=\"404\" src=\"https:\/\/www.damianzimmermann.de\/blog\/wp-content\/uploads\/MFolkwang_Timm_Rautert_The_Amish_1974.jpg\" class=\"attachment-large size-large\" alt=\"\" aria-describedby=\"gallery-1-22771\" srcset=\"https:\/\/www.damianzimmermann.de\/blog\/wp-content\/uploads\/MFolkwang_Timm_Rautert_The_Amish_1974.jpg 900w, https:\/\/www.damianzimmermann.de\/blog\/wp-content\/uploads\/MFolkwang_Timm_Rautert_The_Amish_1974-400x260.jpg 400w, https:\/\/www.damianzimmermann.de\/blog\/wp-content\/uploads\/MFolkwang_Timm_Rautert_The_Amish_1974-200x130.jpg 200w, https:\/\/www.damianzimmermann.de\/blog\/wp-content\/uploads\/MFolkwang_Timm_Rautert_The_Amish_1974-768x500.jpg 768w, https:\/\/www.damianzimmermann.de\/blog\/wp-content\/uploads\/MFolkwang_Timm_Rautert_The_Amish_1974-210x137.jpg 210w\" sizes=\"auto, (max-width: 620px) 100vw, 620px\" \/>\n\t\t\t<\/dt>\n\t\t\t\t<dd class='wp-caption-text gallery-caption' id='gallery-1-22771'>\n\t\t\t\tAus: &#8222;The Amish&#8220;, 1974\n\u00a9 Timm Rautert\n\t\t\t\t<\/dd><\/dl><br style=\"clear: both\" \/><dl class='gallery-item'>\n\t\t\t<dt class='gallery-icon landscape'>\n\t\t\t\t<img loading=\"lazy\" decoding=\"async\" width=\"620\" height=\"468\" src=\"https:\/\/www.damianzimmermann.de\/blog\/wp-content\/uploads\/MFolkwang_Timm_Rautert_Geishas_im_Zug_1970.jpg\" class=\"attachment-large size-large\" alt=\"\" aria-describedby=\"gallery-1-22775\" srcset=\"https:\/\/www.damianzimmermann.de\/blog\/wp-content\/uploads\/MFolkwang_Timm_Rautert_Geishas_im_Zug_1970.jpg 900w, https:\/\/www.damianzimmermann.de\/blog\/wp-content\/uploads\/MFolkwang_Timm_Rautert_Geishas_im_Zug_1970-400x302.jpg 400w, https:\/\/www.damianzimmermann.de\/blog\/wp-content\/uploads\/MFolkwang_Timm_Rautert_Geishas_im_Zug_1970-200x150.jpg 200w, https:\/\/www.damianzimmermann.de\/blog\/wp-content\/uploads\/MFolkwang_Timm_Rautert_Geishas_im_Zug_1970-768x580.jpg 768w, https:\/\/www.damianzimmermann.de\/blog\/wp-content\/uploads\/MFolkwang_Timm_Rautert_Geishas_im_Zug_1970-210x159.jpg 210w\" sizes=\"auto, (max-width: 620px) 100vw, 620px\" \/>\n\t\t\t<\/dt>\n\t\t\t\t<dd class='wp-caption-text gallery-caption' id='gallery-1-22775'>\n\t\t\t\tTokaido Express, Tokio, 1970\n\u00a9 Timm Rautert \n\t\t\t\t<\/dd><\/dl><br style=\"clear: both\" \/><dl class='gallery-item'>\n\t\t\t<dt class='gallery-icon portrait'>\n\t\t\t\t<img loading=\"lazy\" decoding=\"async\" width=\"620\" height=\"797\" src=\"https:\/\/www.damianzimmermann.de\/blog\/wp-content\/uploads\/MFolkwang_Timm_Rautert_Frau_Liana_Schneider_1974.jpg\" class=\"attachment-large size-large\" alt=\"\" aria-describedby=\"gallery-1-22773\" srcset=\"https:\/\/www.damianzimmermann.de\/blog\/wp-content\/uploads\/MFolkwang_Timm_Rautert_Frau_Liana_Schneider_1974.jpg 700w, https:\/\/www.damianzimmermann.de\/blog\/wp-content\/uploads\/MFolkwang_Timm_Rautert_Frau_Liana_Schneider_1974-311x400.jpg 311w, https:\/\/www.damianzimmermann.de\/blog\/wp-content\/uploads\/MFolkwang_Timm_Rautert_Frau_Liana_Schneider_1974-117x150.jpg 117w, https:\/\/www.damianzimmermann.de\/blog\/wp-content\/uploads\/MFolkwang_Timm_Rautert_Frau_Liana_Schneider_1974-210x270.jpg 210w\" sizes=\"auto, (max-width: 620px) 100vw, 620px\" \/>\n\t\t\t<\/dt>\n\t\t\t\t<dd class='wp-caption-text gallery-caption' id='gallery-1-22773'>\n\t\t\t\tLiane Schneider, 33 Jahre, Ground-Hostess, \u2028Deutsche Lufthansa, 1974\naus: &#8222;Deutsche in Uniform&#8220; \u00a9 Timm Rautert \n\t\t\t\t<\/dd><\/dl><br style=\"clear: both\" \/><dl class='gallery-item'>\n\t\t\t<dt class='gallery-icon landscape'>\n\t\t\t\t<img loading=\"lazy\" decoding=\"async\" width=\"620\" height=\"409\" src=\"https:\/\/www.damianzimmermann.de\/blog\/wp-content\/uploads\/MFolkwang_Timm_Rautert_Fraunhofer_Institut_fuer_Mikroelektronik__Duisburg.jpg\" class=\"attachment-large size-large\" alt=\"\" aria-describedby=\"gallery-1-22774\" srcset=\"https:\/\/www.damianzimmermann.de\/blog\/wp-content\/uploads\/MFolkwang_Timm_Rautert_Fraunhofer_Institut_fuer_Mikroelektronik__Duisburg.jpg 900w, https:\/\/www.damianzimmermann.de\/blog\/wp-content\/uploads\/MFolkwang_Timm_Rautert_Fraunhofer_Institut_fuer_Mikroelektronik__Duisburg-400x264.jpg 400w, https:\/\/www.damianzimmermann.de\/blog\/wp-content\/uploads\/MFolkwang_Timm_Rautert_Fraunhofer_Institut_fuer_Mikroelektronik__Duisburg-200x132.jpg 200w, https:\/\/www.damianzimmermann.de\/blog\/wp-content\/uploads\/MFolkwang_Timm_Rautert_Fraunhofer_Institut_fuer_Mikroelektronik__Duisburg-768x506.jpg 768w, https:\/\/www.damianzimmermann.de\/blog\/wp-content\/uploads\/MFolkwang_Timm_Rautert_Fraunhofer_Institut_fuer_Mikroelektronik__Duisburg-210x138.jpg 210w\" sizes=\"auto, (max-width: 620px) 100vw, 620px\" \/>\n\t\t\t<\/dt>\n\t\t\t\t<dd class='wp-caption-text gallery-caption' id='gallery-1-22774'>\n\t\t\t\tFraunhofer Institut f\u00fcr Mikroelektronik, Duisburg, 1986\naus: &#8222;Geh\u00e4use des Unsichtbaren&#8220; \u00a9 Timm Rautert\n\t\t\t\t<\/dd><\/dl><br style=\"clear: both\" \/><dl class='gallery-item'>\n\t\t\t<dt class='gallery-icon landscape'>\n\t\t\t\t<img loading=\"lazy\" decoding=\"async\" width=\"620\" height=\"413\" src=\"https:\/\/www.damianzimmermann.de\/blog\/wp-content\/uploads\/MFolkwang_Timm_Rautert_Messerschmitt-Boelkow-Blohm_GmbH__Ottobrunn__1989.jpg\" class=\"attachment-large size-large\" alt=\"\" aria-describedby=\"gallery-1-22776\" srcset=\"https:\/\/www.damianzimmermann.de\/blog\/wp-content\/uploads\/MFolkwang_Timm_Rautert_Messerschmitt-Boelkow-Blohm_GmbH__Ottobrunn__1989.jpg 900w, https:\/\/www.damianzimmermann.de\/blog\/wp-content\/uploads\/MFolkwang_Timm_Rautert_Messerschmitt-Boelkow-Blohm_GmbH__Ottobrunn__1989-400x267.jpg 400w, https:\/\/www.damianzimmermann.de\/blog\/wp-content\/uploads\/MFolkwang_Timm_Rautert_Messerschmitt-Boelkow-Blohm_GmbH__Ottobrunn__1989-200x133.jpg 200w, https:\/\/www.damianzimmermann.de\/blog\/wp-content\/uploads\/MFolkwang_Timm_Rautert_Messerschmitt-Boelkow-Blohm_GmbH__Ottobrunn__1989-768x512.jpg 768w, https:\/\/www.damianzimmermann.de\/blog\/wp-content\/uploads\/MFolkwang_Timm_Rautert_Messerschmitt-Boelkow-Blohm_GmbH__Ottobrunn__1989-210x140.jpg 210w\" sizes=\"auto, (max-width: 620px) 100vw, 620px\" \/>\n\t\t\t<\/dt>\n\t\t\t\t<dd class='wp-caption-text gallery-caption' id='gallery-1-22776'>\n\t\t\t\tMesserschmitt-B\u00f6lkow-Blohm GmbH, Ottobrunn, 1989\naus: &#8222;Geh\u00e4use des Unsichtbaren&#8220; \u00a9 Timm Rautert\n\t\t\t\t<\/dd><\/dl><br style=\"clear: both\" \/><dl class='gallery-item'>\n\t\t\t<dt class='gallery-icon portrait'>\n\t\t\t\t<img loading=\"lazy\" decoding=\"async\" width=\"620\" height=\"827\" src=\"https:\/\/www.damianzimmermann.de\/blog\/wp-content\/uploads\/Timm-Rautert-Foto-Atelier-Rautert.jpg\" class=\"attachment-large size-large\" alt=\"\" aria-describedby=\"gallery-1-22772\" srcset=\"https:\/\/www.damianzimmermann.de\/blog\/wp-content\/uploads\/Timm-Rautert-Foto-Atelier-Rautert.jpg 675w, https:\/\/www.damianzimmermann.de\/blog\/wp-content\/uploads\/Timm-Rautert-Foto-Atelier-Rautert-300x400.jpg 300w, https:\/\/www.damianzimmermann.de\/blog\/wp-content\/uploads\/Timm-Rautert-Foto-Atelier-Rautert-113x150.jpg 113w, https:\/\/www.damianzimmermann.de\/blog\/wp-content\/uploads\/Timm-Rautert-Foto-Atelier-Rautert-210x280.jpg 210w\" sizes=\"auto, (max-width: 620px) 100vw, 620px\" \/>\n\t\t\t<\/dt>\n\t\t\t\t<dd class='wp-caption-text gallery-caption' id='gallery-1-22772'>\n\t\t\t\tTimm Rautert 2021 Foto: Atelier Rautert\n\t\t\t\t<\/dd><\/dl><br style=\"clear: both\" \/>\n\t\t<\/div>\n\n","protected":false},"excerpt":{"rendered":"<p>Timm Rautert z\u00e4hlt zu den herausragenden und vielseitigsten deutschen Fotografen der Gegenwart. Das Museum Folkwang in Essen hat ihm anl\u00e4sslich seines 80. Geburtstages im September 2020 unter dem&#8230;<\/p>\n","protected":false},"author":1,"featured_media":22769,"comment_status":"closed","ping_status":"closed","sticky":false,"template":"","format":"standard","meta":{"footnotes":""},"categories":[1,6,1163],"tags":[1612,2100,96,2099,1878],"class_list":["post-22763","post","type-post","status-publish","format-standard","has-post-thumbnail","hentry","category-allgemein","category-ausstellungen","category-interviews","tag-folkwang","tag-josef-sudek","tag-otto-steinert","tag-timm-rautert","tag-ute-eskildsen"],"_links":{"self":[{"href":"https:\/\/www.damianzimmermann.de\/blog\/wp-json\/wp\/v2\/posts\/22763","targetHints":{"allow":["GET"]}}],"collection":[{"href":"https:\/\/www.damianzimmermann.de\/blog\/wp-json\/wp\/v2\/posts"}],"about":[{"href":"https:\/\/www.damianzimmermann.de\/blog\/wp-json\/wp\/v2\/types\/post"}],"author":[{"embeddable":true,"href":"https:\/\/www.damianzimmermann.de\/blog\/wp-json\/wp\/v2\/users\/1"}],"replies":[{"embeddable":true,"href":"https:\/\/www.damianzimmermann.de\/blog\/wp-json\/wp\/v2\/comments?post=22763"}],"version-history":[{"count":9,"href":"https:\/\/www.damianzimmermann.de\/blog\/wp-json\/wp\/v2\/posts\/22763\/revisions"}],"predecessor-version":[{"id":22783,"href":"https:\/\/www.damianzimmermann.de\/blog\/wp-json\/wp\/v2\/posts\/22763\/revisions\/22783"}],"wp:featuredmedia":[{"embeddable":true,"href":"https:\/\/www.damianzimmermann.de\/blog\/wp-json\/wp\/v2\/media\/22769"}],"wp:attachment":[{"href":"https:\/\/www.damianzimmermann.de\/blog\/wp-json\/wp\/v2\/media?parent=22763"}],"wp:term":[{"taxonomy":"category","embeddable":true,"href":"https:\/\/www.damianzimmermann.de\/blog\/wp-json\/wp\/v2\/categories?post=22763"},{"taxonomy":"post_tag","embeddable":true,"href":"https:\/\/www.damianzimmermann.de\/blog\/wp-json\/wp\/v2\/tags?post=22763"}],"curies":[{"name":"wp","href":"https:\/\/api.w.org\/{rel}","templated":true}]}}