{"id":22745,"date":"2021-08-13T09:51:12","date_gmt":"2021-08-13T07:51:12","guid":{"rendered":"http:\/\/www.damianzimmermann.de\/blog\/?p=22745"},"modified":"2021-10-28T17:03:22","modified_gmt":"2021-10-28T15:03:22","slug":"rumors-of-war-von-christoph-bangert","status":"publish","type":"post","link":"https:\/\/www.damianzimmermann.de\/blog\/rumors-of-war-von-christoph-bangert\/","title":{"rendered":"&#8222;Rumors of War&#8220; von Christoph Bangert"},"content":{"rendered":"<p class=\"western\" align=\"left\">&#8222;Ich vermisse den Krieg. Nichts ist so roh. Nichts f\u00fchlt sich so real an.\u201c Mit diesen drei kurzen, unanst\u00e4ndigen S\u00e4tzen beginnt der ehemalige Kriegsfotograf <strong>Christoph Bangert<\/strong> sein neuestes Buch &#8222;Rumors of War&#8220;. Und sie fassen das zusammen, wovon viele Reporter nach ihren Eins\u00e4tzen in Krisengebieten berichten.<\/p>\n<p align=\"left\">Das Buch ist der Abschluss einer Trilogie, die mit &#8222;War Porn&#8220; begann und mit &#8222;Hello Camel&#8220; fortgesetzt wurde. Und es ist sein pers\u00f6nlichstes Buch. Grundlage war ein Tagebuch, dass er 2013 w\u00e4hrend seines letzten Afghanistan-Einsatzes f\u00fcr die New York Times geschrieben hat.<\/p>\n<p>Meine ausf\u00fchrliche Besprechung ist im K\u00f6lner Stadt-Anzeiger erschienen und gibt es <a href=\"https:\/\/www.damianzimmermann.de\/blog\/wp-content\/uploads\/300-Christoph-Bangert.pdf\" target=\"_blank\" rel=\"noopener\">hier<\/a> als PDF.<\/p>\n<p>Links: <a href=\"https:\/\/christophbangert.com\/\" target=\"_blank\" rel=\"noopener\">Christoph Bangert<\/a>, <a href=\"https:\/\/www.kehrerverlag.com\/de\/catalogsearch\/result\/?q=Bangert\" target=\"_blank\" rel=\"noopener\">Kehrer Verlag<\/a><\/p>\n\n\t\t<style type=\"text\/css\">\n\t\t\t#gallery-1 {\n\t\t\t\tmargin: auto;\n\t\t\t}\n\t\t\t#gallery-1 .gallery-item {\n\t\t\t\tfloat: left;\n\t\t\t\tmargin-top: 10px;\n\t\t\t\ttext-align: center;\n\t\t\t\twidth: 100%;\n\t\t\t}\n\t\t\t#gallery-1 img {\n\t\t\t\tborder: 2px solid #cfcfcf;\n\t\t\t}\n\t\t\t#gallery-1 .gallery-caption {\n\t\t\t\tmargin-left: 0;\n\t\t\t}\n\t\t\t\/* see gallery_shortcode() in wp-includes\/media.php *\/\n\t\t<\/style>\n\t\t<div id='gallery-1' class='gallery galleryid-22745 gallery-columns-1 gallery-size-large'><dl class='gallery-item'>\n\t\t\t<dt class='gallery-icon portrait'>\n\t\t\t\t<img loading=\"lazy\" decoding=\"async\" width=\"557\" height=\"900\" src=\"https:\/\/www.damianzimmermann.de\/blog\/wp-content\/uploads\/Rumors_of_War_Cover.jpg\" class=\"attachment-large size-large\" alt=\"\" aria-describedby=\"gallery-1-22757\" srcset=\"https:\/\/www.damianzimmermann.de\/blog\/wp-content\/uploads\/Rumors_of_War_Cover.jpg 557w, https:\/\/www.damianzimmermann.de\/blog\/wp-content\/uploads\/Rumors_of_War_Cover-248x400.jpg 248w, https:\/\/www.damianzimmermann.de\/blog\/wp-content\/uploads\/Rumors_of_War_Cover-93x150.jpg 93w, https:\/\/www.damianzimmermann.de\/blog\/wp-content\/uploads\/Rumors_of_War_Cover-210x339.jpg 210w\" sizes=\"auto, (max-width: 557px) 100vw, 557px\" \/>\n\t\t\t<\/dt>\n\t\t\t\t<dd class='wp-caption-text gallery-caption' id='gallery-1-22757'>\n\t\t\t\tCover von &#8222;Rumors of War&#8220; von Christoph Bangert\n\t\t\t\t<\/dd><\/dl><br style=\"clear: both\" \/><dl class='gallery-item'>\n\t\t\t<dt class='gallery-icon landscape'>\n\t\t\t\t<img loading=\"lazy\" decoding=\"async\" width=\"620\" height=\"506\" src=\"https:\/\/www.damianzimmermann.de\/blog\/wp-content\/uploads\/01_bangert_rumors-of-war.jpg\" class=\"attachment-large size-large\" alt=\"\" aria-describedby=\"gallery-1-22748\" srcset=\"https:\/\/www.damianzimmermann.de\/blog\/wp-content\/uploads\/01_bangert_rumors-of-war.jpg 900w, https:\/\/www.damianzimmermann.de\/blog\/wp-content\/uploads\/01_bangert_rumors-of-war-400x327.jpg 400w, https:\/\/www.damianzimmermann.de\/blog\/wp-content\/uploads\/01_bangert_rumors-of-war-184x150.jpg 184w, https:\/\/www.damianzimmermann.de\/blog\/wp-content\/uploads\/01_bangert_rumors-of-war-768x627.jpg 768w, https:\/\/www.damianzimmermann.de\/blog\/wp-content\/uploads\/01_bangert_rumors-of-war-210x172.jpg 210w\" sizes=\"auto, (max-width: 620px) 100vw, 620px\" \/>\n\t\t\t<\/dt>\n\t\t\t\t<dd class='wp-caption-text gallery-caption' id='gallery-1-22748'>\n\t\t\t\tDoppelseite aus dem Tagebuch von Christoph Bangert, 2013\n\t\t\t\t<\/dd><\/dl><br style=\"clear: both\" \/><dl class='gallery-item'>\n\t\t\t<dt class='gallery-icon landscape'>\n\t\t\t\t<img loading=\"lazy\" decoding=\"async\" width=\"620\" height=\"506\" src=\"https:\/\/www.damianzimmermann.de\/blog\/wp-content\/uploads\/02_bangert_rumors-of-war.jpg\" class=\"attachment-large size-large\" alt=\"\" aria-describedby=\"gallery-1-22749\" srcset=\"https:\/\/www.damianzimmermann.de\/blog\/wp-content\/uploads\/02_bangert_rumors-of-war.jpg 900w, https:\/\/www.damianzimmermann.de\/blog\/wp-content\/uploads\/02_bangert_rumors-of-war-400x327.jpg 400w, https:\/\/www.damianzimmermann.de\/blog\/wp-content\/uploads\/02_bangert_rumors-of-war-184x150.jpg 184w, https:\/\/www.damianzimmermann.de\/blog\/wp-content\/uploads\/02_bangert_rumors-of-war-768x627.jpg 768w, https:\/\/www.damianzimmermann.de\/blog\/wp-content\/uploads\/02_bangert_rumors-of-war-210x172.jpg 210w\" sizes=\"auto, (max-width: 620px) 100vw, 620px\" \/>\n\t\t\t<\/dt>\n\t\t\t\t<dd class='wp-caption-text gallery-caption' id='gallery-1-22749'>\n\t\t\t\tThe Pul-e-Charkhi prison east of Kabul. The Afghan run prison houses, among others, detainees that used to be held at the US Bagram dentention facility as well as the U.S. Guantanamo Bay detention camp. \n(Christoph Bangert for The New York Times)\n\t\t\t\t<\/dd><\/dl><br style=\"clear: both\" \/><dl class='gallery-item'>\n\t\t\t<dt class='gallery-icon landscape'>\n\t\t\t\t<img loading=\"lazy\" decoding=\"async\" width=\"620\" height=\"506\" src=\"https:\/\/www.damianzimmermann.de\/blog\/wp-content\/uploads\/03_bangert_rumors-of-war.jpg\" class=\"attachment-large size-large\" alt=\"\" aria-describedby=\"gallery-1-22750\" srcset=\"https:\/\/www.damianzimmermann.de\/blog\/wp-content\/uploads\/03_bangert_rumors-of-war.jpg 900w, https:\/\/www.damianzimmermann.de\/blog\/wp-content\/uploads\/03_bangert_rumors-of-war-400x327.jpg 400w, https:\/\/www.damianzimmermann.de\/blog\/wp-content\/uploads\/03_bangert_rumors-of-war-184x150.jpg 184w, https:\/\/www.damianzimmermann.de\/blog\/wp-content\/uploads\/03_bangert_rumors-of-war-768x627.jpg 768w, https:\/\/www.damianzimmermann.de\/blog\/wp-content\/uploads\/03_bangert_rumors-of-war-210x172.jpg 210w\" sizes=\"auto, (max-width: 620px) 100vw, 620px\" \/>\n\t\t\t<\/dt>\n\t\t\t\t<dd class='wp-caption-text gallery-caption' id='gallery-1-22750'>\n\t\t\t\tDoppelseite aus dem Tagebuch von Christoph Bangert, 2013\n\t\t\t\t<\/dd><\/dl><br style=\"clear: both\" \/><dl class='gallery-item'>\n\t\t\t<dt class='gallery-icon landscape'>\n\t\t\t\t<img loading=\"lazy\" decoding=\"async\" width=\"620\" height=\"506\" src=\"https:\/\/www.damianzimmermann.de\/blog\/wp-content\/uploads\/04_bangert_rumors-of-war.jpg\" class=\"attachment-large size-large\" alt=\"\" aria-describedby=\"gallery-1-22751\" srcset=\"https:\/\/www.damianzimmermann.de\/blog\/wp-content\/uploads\/04_bangert_rumors-of-war.jpg 900w, https:\/\/www.damianzimmermann.de\/blog\/wp-content\/uploads\/04_bangert_rumors-of-war-400x327.jpg 400w, https:\/\/www.damianzimmermann.de\/blog\/wp-content\/uploads\/04_bangert_rumors-of-war-184x150.jpg 184w, https:\/\/www.damianzimmermann.de\/blog\/wp-content\/uploads\/04_bangert_rumors-of-war-768x627.jpg 768w, https:\/\/www.damianzimmermann.de\/blog\/wp-content\/uploads\/04_bangert_rumors-of-war-210x172.jpg 210w\" sizes=\"auto, (max-width: 620px) 100vw, 620px\" \/>\n\t\t\t<\/dt>\n\t\t\t\t<dd class='wp-caption-text gallery-caption' id='gallery-1-22751'>\n\t\t\t\tFreedom.\nBefore a patrol in southern Zhari.\n\nSoldiers are taking part in an operation called &#8222;Dragon Strike&#8220; in the southern part of Zhari District in Kandahar Province. The aim of the operation is to push Taliban fighters out of the area, which previously had no Afghan Government or Nato presence at all and was completely controlled by the Taliban. \nSoldiers demolished or blew up every single uninhabited building they came across and also built a so called &#8218;combat road&#8216; across fields and through villages with the help of an armored bulldozer.\n\t\t\t\t<\/dd><\/dl><br style=\"clear: both\" \/><dl class='gallery-item'>\n\t\t\t<dt class='gallery-icon landscape'>\n\t\t\t\t<img loading=\"lazy\" decoding=\"async\" width=\"620\" height=\"506\" src=\"https:\/\/www.damianzimmermann.de\/blog\/wp-content\/uploads\/05_bangert_rumors-of-war.jpg\" class=\"attachment-large size-large\" alt=\"\" aria-describedby=\"gallery-1-22752\" srcset=\"https:\/\/www.damianzimmermann.de\/blog\/wp-content\/uploads\/05_bangert_rumors-of-war.jpg 900w, https:\/\/www.damianzimmermann.de\/blog\/wp-content\/uploads\/05_bangert_rumors-of-war-400x327.jpg 400w, https:\/\/www.damianzimmermann.de\/blog\/wp-content\/uploads\/05_bangert_rumors-of-war-184x150.jpg 184w, https:\/\/www.damianzimmermann.de\/blog\/wp-content\/uploads\/05_bangert_rumors-of-war-768x627.jpg 768w, https:\/\/www.damianzimmermann.de\/blog\/wp-content\/uploads\/05_bangert_rumors-of-war-210x172.jpg 210w\" sizes=\"auto, (max-width: 620px) 100vw, 620px\" \/>\n\t\t\t<\/dt>\n\t\t\t\t<dd class='wp-caption-text gallery-caption' id='gallery-1-22752'>\n\t\t\t\tSSG Britney Simpson, 25, from Milan, Tennesse, is a female Air Force dog handler. Her and her dog Xxavier, an explosives sniffing dog, are attached to 1st Platoon, Apache Troop.\n\t\t\t\t<\/dd><\/dl><br style=\"clear: both\" \/><dl class='gallery-item'>\n\t\t\t<dt class='gallery-icon landscape'>\n\t\t\t\t<img loading=\"lazy\" decoding=\"async\" width=\"620\" height=\"506\" src=\"https:\/\/www.damianzimmermann.de\/blog\/wp-content\/uploads\/07_bangert_rumors-of-war.jpg\" class=\"attachment-large size-large\" alt=\"\" aria-describedby=\"gallery-1-22753\" srcset=\"https:\/\/www.damianzimmermann.de\/blog\/wp-content\/uploads\/07_bangert_rumors-of-war.jpg 900w, https:\/\/www.damianzimmermann.de\/blog\/wp-content\/uploads\/07_bangert_rumors-of-war-400x327.jpg 400w, https:\/\/www.damianzimmermann.de\/blog\/wp-content\/uploads\/07_bangert_rumors-of-war-184x150.jpg 184w, https:\/\/www.damianzimmermann.de\/blog\/wp-content\/uploads\/07_bangert_rumors-of-war-768x627.jpg 768w, https:\/\/www.damianzimmermann.de\/blog\/wp-content\/uploads\/07_bangert_rumors-of-war-210x172.jpg 210w\" sizes=\"auto, (max-width: 620px) 100vw, 620px\" \/>\n\t\t\t<\/dt>\n\t\t\t\t<dd class='wp-caption-text gallery-caption' id='gallery-1-22753'>\n\t\t\t\tUS Army medics and soldiers are carrying an Afghan civilian man who stepped on an IED and was severely injured to a medevac helicopter.\n\t\t\t\t<\/dd><\/dl><br style=\"clear: both\" \/><dl class='gallery-item'>\n\t\t\t<dt class='gallery-icon landscape'>\n\t\t\t\t<img loading=\"lazy\" decoding=\"async\" width=\"620\" height=\"506\" src=\"https:\/\/www.damianzimmermann.de\/blog\/wp-content\/uploads\/08_bangert_rumors-of-war.jpg\" class=\"attachment-large size-large\" alt=\"\" aria-describedby=\"gallery-1-22754\" srcset=\"https:\/\/www.damianzimmermann.de\/blog\/wp-content\/uploads\/08_bangert_rumors-of-war.jpg 900w, https:\/\/www.damianzimmermann.de\/blog\/wp-content\/uploads\/08_bangert_rumors-of-war-400x327.jpg 400w, https:\/\/www.damianzimmermann.de\/blog\/wp-content\/uploads\/08_bangert_rumors-of-war-184x150.jpg 184w, https:\/\/www.damianzimmermann.de\/blog\/wp-content\/uploads\/08_bangert_rumors-of-war-768x627.jpg 768w, https:\/\/www.damianzimmermann.de\/blog\/wp-content\/uploads\/08_bangert_rumors-of-war-210x172.jpg 210w\" sizes=\"auto, (max-width: 620px) 100vw, 620px\" \/>\n\t\t\t<\/dt>\n\t\t\t\t<dd class='wp-caption-text gallery-caption' id='gallery-1-22754'>\n\t\t\t\tDoppelseite aus &#8222;Rumors of War&#8220; von Christoph Bangert\n\t\t\t\t<\/dd><\/dl><br style=\"clear: both\" \/><dl class='gallery-item'>\n\t\t\t<dt class='gallery-icon landscape'>\n\t\t\t\t<img loading=\"lazy\" decoding=\"async\" width=\"620\" height=\"506\" src=\"https:\/\/www.damianzimmermann.de\/blog\/wp-content\/uploads\/11_bangert_rumors-of-war.jpg\" class=\"attachment-large size-large\" alt=\"\" aria-describedby=\"gallery-1-22755\" srcset=\"https:\/\/www.damianzimmermann.de\/blog\/wp-content\/uploads\/11_bangert_rumors-of-war.jpg 900w, https:\/\/www.damianzimmermann.de\/blog\/wp-content\/uploads\/11_bangert_rumors-of-war-400x327.jpg 400w, https:\/\/www.damianzimmermann.de\/blog\/wp-content\/uploads\/11_bangert_rumors-of-war-184x150.jpg 184w, https:\/\/www.damianzimmermann.de\/blog\/wp-content\/uploads\/11_bangert_rumors-of-war-768x627.jpg 768w, https:\/\/www.damianzimmermann.de\/blog\/wp-content\/uploads\/11_bangert_rumors-of-war-210x172.jpg 210w\" sizes=\"auto, (max-width: 620px) 100vw, 620px\" \/>\n\t\t\t<\/dt>\n\t\t\t\t<dd class='wp-caption-text gallery-caption' id='gallery-1-22755'>\n\t\t\t\tDoppelseite aus dem Tagebuch von Christoph Bangert, 2013\n\t\t\t\t<\/dd><\/dl><br style=\"clear: both\" \/><dl class='gallery-item'>\n\t\t\t<dt class='gallery-icon portrait'>\n\t\t\t\t<img loading=\"lazy\" decoding=\"async\" width=\"564\" height=\"900\" src=\"https:\/\/www.damianzimmermann.de\/blog\/wp-content\/uploads\/12_bangert_rumors-of-war.jpg\" class=\"attachment-large size-large\" alt=\"\" aria-describedby=\"gallery-1-22756\" srcset=\"https:\/\/www.damianzimmermann.de\/blog\/wp-content\/uploads\/12_bangert_rumors-of-war.jpg 564w, https:\/\/www.damianzimmermann.de\/blog\/wp-content\/uploads\/12_bangert_rumors-of-war-251x400.jpg 251w, https:\/\/www.damianzimmermann.de\/blog\/wp-content\/uploads\/12_bangert_rumors-of-war-94x150.jpg 94w, https:\/\/www.damianzimmermann.de\/blog\/wp-content\/uploads\/12_bangert_rumors-of-war-210x335.jpg 210w\" sizes=\"auto, (max-width: 564px) 100vw, 564px\" \/>\n\t\t\t<\/dt>\n\t\t\t\t<dd class='wp-caption-text gallery-caption' id='gallery-1-22756'>\n\t\t\t\tDas Ende von &#8222;Rumors of War&#8220; von Christoph Bangert\n\t\t\t\t<\/dd><\/dl><br style=\"clear: both\" \/>\n\t\t<\/div>\n\n","protected":false},"excerpt":{"rendered":"<p>&#8222;Ich vermisse den Krieg. Nichts ist so roh. Nichts f\u00fchlt sich so real an.\u201c Mit diesen drei kurzen, unanst\u00e4ndigen S\u00e4tzen beginnt der ehemalige Kriegsfotograf Christoph Bangert sein neuestes&#8230;<\/p>\n","protected":false},"author":1,"featured_media":22757,"comment_status":"closed","ping_status":"closed","sticky":false,"template":"","format":"standard","meta":{"footnotes":""},"categories":[7],"tags":[1235,2097,2098],"class_list":["post-22745","post","type-post","status-publish","format-standard","has-post-thumbnail","hentry","category-fotobuecher","tag-christoph-bangert","tag-kriegsfotografie","tag-rumors-of-war"],"_links":{"self":[{"href":"https:\/\/www.damianzimmermann.de\/blog\/wp-json\/wp\/v2\/posts\/22745","targetHints":{"allow":["GET"]}}],"collection":[{"href":"https:\/\/www.damianzimmermann.de\/blog\/wp-json\/wp\/v2\/posts"}],"about":[{"href":"https:\/\/www.damianzimmermann.de\/blog\/wp-json\/wp\/v2\/types\/post"}],"author":[{"embeddable":true,"href":"https:\/\/www.damianzimmermann.de\/blog\/wp-json\/wp\/v2\/users\/1"}],"replies":[{"embeddable":true,"href":"https:\/\/www.damianzimmermann.de\/blog\/wp-json\/wp\/v2\/comments?post=22745"}],"version-history":[{"count":6,"href":"https:\/\/www.damianzimmermann.de\/blog\/wp-json\/wp\/v2\/posts\/22745\/revisions"}],"predecessor-version":[{"id":22887,"href":"https:\/\/www.damianzimmermann.de\/blog\/wp-json\/wp\/v2\/posts\/22745\/revisions\/22887"}],"wp:featuredmedia":[{"embeddable":true,"href":"https:\/\/www.damianzimmermann.de\/blog\/wp-json\/wp\/v2\/media\/22757"}],"wp:attachment":[{"href":"https:\/\/www.damianzimmermann.de\/blog\/wp-json\/wp\/v2\/media?parent=22745"}],"wp:term":[{"taxonomy":"category","embeddable":true,"href":"https:\/\/www.damianzimmermann.de\/blog\/wp-json\/wp\/v2\/categories?post=22745"},{"taxonomy":"post_tag","embeddable":true,"href":"https:\/\/www.damianzimmermann.de\/blog\/wp-json\/wp\/v2\/tags?post=22745"}],"curies":[{"name":"wp","href":"https:\/\/api.w.org\/{rel}","templated":true}]}}