{"id":22534,"date":"2021-05-21T19:17:21","date_gmt":"2021-05-21T17:17:21","guid":{"rendered":"http:\/\/www.damianzimmermann.de\/blog\/?p=22534"},"modified":"2021-05-21T19:17:21","modified_gmt":"2021-05-21T17:17:21","slug":"photoszene-united-eroeffnet-heute","status":"publish","type":"post","link":"https:\/\/www.damianzimmermann.de\/blog\/photoszene-united-eroeffnet-heute\/","title":{"rendered":"Photoszene United er\u00f6ffnet heute"},"content":{"rendered":"<p>Heute Abend er\u00f6ffnet das zweite <strong>Photoszene-Festival<\/strong> unter Corona-Bedingungen. Doch wir sind gut vorbereitet. Zwar gibt es auch dieses Mal wieder rund 80 Fotografieausstellungen in der Stadt zu sehen (und wir hoffen, dass sie auch sehr bald besuchbar sein werden), doch einen sehr gro\u00dfen Teil unseres Programms haben wir direkt virtuell oder zumindest als hybrides Format geplant. Neben zahlreichen Veranstaltungen, Talks, Workshops und Symposien, die h\u00e4ufig \u00fcber Zoom stattfinden werden, haben wir uns aber auch zwei ganz besondere virtuelle Orte der direkten Begegnung ausgedacht: Sowohl unsere <strong>New Photo &#8211; Kunsthalle f\u00fcr Fotografie<\/strong> als auch unsere Bar <strong>Chez Lumi\u00e8re<\/strong> sind von bis zum 50 Personen gleichzeitig besuchbar, das bedeutet im Klartext, dass ihr nicht &#8211; wie sonst \u00fcblich &#8211; alleine durch eine virtuelle Ausstellung lauft, sondern, dass ihr euch dort mit anderen verabreden oder alten und neuen Bekannten zuf\u00e4llig \u00fcber den Weg laufen und euch unterhalten k\u00f6nnt. Und das ist ja das, was wir alle seit mehr als einem Jahr am heftigsten vermissen.<\/p>\n<p>Deshalb lade ich euch ein, euch einmal auf unserer Internetseite umzuschauen, unser Programm zu durchst\u00f6bern und mal in die Ausstellung <strong>You are here &#8211; Versuch einer fotografischen Standortbestimmung, Teil 2<\/strong> und in die Bar <strong>Chez Lumi\u00e8re<\/strong> zu gehen. Eine wichtige Empfehlung muss ich allerdings auch gleich dazu geben: Benutzt nach M\u00f6glichkeit bitte einen Computer oder einen Laptop mit Maus und Headset sowie den Firefox-Browser. Alles andere kann zu technischen Problemen, unangenehmen R\u00fcckkopplungen und einem eingeschr\u00e4nkten Genuss f\u00fchren.<\/p>\n<p>Also, bis gleich!<\/p>\n<p>Link: <a href=\"https:\/\/festival.photoszene.de\/\" target=\"_blank\" rel=\"noopener\">Photoszene United<\/a><\/p>\n\n\t\t<style type=\"text\/css\">\n\t\t\t#gallery-1 {\n\t\t\t\tmargin: auto;\n\t\t\t}\n\t\t\t#gallery-1 .gallery-item {\n\t\t\t\tfloat: left;\n\t\t\t\tmargin-top: 10px;\n\t\t\t\ttext-align: center;\n\t\t\t\twidth: 100%;\n\t\t\t}\n\t\t\t#gallery-1 img {\n\t\t\t\tborder: 2px solid #cfcfcf;\n\t\t\t}\n\t\t\t#gallery-1 .gallery-caption {\n\t\t\t\tmargin-left: 0;\n\t\t\t}\n\t\t\t\/* see gallery_shortcode() in wp-includes\/media.php *\/\n\t\t<\/style>\n\t\t<div id='gallery-1' class='gallery galleryid-22534 gallery-columns-1 gallery-size-large'><dl class='gallery-item'>\n\t\t\t<dt class='gallery-icon landscape'>\n\t\t\t\t<img loading=\"lazy\" decoding=\"async\" width=\"620\" height=\"358\" src=\"https:\/\/www.damianzimmermann.de\/blog\/wp-content\/uploads\/Photoszene-Strassenansicht.png\" class=\"attachment-large size-large\" alt=\"\" aria-describedby=\"gallery-1-22536\" srcset=\"https:\/\/www.damianzimmermann.de\/blog\/wp-content\/uploads\/Photoszene-Strassenansicht.png 900w, https:\/\/www.damianzimmermann.de\/blog\/wp-content\/uploads\/Photoszene-Strassenansicht-400x231.png 400w, https:\/\/www.damianzimmermann.de\/blog\/wp-content\/uploads\/Photoszene-Strassenansicht-200x116.png 200w, https:\/\/www.damianzimmermann.de\/blog\/wp-content\/uploads\/Photoszene-Strassenansicht-768x444.png 768w, https:\/\/www.damianzimmermann.de\/blog\/wp-content\/uploads\/Photoszene-Strassenansicht-210x121.png 210w\" sizes=\"auto, (max-width: 620px) 100vw, 620px\" \/>\n\t\t\t<\/dt>\n\t\t\t\t<dd class='wp-caption-text gallery-caption' id='gallery-1-22536'>\n\t\t\t\tDie neue Photoszene-Startseite mit unserem Kiosk, der Bar &#8222;Chez Lumi\u00e8re&#8220; und der &#8222;New Photo &#8211; Kunsthalle f\u00fcr Fotografie&#8220;\n\t\t\t\t<\/dd><\/dl><br style=\"clear: both\" \/><dl class='gallery-item'>\n\t\t\t<dt class='gallery-icon landscape'>\n\t\t\t\t<img loading=\"lazy\" decoding=\"async\" width=\"620\" height=\"387\" src=\"https:\/\/www.damianzimmermann.de\/blog\/wp-content\/uploads\/New-Photo-4.png\" class=\"attachment-large size-large\" alt=\"\" aria-describedby=\"gallery-1-22544\" srcset=\"https:\/\/www.damianzimmermann.de\/blog\/wp-content\/uploads\/New-Photo-4.png 900w, https:\/\/www.damianzimmermann.de\/blog\/wp-content\/uploads\/New-Photo-4-400x250.png 400w, https:\/\/www.damianzimmermann.de\/blog\/wp-content\/uploads\/New-Photo-4-200x125.png 200w, https:\/\/www.damianzimmermann.de\/blog\/wp-content\/uploads\/New-Photo-4-768x480.png 768w, https:\/\/www.damianzimmermann.de\/blog\/wp-content\/uploads\/New-Photo-4-210x131.png 210w\" sizes=\"auto, (max-width: 620px) 100vw, 620px\" \/>\n\t\t\t<\/dt>\n\t\t\t\t<dd class='wp-caption-text gallery-caption' id='gallery-1-22544'>\n\t\t\t\tDie Ausstellung &#8222;You are here&#8220; in der &#8222;New Photo &#8211; Kunsthalle f\u00fcr Fotografie&#8220;\n\t\t\t\t<\/dd><\/dl><br style=\"clear: both\" \/><dl class='gallery-item'>\n\t\t\t<dt class='gallery-icon landscape'>\n\t\t\t\t<img loading=\"lazy\" decoding=\"async\" width=\"620\" height=\"387\" src=\"https:\/\/www.damianzimmermann.de\/blog\/wp-content\/uploads\/New-Photo-6.png\" class=\"attachment-large size-large\" alt=\"\" aria-describedby=\"gallery-1-22538\" srcset=\"https:\/\/www.damianzimmermann.de\/blog\/wp-content\/uploads\/New-Photo-6.png 900w, https:\/\/www.damianzimmermann.de\/blog\/wp-content\/uploads\/New-Photo-6-400x250.png 400w, https:\/\/www.damianzimmermann.de\/blog\/wp-content\/uploads\/New-Photo-6-200x125.png 200w, https:\/\/www.damianzimmermann.de\/blog\/wp-content\/uploads\/New-Photo-6-768x480.png 768w, https:\/\/www.damianzimmermann.de\/blog\/wp-content\/uploads\/New-Photo-6-210x131.png 210w\" sizes=\"auto, (max-width: 620px) 100vw, 620px\" \/>\n\t\t\t<\/dt>\n\t\t\t\t<dd class='wp-caption-text gallery-caption' id='gallery-1-22538'>\n\t\t\t\tDie Ausstellung &#8222;You are here&#8220; in der &#8222;New Photo &#8211; Kunsthalle f\u00fcr Fotografie&#8220;\n\t\t\t\t<\/dd><\/dl><br style=\"clear: both\" \/><dl class='gallery-item'>\n\t\t\t<dt class='gallery-icon landscape'>\n\t\t\t\t<img loading=\"lazy\" decoding=\"async\" width=\"620\" height=\"387\" src=\"https:\/\/www.damianzimmermann.de\/blog\/wp-content\/uploads\/New-Photo-5.png\" class=\"attachment-large size-large\" alt=\"\" aria-describedby=\"gallery-1-22537\" srcset=\"https:\/\/www.damianzimmermann.de\/blog\/wp-content\/uploads\/New-Photo-5.png 900w, https:\/\/www.damianzimmermann.de\/blog\/wp-content\/uploads\/New-Photo-5-400x250.png 400w, https:\/\/www.damianzimmermann.de\/blog\/wp-content\/uploads\/New-Photo-5-200x125.png 200w, https:\/\/www.damianzimmermann.de\/blog\/wp-content\/uploads\/New-Photo-5-768x480.png 768w, https:\/\/www.damianzimmermann.de\/blog\/wp-content\/uploads\/New-Photo-5-210x131.png 210w\" sizes=\"auto, (max-width: 620px) 100vw, 620px\" \/>\n\t\t\t<\/dt>\n\t\t\t\t<dd class='wp-caption-text gallery-caption' id='gallery-1-22537'>\n\t\t\t\tDie Ausstellung &#8222;You are here&#8220; in der &#8222;New Photo &#8211; Kunsthalle f\u00fcr Fotografie&#8220;\n\t\t\t\t<\/dd><\/dl><br style=\"clear: both\" \/><dl class='gallery-item'>\n\t\t\t<dt class='gallery-icon landscape'>\n\t\t\t\t<img loading=\"lazy\" decoding=\"async\" width=\"620\" height=\"387\" src=\"https:\/\/www.damianzimmermann.de\/blog\/wp-content\/uploads\/New-Photo-1.png\" class=\"attachment-large size-large\" alt=\"\" aria-describedby=\"gallery-1-22543\" srcset=\"https:\/\/www.damianzimmermann.de\/blog\/wp-content\/uploads\/New-Photo-1.png 900w, https:\/\/www.damianzimmermann.de\/blog\/wp-content\/uploads\/New-Photo-1-400x250.png 400w, https:\/\/www.damianzimmermann.de\/blog\/wp-content\/uploads\/New-Photo-1-200x125.png 200w, https:\/\/www.damianzimmermann.de\/blog\/wp-content\/uploads\/New-Photo-1-768x480.png 768w, https:\/\/www.damianzimmermann.de\/blog\/wp-content\/uploads\/New-Photo-1-210x131.png 210w\" sizes=\"auto, (max-width: 620px) 100vw, 620px\" \/>\n\t\t\t<\/dt>\n\t\t\t\t<dd class='wp-caption-text gallery-caption' id='gallery-1-22543'>\n\t\t\t\tDie Ausstellung &#8222;You are here&#8220; in der &#8222;New Photo &#8211; Kunsthalle f\u00fcr Fotografie&#8220;\n\t\t\t\t<\/dd><\/dl><br style=\"clear: both\" \/><dl class='gallery-item'>\n\t\t\t<dt class='gallery-icon landscape'>\n\t\t\t\t<img loading=\"lazy\" decoding=\"async\" width=\"620\" height=\"349\" src=\"https:\/\/www.damianzimmermann.de\/blog\/wp-content\/uploads\/Chez-Lumiere-Damian-DJ-Tobby.png\" class=\"attachment-large size-large\" alt=\"\" aria-describedby=\"gallery-1-22542\" srcset=\"https:\/\/www.damianzimmermann.de\/blog\/wp-content\/uploads\/Chez-Lumiere-Damian-DJ-Tobby.png 900w, https:\/\/www.damianzimmermann.de\/blog\/wp-content\/uploads\/Chez-Lumiere-Damian-DJ-Tobby-400x225.png 400w, https:\/\/www.damianzimmermann.de\/blog\/wp-content\/uploads\/Chez-Lumiere-Damian-DJ-Tobby-200x112.png 200w, https:\/\/www.damianzimmermann.de\/blog\/wp-content\/uploads\/Chez-Lumiere-Damian-DJ-Tobby-768x432.png 768w, https:\/\/www.damianzimmermann.de\/blog\/wp-content\/uploads\/Chez-Lumiere-Damian-DJ-Tobby-210x118.png 210w\" sizes=\"auto, (max-width: 620px) 100vw, 620px\" \/>\n\t\t\t<\/dt>\n\t\t\t\t<dd class='wp-caption-text gallery-caption' id='gallery-1-22542'>\n\t\t\t\tDie Bar &#8222;Chez Lumi\u00e8re&#8220;\n\t\t\t\t<\/dd><\/dl><br style=\"clear: both\" \/><dl class='gallery-item'>\n\t\t\t<dt class='gallery-icon landscape'>\n\t\t\t\t<img loading=\"lazy\" decoding=\"async\" width=\"620\" height=\"387\" src=\"https:\/\/www.damianzimmermann.de\/blog\/wp-content\/uploads\/Hubs-14.png\" class=\"attachment-large size-large\" alt=\"\" aria-describedby=\"gallery-1-22539\" srcset=\"https:\/\/www.damianzimmermann.de\/blog\/wp-content\/uploads\/Hubs-14.png 900w, https:\/\/www.damianzimmermann.de\/blog\/wp-content\/uploads\/Hubs-14-400x250.png 400w, https:\/\/www.damianzimmermann.de\/blog\/wp-content\/uploads\/Hubs-14-200x125.png 200w, https:\/\/www.damianzimmermann.de\/blog\/wp-content\/uploads\/Hubs-14-768x480.png 768w, https:\/\/www.damianzimmermann.de\/blog\/wp-content\/uploads\/Hubs-14-210x131.png 210w\" sizes=\"auto, (max-width: 620px) 100vw, 620px\" \/>\n\t\t\t<\/dt>\n\t\t\t\t<dd class='wp-caption-text gallery-caption' id='gallery-1-22539'>\n\t\t\t\tDie Bar &#8222;Chez Lumi\u00e8re&#8220;\n\t\t\t\t<\/dd><\/dl><br style=\"clear: both\" \/><dl class='gallery-item'>\n\t\t\t<dt class='gallery-icon landscape'>\n\t\t\t\t<img loading=\"lazy\" decoding=\"async\" width=\"620\" height=\"336\" src=\"https:\/\/www.damianzimmermann.de\/blog\/wp-content\/uploads\/Hubs-20.png\" class=\"attachment-large size-large\" alt=\"\" aria-describedby=\"gallery-1-22541\" srcset=\"https:\/\/www.damianzimmermann.de\/blog\/wp-content\/uploads\/Hubs-20.png 900w, https:\/\/www.damianzimmermann.de\/blog\/wp-content\/uploads\/Hubs-20-400x217.png 400w, https:\/\/www.damianzimmermann.de\/blog\/wp-content\/uploads\/Hubs-20-200x108.png 200w, https:\/\/www.damianzimmermann.de\/blog\/wp-content\/uploads\/Hubs-20-768x416.png 768w, https:\/\/www.damianzimmermann.de\/blog\/wp-content\/uploads\/Hubs-20-210x114.png 210w\" sizes=\"auto, (max-width: 620px) 100vw, 620px\" \/>\n\t\t\t<\/dt>\n\t\t\t\t<dd class='wp-caption-text gallery-caption' id='gallery-1-22541'>\n\t\t\t\tDie Bar &#8222;Chez Lumi\u00e8re&#8220;\n\t\t\t\t<\/dd><\/dl><br style=\"clear: both\" \/><dl class='gallery-item'>\n\t\t\t<dt class='gallery-icon landscape'>\n\t\t\t\t<img loading=\"lazy\" decoding=\"async\" width=\"620\" height=\"387\" src=\"https:\/\/www.damianzimmermann.de\/blog\/wp-content\/uploads\/Hubs-17.png\" class=\"attachment-large size-large\" alt=\"\" aria-describedby=\"gallery-1-22540\" srcset=\"https:\/\/www.damianzimmermann.de\/blog\/wp-content\/uploads\/Hubs-17.png 900w, https:\/\/www.damianzimmermann.de\/blog\/wp-content\/uploads\/Hubs-17-400x250.png 400w, https:\/\/www.damianzimmermann.de\/blog\/wp-content\/uploads\/Hubs-17-200x125.png 200w, https:\/\/www.damianzimmermann.de\/blog\/wp-content\/uploads\/Hubs-17-768x480.png 768w, https:\/\/www.damianzimmermann.de\/blog\/wp-content\/uploads\/Hubs-17-210x131.png 210w\" sizes=\"auto, (max-width: 620px) 100vw, 620px\" \/>\n\t\t\t<\/dt>\n\t\t\t\t<dd class='wp-caption-text gallery-caption' id='gallery-1-22540'>\n\t\t\t\tDie Bar &#8222;Chez Lumi\u00e8re&#8220;\n\t\t\t\t<\/dd><\/dl><br style=\"clear: both\" \/>\n\t\t<\/div>\n\n","protected":false},"excerpt":{"rendered":"<p>Heute Abend er\u00f6ffnet das zweite Photoszene-Festival unter Corona-Bedingungen. Doch wir sind gut vorbereitet. Zwar gibt es auch dieses Mal wieder rund 80 Fotografieausstellungen in der Stadt zu sehen&#8230;<\/p>\n","protected":false},"author":1,"featured_media":22536,"comment_status":"closed","ping_status":"closed","sticky":false,"template":"","format":"standard","meta":{"footnotes":""},"categories":[1],"tags":[2029,1801,191,2027,2026,2028],"class_list":["post-22534","post","type-post","status-publish","format-standard","has-post-thumbnail","hentry","category-allgemein","tag-chez-lumiere","tag-corona","tag-internationale-photoszene-koln","tag-mozilla-hubs","tag-photoszene-united","tag-you-are-here"],"_links":{"self":[{"href":"https:\/\/www.damianzimmermann.de\/blog\/wp-json\/wp\/v2\/posts\/22534","targetHints":{"allow":["GET"]}}],"collection":[{"href":"https:\/\/www.damianzimmermann.de\/blog\/wp-json\/wp\/v2\/posts"}],"about":[{"href":"https:\/\/www.damianzimmermann.de\/blog\/wp-json\/wp\/v2\/types\/post"}],"author":[{"embeddable":true,"href":"https:\/\/www.damianzimmermann.de\/blog\/wp-json\/wp\/v2\/users\/1"}],"replies":[{"embeddable":true,"href":"https:\/\/www.damianzimmermann.de\/blog\/wp-json\/wp\/v2\/comments?post=22534"}],"version-history":[{"count":3,"href":"https:\/\/www.damianzimmermann.de\/blog\/wp-json\/wp\/v2\/posts\/22534\/revisions"}],"predecessor-version":[{"id":22546,"href":"https:\/\/www.damianzimmermann.de\/blog\/wp-json\/wp\/v2\/posts\/22534\/revisions\/22546"}],"wp:featuredmedia":[{"embeddable":true,"href":"https:\/\/www.damianzimmermann.de\/blog\/wp-json\/wp\/v2\/media\/22536"}],"wp:attachment":[{"href":"https:\/\/www.damianzimmermann.de\/blog\/wp-json\/wp\/v2\/media?parent=22534"}],"wp:term":[{"taxonomy":"category","embeddable":true,"href":"https:\/\/www.damianzimmermann.de\/blog\/wp-json\/wp\/v2\/categories?post=22534"},{"taxonomy":"post_tag","embeddable":true,"href":"https:\/\/www.damianzimmermann.de\/blog\/wp-json\/wp\/v2\/tags?post=22534"}],"curies":[{"name":"wp","href":"https:\/\/api.w.org\/{rel}","templated":true}]}}