{"id":22470,"date":"2021-04-20T18:42:14","date_gmt":"2021-04-20T16:42:14","guid":{"rendered":"http:\/\/www.damianzimmermann.de\/blog\/?p=22470"},"modified":"2021-04-20T18:42:14","modified_gmt":"2021-04-20T16:42:14","slug":"kuenstliche-intelligenz-in-der-fotografie","status":"publish","type":"post","link":"https:\/\/www.damianzimmermann.de\/blog\/kuenstliche-intelligenz-in-der-fotografie\/","title":{"rendered":"K\u00fcnstliche Intelligenz in der Fotografie"},"content":{"rendered":"<p>Den Himmel in einem Foto austauschen, die Mimik und das Alter von Personen radikal ver\u00e4ndern \u2013 all das k\u00f6nnen die Algorithmen von Adobe, Skylum und Co. mittlerweile mit nur wenigen Mausklicks. Viele Profi-Fotografen bef\u00fcrchten allerdings, bei der Nutzung von KI-Tools die Kontrolle \u00fcber das individuelle Bildergebnis abzugeben.<\/p>\n<p>F\u00fcr die monatliche Umfrage der ProfiFoto wollte ich deshalb wissen, wie interessant diese KI-gesteuerten Tools f\u00fcr Berufsfotografen wirklich sind &#8211; oder ob sie sie vielleicht sogar eher vermeiden. Vielen Dank an Christian Ahrens, Carsten Bockermann, Thomas F\u00fchser, Katja Kemnitz, Heinrich Mehring, Heike Rost, Ivonne Thein und Mart\u00edn Volman f\u00fcr eure Teilnahme und die aufschlussreichen und vielschichtigen Antworten.<\/p>\n<p>Die komplette Umfrage k\u00f6nnt ihr <a href=\"https:\/\/www.damianzimmermann.de\/blog\/wp-content\/uploads\/18-21_Umfrage-1.pdf\" target=\"_blank\" rel=\"noopener\">hier<\/a> nachlesen.<\/p>\n<p>Links: <a href=\"https:\/\/www.ahrens-steinbach-projekte.de\/\" target=\"_blank\" rel=\"noopener\">Ahrens + Steinbach Projekte<\/a>, <a href=\"https:\/\/cabophoto.com\/\" target=\"_blank\" rel=\"noopener\">Carsten Bockermann<\/a>, <a href=\"https:\/\/www.lightflash.de\/\" target=\"_blank\" rel=\"noopener\">Thomas F\u00fchser<\/a>, <a href=\"https:\/\/kwerfeldein.de\/\" target=\"_blank\" rel=\"noopener\">Kwerfeldein<\/a>, <a href=\"http:\/\/mehringfotografie.de\/\" target=\"_blank\" rel=\"noopener\">Heinrich Mehring<\/a>, <a href=\"https:\/\/www.heikerost.com\/\" target=\"_blank\" rel=\"noopener\">Heike Rost<\/a>, <a href=\"https:\/\/www.ivonnethein.art\/\" target=\"_blank\" rel=\"noopener\">Ivonne Thein<\/a>, <a href=\"https:\/\/martinvolman.com\/\" target=\"_blank\" rel=\"noopener\">Mart\u00edn Volman<\/a><\/p>\n","protected":false},"excerpt":{"rendered":"<p>Den Himmel in einem Foto austauschen, die Mimik und das Alter von Personen radikal ver\u00e4ndern \u2013 all das k\u00f6nnen die Algorithmen von Adobe, Skylum und Co. mittlerweile mit&#8230;<\/p>\n","protected":false},"author":1,"featured_media":21655,"comment_status":"closed","ping_status":"closed","sticky":false,"template":"","format":"standard","meta":{"footnotes":""},"categories":[1632],"tags":[2001,1997,1263,1683,1999,404,1989,1995,1996,2000,2002,2003,1998],"class_list":["post-22470","post","type-post","status-publish","format-standard","has-post-thumbnail","hentry","category-umfrage","tag-adobe","tag-carsten-bockermann","tag-christian-ahrens","tag-heike-rost","tag-heinrich-mehring","tag-ivonne-thein","tag-katja-kemnitz","tag-ki","tag-kuenstliche-intelligenz","tag-martin-volman","tag-photoshop","tag-skylum","tag-thomas-fuehser"],"_links":{"self":[{"href":"https:\/\/www.damianzimmermann.de\/blog\/wp-json\/wp\/v2\/posts\/22470","targetHints":{"allow":["GET"]}}],"collection":[{"href":"https:\/\/www.damianzimmermann.de\/blog\/wp-json\/wp\/v2\/posts"}],"about":[{"href":"https:\/\/www.damianzimmermann.de\/blog\/wp-json\/wp\/v2\/types\/post"}],"author":[{"embeddable":true,"href":"https:\/\/www.damianzimmermann.de\/blog\/wp-json\/wp\/v2\/users\/1"}],"replies":[{"embeddable":true,"href":"https:\/\/www.damianzimmermann.de\/blog\/wp-json\/wp\/v2\/comments?post=22470"}],"version-history":[{"count":5,"href":"https:\/\/www.damianzimmermann.de\/blog\/wp-json\/wp\/v2\/posts\/22470\/revisions"}],"predecessor-version":[{"id":22476,"href":"https:\/\/www.damianzimmermann.de\/blog\/wp-json\/wp\/v2\/posts\/22470\/revisions\/22476"}],"wp:featuredmedia":[{"embeddable":true,"href":"https:\/\/www.damianzimmermann.de\/blog\/wp-json\/wp\/v2\/media\/21655"}],"wp:attachment":[{"href":"https:\/\/www.damianzimmermann.de\/blog\/wp-json\/wp\/v2\/media?parent=22470"}],"wp:term":[{"taxonomy":"category","embeddable":true,"href":"https:\/\/www.damianzimmermann.de\/blog\/wp-json\/wp\/v2\/categories?post=22470"},{"taxonomy":"post_tag","embeddable":true,"href":"https:\/\/www.damianzimmermann.de\/blog\/wp-json\/wp\/v2\/tags?post=22470"}],"curies":[{"name":"wp","href":"https:\/\/api.w.org\/{rel}","templated":true}]}}