{"id":22031,"date":"2020-10-22T14:13:47","date_gmt":"2020-10-22T12:13:47","guid":{"rendered":"http:\/\/www.damianzimmermann.de\/blog\/?p=22031"},"modified":"2020-10-22T16:02:13","modified_gmt":"2020-10-22T14:02:13","slug":"wie-viel-wahrheit-steckt-im-foto","status":"publish","type":"post","link":"https:\/\/www.damianzimmermann.de\/blog\/wie-viel-wahrheit-steckt-im-foto\/","title":{"rendered":"Wie viel Wahrheit steckt in der Fotografie?"},"content":{"rendered":"<p>Das Medium Fotografie war nie so unschuldig wie lange Zeit angenommen und unterstellt wurde \u2013 auch nicht im analogen Zeitalter. Fotografische Bilder wurden schon immer ver\u00e4ndert, optimiert, angepasst, korrigiert, dramatisiert, inszeniert und manipuliert. Das liegt in der Natur des Mediums: Es gibt kein unver\u00e4ndertes Foto, weil (fast) jedes Bild w\u00e4hrend seiner Entstehung interpretiert werden muss. Doch wann ist eine Ver\u00e4nderung bereits eine Manipulation, wann ist eine Manipulation noch zul\u00e4ssig und warum steht seit einigen Jahren der gesamte (Bild)journalismus unter Generalverdacht? Entwicklungen wie KI-generierte Fotografien, <strong>Deepfakes<\/strong> und die allgemeine <strong>Fake News<\/strong>-Debatte spielen dabei wichtige, aber nicht die einzigen Rollen. Auch \u00fcberforderte und unerfahrene Redakteuere und der weiter zunehmende Zeit- und Kostendruck in den Redaktionen f\u00f6rdern eine Fehleranf\u00e4lligkeit im Journalismus.<\/p>\n<p>F\u00fcr die aktuelle Ausgabe von &#8222;Journal&#8220; des <strong>Deutschen Journalisten-Verbandes NRW<\/strong> durfte ich mich mit genau diesen Fragen besch\u00e4ftigen und die aktuelle Titelgeschichte schreiben. Daf\u00fcr sprach ich mit dem Sportfotografen und Vorsitzenden des Fachausschusses Bildjournalisten im DJV-NRW, <strong>Wolfgang Birkenstock<\/strong>, dem (ehemaligen) Direktor des <strong>World Press Photo Award<\/strong>, <strong>Lars B\u00f6ring<\/strong>, dem Fotografen, Kurator, Autor und Dozenten <strong>Michael Ebert<\/strong>, <strong>Felix Koltermann<\/strong> von der Hochschule Hannover sowie mit der freien Bild\u00adredakteurin, Beraterin und Leiterin der Klasse Bildredaktion an der <strong>Ostkreuzschule<\/strong> f\u00fcr Fotografie, <strong>Nadja Masri<\/strong> \u00fcber ihre Erfahrungen und Einsch\u00e4tzungen.<\/p>\n<p>Besonders freut es mich zudem, dass sich die Redaktion entschieden hat, zur Bebilderung des Artikels zwei Arbeiten aus der Icons-Serie des Fotografen-Duos <strong>Jojakim Cortis<\/strong> und <strong>Adrian Sonderegger<\/strong> zu verwenden &#8211; schlie\u00dflich besch\u00e4ftigen sie sich bereits seit Jahren mit genau diesen Fragen auf eine sehr eigene, k\u00fcnstlerischer Weise: Sie bauen Ikonen der (journalistischen) Fotografiegeschichte in ihrem Fotostudio nach und setzen diese gesamte Kulisse in Szene.<\/p>\n<p>Meinen umfangreichen Artikel gibt es <a href=\"https:\/\/journal-nrw.de\/wie-viel-wahrheit-steckt-im-foto\/\" target=\"_blank\" rel=\"noopener noreferrer\">hier<\/a> auf der Seite des DJV-NRW.<\/p>\n<p>Links: <a href=\"https:\/\/generated.photos\/\" target=\"_blank\" rel=\"noopener noreferrer\">Generated Photos<\/a>, <a href=\"https:\/\/ars.electronica.art\/center\/de\/obama-deep-fake\/\" target=\"_blank\" rel=\"noopener noreferrer\">Obama Deep Fake<\/a>, <a href=\"https:\/\/www.wolfgang-birkenstock.de\/\" target=\"_blank\" rel=\"noopener noreferrer\">Wolfgang Birkenstock<\/a>, <a href=\"https:\/\/www.ostkreuzschule.de\/\" target=\"_blank\" rel=\"noopener noreferrer\">Ostkreuzschule<\/a>, <a href=\"https:\/\/www.michaelebert.de\/\" target=\"_blank\" rel=\"noopener noreferrer\">Michael Ebert<\/a>, <a href=\"http:\/\/www.fkoltermann.de\/\" target=\"_blank\" rel=\"noopener noreferrer\">Felix Koltermann<\/a>, <a href=\"https:\/\/www.worldpressphoto.org\/\" target=\"_blank\" rel=\"noopener noreferrer\">World Press Photo<\/a>, <a href=\"https:\/\/www.ohnetitel.ch\/\" target=\"_blank\" rel=\"noopener noreferrer\">Cortis &amp; Sonderegger<\/a>,<\/p>\n\n\t\t<style type=\"text\/css\">\n\t\t\t#gallery-1 {\n\t\t\t\tmargin: auto;\n\t\t\t}\n\t\t\t#gallery-1 .gallery-item {\n\t\t\t\tfloat: left;\n\t\t\t\tmargin-top: 10px;\n\t\t\t\ttext-align: center;\n\t\t\t\twidth: 100%;\n\t\t\t}\n\t\t\t#gallery-1 img {\n\t\t\t\tborder: 2px solid #cfcfcf;\n\t\t\t}\n\t\t\t#gallery-1 .gallery-caption {\n\t\t\t\tmargin-left: 0;\n\t\t\t}\n\t\t\t\/* see gallery_shortcode() in wp-includes\/media.php *\/\n\t\t<\/style>\n\t\t<div id='gallery-1' class='gallery galleryid-22031 gallery-columns-1 gallery-size-large'><dl class='gallery-item'>\n\t\t\t<dt class='gallery-icon portrait'>\n\t\t\t\t<img loading=\"lazy\" decoding=\"async\" width=\"600\" height=\"900\" src=\"https:\/\/www.damianzimmermann.de\/blog\/wp-content\/uploads\/cs-Five-Soldiers-Silhouette-at-the-Battle-of-Broodsein.jpg\" class=\"attachment-large size-large\" alt=\"\" aria-describedby=\"gallery-1-22034\" srcset=\"https:\/\/www.damianzimmermann.de\/blog\/wp-content\/uploads\/cs-Five-Soldiers-Silhouette-at-the-Battle-of-Broodsein.jpg 600w, https:\/\/www.damianzimmermann.de\/blog\/wp-content\/uploads\/cs-Five-Soldiers-Silhouette-at-the-Battle-of-Broodsein-267x400.jpg 267w, https:\/\/www.damianzimmermann.de\/blog\/wp-content\/uploads\/cs-Five-Soldiers-Silhouette-at-the-Battle-of-Broodsein-100x150.jpg 100w, https:\/\/www.damianzimmermann.de\/blog\/wp-content\/uploads\/cs-Five-Soldiers-Silhouette-at-the-Battle-of-Broodsein-210x315.jpg 210w\" sizes=\"auto, (max-width: 600px) 100vw, 600px\" \/>\n\t\t\t<\/dt>\n\t\t\t\t<dd class='wp-caption-text gallery-caption' id='gallery-1-22034'>\n\t\t\t\tJojakim Cortis und Adrian Sonderegger: \nMaking of \u201eFive Soldiers Silhouette at the Battle of Broodsein (by Ernest Brooks, 1917), 2013\n\n\t\t\t\t<\/dd><\/dl><br style=\"clear: both\" \/><dl class='gallery-item'>\n\t\t\t<dt class='gallery-icon landscape'>\n\t\t\t\t<img loading=\"lazy\" decoding=\"async\" width=\"620\" height=\"413\" src=\"https:\/\/www.damianzimmermann.de\/blog\/wp-content\/uploads\/CS-Tiananmen.jpg\" class=\"attachment-large size-large\" alt=\"\" aria-describedby=\"gallery-1-22033\" srcset=\"https:\/\/www.damianzimmermann.de\/blog\/wp-content\/uploads\/CS-Tiananmen.jpg 900w, https:\/\/www.damianzimmermann.de\/blog\/wp-content\/uploads\/CS-Tiananmen-400x267.jpg 400w, https:\/\/www.damianzimmermann.de\/blog\/wp-content\/uploads\/CS-Tiananmen-200x133.jpg 200w, https:\/\/www.damianzimmermann.de\/blog\/wp-content\/uploads\/CS-Tiananmen-768x512.jpg 768w, https:\/\/www.damianzimmermann.de\/blog\/wp-content\/uploads\/CS-Tiananmen-210x140.jpg 210w\" sizes=\"auto, (max-width: 620px) 100vw, 620px\" \/>\n\t\t\t<\/dt>\n\t\t\t\t<dd class='wp-caption-text gallery-caption' id='gallery-1-22033'>\n\t\t\t\tJojakim Cortis und Adrian Sonderegger: Making of \u201eTian\u2019anmen\u201c (by Stuart Franklin, 1989), 2013\n\n\t\t\t\t<\/dd><\/dl><br style=\"clear: both\" \/><dl class='gallery-item'>\n\t\t\t<dt class='gallery-icon portrait'>\n\t\t\t\t<img loading=\"lazy\" decoding=\"async\" width=\"620\" height=\"815\" src=\"https:\/\/www.damianzimmermann.de\/blog\/wp-content\/uploads\/Titelbild_JOURNAL_520.jpg\" class=\"attachment-large size-large\" alt=\"\" aria-describedby=\"gallery-1-22035\" srcset=\"https:\/\/www.damianzimmermann.de\/blog\/wp-content\/uploads\/Titelbild_JOURNAL_520.jpg 685w, https:\/\/www.damianzimmermann.de\/blog\/wp-content\/uploads\/Titelbild_JOURNAL_520-304x400.jpg 304w, https:\/\/www.damianzimmermann.de\/blog\/wp-content\/uploads\/Titelbild_JOURNAL_520-114x150.jpg 114w, https:\/\/www.damianzimmermann.de\/blog\/wp-content\/uploads\/Titelbild_JOURNAL_520-210x276.jpg 210w\" sizes=\"auto, (max-width: 620px) 100vw, 620px\" \/>\n\t\t\t<\/dt>\n\t\t\t\t<dd class='wp-caption-text gallery-caption' id='gallery-1-22035'>\n\t\t\t\tTitelseite von Journal (5\/20) mit dem Foto von Jojakim Cortis und Adrian Sonderegger.\n\t\t\t\t<\/dd><\/dl><br style=\"clear: both\" \/>\n\t\t<\/div>\n\n","protected":false},"excerpt":{"rendered":"<p>Das Medium Fotografie war nie so unschuldig wie lange Zeit angenommen und unterstellt wurde \u2013 auch nicht im analogen Zeitalter. Fotografische Bilder wurden schon immer ver\u00e4ndert, optimiert, angepasst,&#8230;<\/p>\n","protected":false},"author":1,"featured_media":22035,"comment_status":"closed","ping_status":"closed","sticky":false,"template":"","format":"standard","meta":{"footnotes":""},"categories":[1,1161],"tags":[1728,1897,1744,1895,1890,1898,1901,1537,1889,1891,1893,1896,1888,1892],"class_list":["post-22031","post","type-post","status-publish","format-standard","has-post-thumbnail","hentry","category-allgemein","category-bildung","tag-barack-obama","tag-deepfake","tag-djv","tag-fake-news","tag-felix-koltermann","tag-generated-photos","tag-jojakim-cortis-adrian-sonderegger","tag-lars-boering","tag-michael-ebert","tag-nadja-masri","tag-ostkreuzschule","tag-stylegan","tag-wolfgang-birkenstock","tag-world-press-photo-award"],"_links":{"self":[{"href":"https:\/\/www.damianzimmermann.de\/blog\/wp-json\/wp\/v2\/posts\/22031","targetHints":{"allow":["GET"]}}],"collection":[{"href":"https:\/\/www.damianzimmermann.de\/blog\/wp-json\/wp\/v2\/posts"}],"about":[{"href":"https:\/\/www.damianzimmermann.de\/blog\/wp-json\/wp\/v2\/types\/post"}],"author":[{"embeddable":true,"href":"https:\/\/www.damianzimmermann.de\/blog\/wp-json\/wp\/v2\/users\/1"}],"replies":[{"embeddable":true,"href":"https:\/\/www.damianzimmermann.de\/blog\/wp-json\/wp\/v2\/comments?post=22031"}],"version-history":[{"count":22,"href":"https:\/\/www.damianzimmermann.de\/blog\/wp-json\/wp\/v2\/posts\/22031\/revisions"}],"predecessor-version":[{"id":22056,"href":"https:\/\/www.damianzimmermann.de\/blog\/wp-json\/wp\/v2\/posts\/22031\/revisions\/22056"}],"wp:featuredmedia":[{"embeddable":true,"href":"https:\/\/www.damianzimmermann.de\/blog\/wp-json\/wp\/v2\/media\/22035"}],"wp:attachment":[{"href":"https:\/\/www.damianzimmermann.de\/blog\/wp-json\/wp\/v2\/media?parent=22031"}],"wp:term":[{"taxonomy":"category","embeddable":true,"href":"https:\/\/www.damianzimmermann.de\/blog\/wp-json\/wp\/v2\/categories?post=22031"},{"taxonomy":"post_tag","embeddable":true,"href":"https:\/\/www.damianzimmermann.de\/blog\/wp-json\/wp\/v2\/tags?post=22031"}],"curies":[{"name":"wp","href":"https:\/\/api.w.org\/{rel}","templated":true}]}}