{"id":21980,"date":"2020-09-28T13:29:04","date_gmt":"2020-09-28T11:29:04","guid":{"rendered":"http:\/\/www.damianzimmermann.de\/blog\/?p=21980"},"modified":"2020-09-28T13:35:13","modified_gmt":"2020-09-28T11:35:13","slug":"interview-mit-matt-black","status":"publish","type":"post","link":"https:\/\/www.damianzimmermann.de\/blog\/interview-mit-matt-black\/","title":{"rendered":"Interview mit Matt Black"},"content":{"rendered":"<p>Der <strong>Magnum<\/strong>-Fotograf <strong>Matt Black<\/strong> ist im kalifornischen <span lang=\"de-DE\">L\u00e4ngstal <\/span>aufgewachsen und lebt noch heute dort. F\u00fcr mich klingt das nach Hollywood, Baywatch, Disneyland und Silicon Valley, doch in Wirklichkeit geh\u00f6rt seine Heimat zu den \u00e4rmsten Regionen in den Vereinigten Staaten. &#8222;Es ist das exakte Gegenteil von dem, was Menschen im Kopf haben, wenn sie an Kalifornien denken&#8220;, erkl\u00e4rte mir Black. Das nahm er zum Anlass, um weitere Orte in den USA zu suchen, die eine Armutsquote von mehr als 20 Prozent haben und damit offiziell als arm gelten &#8211; und fand schlie\u00dflich so viele davon, dass er immer wieder f\u00fcr mehrere Monate losfuhr und sie fotografierte.<\/p>\n<p>Das <strong>Haus der Photographie<\/strong> in den <strong>Deichtorhallen<\/strong> zeigt bis zum 3. Januar 2021 in der Ausstellung &#8222;American Geography&#8220; erstmals die Ergebnisse dieser langwierigen und aufwendigen Recherche-Reisen, die ihn mehrfach quer durch die USA gef\u00fchrt haben. Aus diesem Anlass habe ich mit Matt Black zwei Zoom-Interviews gef\u00fchrt und dabei wieder viel gelernt \u00fcber den amerikanischen Gr\u00fcndungsmythos und der <strong>Bootstraps<\/strong>-Idee, die noch immer tief in den K\u00f6pfen der Amerikaner verankert sind &#8211; und dessen Scheitern zu einer wahren Identit\u00e4tskrise in den USA f\u00fchrt.<\/p>\n<p>Wir sprachen auch \u00fcber Pr\u00e4sident <strong>Donald Trump<\/strong>, die <strong>Black-Lives-Matter<\/strong>-Bewegung, die Auswirkungen von <strong>Corona<\/strong> und warum es schon immer ausl\u00e4ndischen Fotografen wie <strong>Jacob Holdt<\/strong>, <strong>Robert Frank<\/strong> und <strong>Jacob Riis<\/strong> leichter gefallen ist, auf Amerika zu blicken.<\/p>\n<p>Das Interview ist im Online-Magazin Halle4 der Deichtorhallen erschienen und gibt es <a href=\"https:\/\/www.deichtorhallen.de\/halle4\/ich-zeige-das-gefuehl-der-machtlosigkeit\" target=\"_blank\" rel=\"noopener noreferrer\">hier<\/a>.<\/p>\n<p>Links: <a href=\"https:\/\/www.mattblack.com\/\" target=\"_blank\" rel=\"noopener noreferrer\">Matt Black<\/a>, <a href=\"https:\/\/www.deichtorhallen.de\/ausstellung\/matt-black\" target=\"_blank\" rel=\"noopener noreferrer\">Deichtorhallen<\/a><\/p>\n\n\t\t<style type=\"text\/css\">\n\t\t\t#gallery-1 {\n\t\t\t\tmargin: auto;\n\t\t\t}\n\t\t\t#gallery-1 .gallery-item {\n\t\t\t\tfloat: left;\n\t\t\t\tmargin-top: 10px;\n\t\t\t\ttext-align: center;\n\t\t\t\twidth: 100%;\n\t\t\t}\n\t\t\t#gallery-1 img {\n\t\t\t\tborder: 2px solid #cfcfcf;\n\t\t\t}\n\t\t\t#gallery-1 .gallery-caption {\n\t\t\t\tmargin-left: 0;\n\t\t\t}\n\t\t\t\/* see gallery_shortcode() in wp-includes\/media.php *\/\n\t\t<\/style>\n\t\t<div id='gallery-1' class='gallery galleryid-21980 gallery-columns-1 gallery-size-large'><dl class='gallery-item'>\n\t\t\t<dt class='gallery-icon landscape'>\n\t\t\t\t<img loading=\"lazy\" decoding=\"async\" width=\"620\" height=\"620\" src=\"https:\/\/www.damianzimmermann.de\/blog\/wp-content\/uploads\/NW_Commemoration-of-the-Wounded-Knee-Massacre_Pine-RidgeSouth-DakotaUSA2016.jpg\" class=\"attachment-large size-large\" alt=\"\" aria-describedby=\"gallery-1-21983\" srcset=\"https:\/\/www.damianzimmermann.de\/blog\/wp-content\/uploads\/NW_Commemoration-of-the-Wounded-Knee-Massacre_Pine-RidgeSouth-DakotaUSA2016.jpg 900w, https:\/\/www.damianzimmermann.de\/blog\/wp-content\/uploads\/NW_Commemoration-of-the-Wounded-Knee-Massacre_Pine-RidgeSouth-DakotaUSA2016-400x400.jpg 400w, https:\/\/www.damianzimmermann.de\/blog\/wp-content\/uploads\/NW_Commemoration-of-the-Wounded-Knee-Massacre_Pine-RidgeSouth-DakotaUSA2016-150x150.jpg 150w, https:\/\/www.damianzimmermann.de\/blog\/wp-content\/uploads\/NW_Commemoration-of-the-Wounded-Knee-Massacre_Pine-RidgeSouth-DakotaUSA2016-768x768.jpg 768w, https:\/\/www.damianzimmermann.de\/blog\/wp-content\/uploads\/NW_Commemoration-of-the-Wounded-Knee-Massacre_Pine-RidgeSouth-DakotaUSA2016-210x210.jpg 210w\" sizes=\"auto, (max-width: 620px) 100vw, 620px\" \/>\n\t\t\t<\/dt>\n\t\t\t\t<dd class='wp-caption-text gallery-caption' id='gallery-1-21983'>\n\t\t\t\tMatt Black: Commemoration of the Wounded Knee Massacre, Pine Ridge, South Dakota, USA, 2016\n\nCopyright: \u00a9 Matt Black\/Magnum Photos\n\t\t\t\t<\/dd><\/dl><br style=\"clear: both\" \/><dl class='gallery-item'>\n\t\t\t<dt class='gallery-icon landscape'>\n\t\t\t\t<img loading=\"lazy\" decoding=\"async\" width=\"620\" height=\"620\" src=\"https:\/\/www.damianzimmermann.de\/blog\/wp-content\/uploads\/NE_Pleasant-PointMaineUSA2019.jpg\" class=\"attachment-large size-large\" alt=\"\" aria-describedby=\"gallery-1-21982\" srcset=\"https:\/\/www.damianzimmermann.de\/blog\/wp-content\/uploads\/NE_Pleasant-PointMaineUSA2019.jpg 900w, https:\/\/www.damianzimmermann.de\/blog\/wp-content\/uploads\/NE_Pleasant-PointMaineUSA2019-400x400.jpg 400w, https:\/\/www.damianzimmermann.de\/blog\/wp-content\/uploads\/NE_Pleasant-PointMaineUSA2019-150x150.jpg 150w, https:\/\/www.damianzimmermann.de\/blog\/wp-content\/uploads\/NE_Pleasant-PointMaineUSA2019-768x768.jpg 768w, https:\/\/www.damianzimmermann.de\/blog\/wp-content\/uploads\/NE_Pleasant-PointMaineUSA2019-210x210.jpg 210w\" sizes=\"auto, (max-width: 620px) 100vw, 620px\" \/>\n\t\t\t<\/dt>\n\t\t\t\t<dd class='wp-caption-text gallery-caption' id='gallery-1-21982'>\n\t\t\t\tMatt Black: Pleasant Point, Maine, USA, 2019\n\nCopyright: \u00a9 Matt Black\/Magnum Photos\n\t\t\t\t<\/dd><\/dl><br style=\"clear: both\" \/><dl class='gallery-item'>\n\t\t\t<dt class='gallery-icon landscape'>\n\t\t\t\t<img loading=\"lazy\" decoding=\"async\" width=\"620\" height=\"620\" src=\"https:\/\/www.damianzimmermann.de\/blog\/wp-content\/uploads\/NW_Farm-in-OntarioWisconsinUSA2017.jpg\" class=\"attachment-large size-large\" alt=\"\" aria-describedby=\"gallery-1-21984\" srcset=\"https:\/\/www.damianzimmermann.de\/blog\/wp-content\/uploads\/NW_Farm-in-OntarioWisconsinUSA2017.jpg 900w, https:\/\/www.damianzimmermann.de\/blog\/wp-content\/uploads\/NW_Farm-in-OntarioWisconsinUSA2017-400x400.jpg 400w, https:\/\/www.damianzimmermann.de\/blog\/wp-content\/uploads\/NW_Farm-in-OntarioWisconsinUSA2017-150x150.jpg 150w, https:\/\/www.damianzimmermann.de\/blog\/wp-content\/uploads\/NW_Farm-in-OntarioWisconsinUSA2017-768x768.jpg 768w, https:\/\/www.damianzimmermann.de\/blog\/wp-content\/uploads\/NW_Farm-in-OntarioWisconsinUSA2017-210x210.jpg 210w\" sizes=\"auto, (max-width: 620px) 100vw, 620px\" \/>\n\t\t\t<\/dt>\n\t\t\t\t<dd class='wp-caption-text gallery-caption' id='gallery-1-21984'>\n\t\t\t\tMatt Black: Farm in Ontario, Wisconsin, USA, 2017\n\nCopyright: \u00a9 Matt Black\/Magnum Photos\n\t\t\t\t<\/dd><\/dl><br style=\"clear: both\" \/><dl class='gallery-item'>\n\t\t\t<dt class='gallery-icon landscape'>\n\t\t\t\t<img loading=\"lazy\" decoding=\"async\" width=\"620\" height=\"620\" src=\"https:\/\/www.damianzimmermann.de\/blog\/wp-content\/uploads\/SE_Downtown-FultonKentuckyUSA2017.jpg\" class=\"attachment-large size-large\" alt=\"\" aria-describedby=\"gallery-1-21985\" srcset=\"https:\/\/www.damianzimmermann.de\/blog\/wp-content\/uploads\/SE_Downtown-FultonKentuckyUSA2017.jpg 900w, https:\/\/www.damianzimmermann.de\/blog\/wp-content\/uploads\/SE_Downtown-FultonKentuckyUSA2017-400x400.jpg 400w, https:\/\/www.damianzimmermann.de\/blog\/wp-content\/uploads\/SE_Downtown-FultonKentuckyUSA2017-150x150.jpg 150w, https:\/\/www.damianzimmermann.de\/blog\/wp-content\/uploads\/SE_Downtown-FultonKentuckyUSA2017-768x768.jpg 768w, https:\/\/www.damianzimmermann.de\/blog\/wp-content\/uploads\/SE_Downtown-FultonKentuckyUSA2017-210x210.jpg 210w\" sizes=\"auto, (max-width: 620px) 100vw, 620px\" \/>\n\t\t\t<\/dt>\n\t\t\t\t<dd class='wp-caption-text gallery-caption' id='gallery-1-21985'>\n\t\t\t\tMatt Black: Downtown, Fulton, Kentucky, USA, 2017\n\nCopyright: \u00a9 Matt Black\/Magnum Photos\n\t\t\t\t<\/dd><\/dl><br style=\"clear: both\" \/><dl class='gallery-item'>\n\t\t\t<dt class='gallery-icon landscape'>\n\t\t\t\t<img loading=\"lazy\" decoding=\"async\" width=\"620\" height=\"620\" src=\"https:\/\/www.damianzimmermann.de\/blog\/wp-content\/uploads\/SW_AllensworthCaliforniaUSA2014.jpg\" class=\"attachment-large size-large\" alt=\"\" aria-describedby=\"gallery-1-21986\" srcset=\"https:\/\/www.damianzimmermann.de\/blog\/wp-content\/uploads\/SW_AllensworthCaliforniaUSA2014.jpg 900w, https:\/\/www.damianzimmermann.de\/blog\/wp-content\/uploads\/SW_AllensworthCaliforniaUSA2014-400x400.jpg 400w, https:\/\/www.damianzimmermann.de\/blog\/wp-content\/uploads\/SW_AllensworthCaliforniaUSA2014-150x150.jpg 150w, https:\/\/www.damianzimmermann.de\/blog\/wp-content\/uploads\/SW_AllensworthCaliforniaUSA2014-768x768.jpg 768w, https:\/\/www.damianzimmermann.de\/blog\/wp-content\/uploads\/SW_AllensworthCaliforniaUSA2014-210x210.jpg 210w\" sizes=\"auto, (max-width: 620px) 100vw, 620px\" \/>\n\t\t\t<\/dt>\n\t\t\t\t<dd class='wp-caption-text gallery-caption' id='gallery-1-21986'>\n\t\t\t\tMatt Black: Allensworth, California, USA, 2014\n\nCopyright: \u00a9 Matt Black\/Magnum Photos\n\t\t\t\t<\/dd><\/dl><br style=\"clear: both\" \/><dl class='gallery-item'>\n\t\t\t<dt class='gallery-icon landscape'>\n\t\t\t\t<img loading=\"lazy\" decoding=\"async\" width=\"620\" height=\"620\" src=\"https:\/\/www.damianzimmermann.de\/blog\/wp-content\/uploads\/SW_El-PasoTexasUSA2015.jpg\" class=\"attachment-large size-large\" alt=\"\" aria-describedby=\"gallery-1-21987\" srcset=\"https:\/\/www.damianzimmermann.de\/blog\/wp-content\/uploads\/SW_El-PasoTexasUSA2015.jpg 900w, https:\/\/www.damianzimmermann.de\/blog\/wp-content\/uploads\/SW_El-PasoTexasUSA2015-400x400.jpg 400w, https:\/\/www.damianzimmermann.de\/blog\/wp-content\/uploads\/SW_El-PasoTexasUSA2015-150x150.jpg 150w, https:\/\/www.damianzimmermann.de\/blog\/wp-content\/uploads\/SW_El-PasoTexasUSA2015-768x768.jpg 768w, https:\/\/www.damianzimmermann.de\/blog\/wp-content\/uploads\/SW_El-PasoTexasUSA2015-210x210.jpg 210w\" sizes=\"auto, (max-width: 620px) 100vw, 620px\" \/>\n\t\t\t<\/dt>\n\t\t\t\t<dd class='wp-caption-text gallery-caption' id='gallery-1-21987'>\n\t\t\t\tMatt Black: El Paso, Texas, USA, 2015\n\nCopyright: \u00a9 Matt Black\/Magnum Photos\n\t\t\t\t<\/dd><\/dl><br style=\"clear: both\" \/><dl class='gallery-item'>\n\t\t\t<dt class='gallery-icon landscape'>\n\t\t\t\t<img loading=\"lazy\" decoding=\"async\" width=\"620\" height=\"199\" src=\"https:\/\/www.damianzimmermann.de\/blog\/wp-content\/uploads\/Matt-Black-Zoom.jpg\" class=\"attachment-large size-large\" alt=\"\" aria-describedby=\"gallery-1-21981\" srcset=\"https:\/\/www.damianzimmermann.de\/blog\/wp-content\/uploads\/Matt-Black-Zoom.jpg 900w, https:\/\/www.damianzimmermann.de\/blog\/wp-content\/uploads\/Matt-Black-Zoom-400x128.jpg 400w, https:\/\/www.damianzimmermann.de\/blog\/wp-content\/uploads\/Matt-Black-Zoom-200x64.jpg 200w, https:\/\/www.damianzimmermann.de\/blog\/wp-content\/uploads\/Matt-Black-Zoom-768x247.jpg 768w, https:\/\/www.damianzimmermann.de\/blog\/wp-content\/uploads\/Matt-Black-Zoom-210x67.jpg 210w\" sizes=\"auto, (max-width: 620px) 100vw, 620px\" \/>\n\t\t\t<\/dt>\n\t\t\t\t<dd class='wp-caption-text gallery-caption' id='gallery-1-21981'>\n\t\t\t\tScreenshot meines Zoom-Interviews mit Matt Black im Juni 2020.\n\t\t\t\t<\/dd><\/dl><br style=\"clear: both\" \/>\n\t\t<\/div>\n\n","protected":false},"excerpt":{"rendered":"<p>Der Magnum-Fotograf Matt Black ist im kalifornischen L\u00e4ngstal aufgewachsen und lebt noch heute dort. F\u00fcr mich klingt das nach Hollywood, Baywatch, Disneyland und Silicon Valley, doch in Wirklichkeit&#8230;<\/p>\n","protected":false},"author":1,"featured_media":21983,"comment_status":"closed","ping_status":"closed","sticky":false,"template":"","format":"standard","meta":{"footnotes":""},"categories":[1,6,1163],"tags":[1871,1872,1801,1873,692,1870,40,1869,234],"class_list":["post-21980","post","type-post","status-publish","format-standard","has-post-thumbnail","hentry","category-allgemein","category-ausstellungen","category-interviews","tag-black-lives-matter","tag-bootstraps","tag-corona","tag-donald-trump","tag-jacob-holdt","tag-jacob-riis","tag-magnum","tag-matt-black","tag-robert-frank"],"_links":{"self":[{"href":"https:\/\/www.damianzimmermann.de\/blog\/wp-json\/wp\/v2\/posts\/21980","targetHints":{"allow":["GET"]}}],"collection":[{"href":"https:\/\/www.damianzimmermann.de\/blog\/wp-json\/wp\/v2\/posts"}],"about":[{"href":"https:\/\/www.damianzimmermann.de\/blog\/wp-json\/wp\/v2\/types\/post"}],"author":[{"embeddable":true,"href":"https:\/\/www.damianzimmermann.de\/blog\/wp-json\/wp\/v2\/users\/1"}],"replies":[{"embeddable":true,"href":"https:\/\/www.damianzimmermann.de\/blog\/wp-json\/wp\/v2\/comments?post=21980"}],"version-history":[{"count":12,"href":"https:\/\/www.damianzimmermann.de\/blog\/wp-json\/wp\/v2\/posts\/21980\/revisions"}],"predecessor-version":[{"id":21999,"href":"https:\/\/www.damianzimmermann.de\/blog\/wp-json\/wp\/v2\/posts\/21980\/revisions\/21999"}],"wp:featuredmedia":[{"embeddable":true,"href":"https:\/\/www.damianzimmermann.de\/blog\/wp-json\/wp\/v2\/media\/21983"}],"wp:attachment":[{"href":"https:\/\/www.damianzimmermann.de\/blog\/wp-json\/wp\/v2\/media?parent=21980"}],"wp:term":[{"taxonomy":"category","embeddable":true,"href":"https:\/\/www.damianzimmermann.de\/blog\/wp-json\/wp\/v2\/categories?post=21980"},{"taxonomy":"post_tag","embeddable":true,"href":"https:\/\/www.damianzimmermann.de\/blog\/wp-json\/wp\/v2\/tags?post=21980"}],"curies":[{"name":"wp","href":"https:\/\/api.w.org\/{rel}","templated":true}]}}