{"id":21932,"date":"2020-09-24T09:20:12","date_gmt":"2020-09-24T07:20:12","guid":{"rendered":"http:\/\/www.damianzimmermann.de\/blog\/?p=21932"},"modified":"2020-10-03T10:40:24","modified_gmt":"2020-10-03T08:40:24","slug":"der-blog-wird-500-ich-feier-mit-einer-verlosung","status":"publish","type":"post","link":"https:\/\/www.damianzimmermann.de\/blog\/der-blog-wird-500-ich-feier-mit-einer-verlosung\/","title":{"rendered":"Mein Blog wird 500 &#8211; Zeit f\u00fcr eine Verlosung!"},"content":{"rendered":"<p><a href=\"https:\/\/www.damianzimmermann.de\/blog\/wp-content\/uploads\/500-Jubil\u00e4um.jpg\"><img loading=\"lazy\" decoding=\"async\" class=\"alignleft wp-image-21933\" src=\"https:\/\/www.damianzimmermann.de\/blog\/wp-content\/uploads\/500-Jubil\u00e4um.jpg\" alt=\"\" width=\"720\" height=\"708\" srcset=\"https:\/\/www.damianzimmermann.de\/blog\/wp-content\/uploads\/500-Jubil\u00e4um.jpg 900w, https:\/\/www.damianzimmermann.de\/blog\/wp-content\/uploads\/500-Jubil\u00e4um-400x393.jpg 400w, https:\/\/www.damianzimmermann.de\/blog\/wp-content\/uploads\/500-Jubil\u00e4um-153x150.jpg 153w, https:\/\/www.damianzimmermann.de\/blog\/wp-content\/uploads\/500-Jubil\u00e4um-768x755.jpg 768w, https:\/\/www.damianzimmermann.de\/blog\/wp-content\/uploads\/500-Jubil\u00e4um-210x207.jpg 210w\" sizes=\"auto, (max-width: 720px) 100vw, 720px\" \/><\/a>Im Juli 2009 habe ich diesen Blog gestartet &#8211; und nicht damit gerechnet, dass ich ihn elf Jahre sp\u00e4ter immer noch regelm\u00e4\u00dfig mit Artikeln, Kritiken, Besprechungen, Interviews, Umfragen und vielem anderen bespielen w\u00fcrde. Ganz offensichtlich tue ich das aber, denn dieser Post ist bereits mein 500ster Eintrag hier. Ein wenig ungl\u00e4ubig scrolle ich durch meine <strong>Blog-Timeline<\/strong>, entdecke hier B\u00fccher neu, sehe Ausstellungen, die ich vor vielen Jahren besucht habe und lese ein Interview, das ich f\u00fcr ein Magazin gef\u00fchrt habe, das es schon lange nicht mehr gibt. Mein Blog ist als Experiment und aus einem inneren Drang heraus entstanden und l\u00e4ngst zu einer Art Online-Archiv meiner eigenen Arbeit angewachsen.<\/p>\n<p>Das alles w\u00fcrde ich aber nicht so flei\u00dfig verfolgen, h\u00e4tte ich nicht euch, meine treuen Leser. Bis zu 15.000 Besucher verirren sich im Monat hier her, was mich immer wieder selbst erstaunt, aber noch mehr freut.<\/p>\n<p>Deshalb habe ich mit diesem kleinen Jubil\u00e4um auch ein gro\u00dfes <strong>Dankesch\u00f6n<\/strong> mitgebracht: Ich mache eine <strong>Verlosung<\/strong> und ihr k\u00f6nnt insgesamt drei wunderbare Polaroid-Kalender f\u00fcr 2021 sowie zwei gro\u00dfartige Fotob\u00fccher, die ich in diesem Jahr besprochen habe und\/oder mit deren Fotografen ich ein Interview gef\u00fchrt habe, gewinnen:<\/p>\n<p><em>Den Abrei\u00dfkalender <\/em><a href=\"https:\/\/www.seltmannundsoehne.com\/flamboyant-flowers\/\" target=\"_blank\" rel=\"noopener noreferrer\">Flamboyant Flowers<\/a><em>, erschienen im Verlag Seltmann+S\u00f6hne, im Wert von 35 Euro<\/em><\/p>\n<p><em>Den Abrei\u00dfkalender <\/em><a href=\"https:\/\/www.seltmannundsoehne.com\/photodarium-2021\/\" target=\"_blank\" rel=\"noopener noreferrer\">Photodarium 2021<\/a><em>, erschienen im Verlag Seltmann+S\u00f6hne, im Wert von 29,80 Euro<\/em><\/p>\n<p><em>Den Abrei\u00dfkalender <\/em><a href=\"https:\/\/www.seltmannundsoehne.com\/photodarium-private-2021\/\" target=\"_blank\" rel=\"noopener noreferrer\">Photodarium Private 2021<\/a><em>, ebenfalls erschienen im Verlag Seltmann+S\u00f6hne, im Wert von 35 Euro<\/em><\/p>\n<p><em>Das Fotobuch <a href=\"https:\/\/www.damianzimmermann.de\/blog\/the-architecture-of-transit-von-sue-barr\/\" target=\"_blank\" rel=\"noopener noreferrer\">The Architecture of Transit<\/a> von Sue Barr, erschienen bei Hartmann Books, im Wert von 34 Euro<\/em><\/p>\n<p><em>Das Fotobuch <a href=\"https:\/\/www.damianzimmermann.de\/blog\/interview-mit-aapo-huhta\/\" target=\"_blank\" rel=\"noopener noreferrer\">Omatandangole<\/a> von Aapo Huhta, erschienen im Kehrer Verlag, im Wert von 38 Euro<\/em><\/p>\n<p>Schreibt mir <strong>bis zum 3. Oktober 2020, 23.59 Uhr<\/strong>, eine Mail an <a href=\"mailto:blog@damianzimmermann.de\" target=\"_blank\" rel=\"noopener noreferrer\">blog@damianzimmermann.de<\/a> mit dem <strong>Betreff\u00a0 Verlosung<\/strong> und teilt mir kurz eure Gedanken zu meinem Blog mit. Unter allen Emails sowie Facebook- und Instagram-Kommentaren auf meinen Seiten verlose ich dann die f\u00fcnf Gewinne. Jeder kann nur einmal teilnehmen (und auch nur einmal gewinnen), der Versand erfolgt direkt \u00fcber die Verlage nur innerhalb der Bundesrepublik Deutschland. Der Rechtsweg ist ausgeschlossen.<\/p>\n<p>Ich freue mich auf eure Nachrichten, Ideen, Anregungen und w\u00fcnsche euch viel Gl\u00fcck und noch mehr Spa\u00df mit den n\u00e4chsten 500 Posts auf meinem Blog.<\/p>\n<p>Euer Damian<\/p>\n<p>Links: <a href=\"https:\/\/hartmann-books.com\/\" target=\"_blank\" rel=\"noopener noreferrer\">Hartmann Books<\/a>, <a href=\"https:\/\/www.kehrerverlag.com\/\" target=\"_blank\" rel=\"noopener noreferrer\">Kehrer Verlag<\/a>, <a href=\"https:\/\/www.seltmannundsoehne.com\/\" target=\"_blank\" rel=\"noopener noreferrer\">Seltmann+S\u00f6hne<\/a><\/p>\n\n\t\t<style type=\"text\/css\">\n\t\t\t#gallery-1 {\n\t\t\t\tmargin: auto;\n\t\t\t}\n\t\t\t#gallery-1 .gallery-item {\n\t\t\t\tfloat: left;\n\t\t\t\tmargin-top: 10px;\n\t\t\t\ttext-align: center;\n\t\t\t\twidth: 100%;\n\t\t\t}\n\t\t\t#gallery-1 img {\n\t\t\t\tborder: 2px solid #cfcfcf;\n\t\t\t}\n\t\t\t#gallery-1 .gallery-caption {\n\t\t\t\tmargin-left: 0;\n\t\t\t}\n\t\t\t\/* see gallery_shortcode() in wp-includes\/media.php *\/\n\t\t<\/style>\n\t\t<div id='gallery-1' class='gallery galleryid-21932 gallery-columns-1 gallery-size-large'><dl class='gallery-item'>\n\t\t\t<dt class='gallery-icon landscape'>\n\t\t\t\t<img loading=\"lazy\" decoding=\"async\" width=\"620\" height=\"443\" src=\"https:\/\/www.damianzimmermann.de\/blog\/wp-content\/uploads\/Flamboyant_Flowers_02.jpg\" class=\"attachment-large size-large\" alt=\"\" aria-describedby=\"gallery-1-21951\" srcset=\"https:\/\/www.damianzimmermann.de\/blog\/wp-content\/uploads\/Flamboyant_Flowers_02.jpg 900w, https:\/\/www.damianzimmermann.de\/blog\/wp-content\/uploads\/Flamboyant_Flowers_02-400x286.jpg 400w, https:\/\/www.damianzimmermann.de\/blog\/wp-content\/uploads\/Flamboyant_Flowers_02-200x143.jpg 200w, https:\/\/www.damianzimmermann.de\/blog\/wp-content\/uploads\/Flamboyant_Flowers_02-768x549.jpg 768w, https:\/\/www.damianzimmermann.de\/blog\/wp-content\/uploads\/Flamboyant_Flowers_02-210x150.jpg 210w\" sizes=\"auto, (max-width: 620px) 100vw, 620px\" \/>\n\t\t\t<\/dt>\n\t\t\t\t<dd class='wp-caption-text gallery-caption' id='gallery-1-21951'>\n\t\t\t\tFlamboyant Flowers, erschienen im Verlag Seltmann+S\u00f6hne.\n\t\t\t\t<\/dd><\/dl><br style=\"clear: both\" \/><dl class='gallery-item'>\n\t\t\t<dt class='gallery-icon landscape'>\n\t\t\t\t<img loading=\"lazy\" decoding=\"async\" width=\"620\" height=\"443\" src=\"https:\/\/www.damianzimmermann.de\/blog\/wp-content\/uploads\/Flamboyant_Flowers_Multipicture_02.jpg\" class=\"attachment-large size-large\" alt=\"\" aria-describedby=\"gallery-1-21952\" srcset=\"https:\/\/www.damianzimmermann.de\/blog\/wp-content\/uploads\/Flamboyant_Flowers_Multipicture_02.jpg 900w, https:\/\/www.damianzimmermann.de\/blog\/wp-content\/uploads\/Flamboyant_Flowers_Multipicture_02-400x286.jpg 400w, https:\/\/www.damianzimmermann.de\/blog\/wp-content\/uploads\/Flamboyant_Flowers_Multipicture_02-200x143.jpg 200w, https:\/\/www.damianzimmermann.de\/blog\/wp-content\/uploads\/Flamboyant_Flowers_Multipicture_02-768x549.jpg 768w, https:\/\/www.damianzimmermann.de\/blog\/wp-content\/uploads\/Flamboyant_Flowers_Multipicture_02-210x150.jpg 210w\" sizes=\"auto, (max-width: 620px) 100vw, 620px\" \/>\n\t\t\t<\/dt>\n\t\t\t\t<dd class='wp-caption-text gallery-caption' id='gallery-1-21952'>\n\t\t\t\tFlamboyant Flowers, erschienen im Verlag Seltmann+S\u00f6hne.\n\t\t\t\t<\/dd><\/dl><br style=\"clear: both\" \/><dl class='gallery-item'>\n\t\t\t<dt class='gallery-icon landscape'>\n\t\t\t\t<img loading=\"lazy\" decoding=\"async\" width=\"620\" height=\"443\" src=\"https:\/\/www.damianzimmermann.de\/blog\/wp-content\/uploads\/Photodarium_Classic_2021_02.jpg\" class=\"attachment-large size-large\" alt=\"\" aria-describedby=\"gallery-1-21957\" srcset=\"https:\/\/www.damianzimmermann.de\/blog\/wp-content\/uploads\/Photodarium_Classic_2021_02.jpg 900w, https:\/\/www.damianzimmermann.de\/blog\/wp-content\/uploads\/Photodarium_Classic_2021_02-400x286.jpg 400w, https:\/\/www.damianzimmermann.de\/blog\/wp-content\/uploads\/Photodarium_Classic_2021_02-200x143.jpg 200w, https:\/\/www.damianzimmermann.de\/blog\/wp-content\/uploads\/Photodarium_Classic_2021_02-768x549.jpg 768w, https:\/\/www.damianzimmermann.de\/blog\/wp-content\/uploads\/Photodarium_Classic_2021_02-210x150.jpg 210w\" sizes=\"auto, (max-width: 620px) 100vw, 620px\" \/>\n\t\t\t<\/dt>\n\t\t\t\t<dd class='wp-caption-text gallery-caption' id='gallery-1-21957'>\n\t\t\t\tPhotodarium 2021, erschienen im Verlag Seltmann+S\u00f6hne.\n\t\t\t\t<\/dd><\/dl><br style=\"clear: both\" \/><dl class='gallery-item'>\n\t\t\t<dt class='gallery-icon landscape'>\n\t\t\t\t<img loading=\"lazy\" decoding=\"async\" width=\"620\" height=\"443\" src=\"https:\/\/www.damianzimmermann.de\/blog\/wp-content\/uploads\/Photodarium_Classic_4er_01.jpg\" class=\"attachment-large size-large\" alt=\"\" aria-describedby=\"gallery-1-21956\" srcset=\"https:\/\/www.damianzimmermann.de\/blog\/wp-content\/uploads\/Photodarium_Classic_4er_01.jpg 900w, https:\/\/www.damianzimmermann.de\/blog\/wp-content\/uploads\/Photodarium_Classic_4er_01-400x286.jpg 400w, https:\/\/www.damianzimmermann.de\/blog\/wp-content\/uploads\/Photodarium_Classic_4er_01-200x143.jpg 200w, https:\/\/www.damianzimmermann.de\/blog\/wp-content\/uploads\/Photodarium_Classic_4er_01-768x549.jpg 768w, https:\/\/www.damianzimmermann.de\/blog\/wp-content\/uploads\/Photodarium_Classic_4er_01-210x150.jpg 210w\" sizes=\"auto, (max-width: 620px) 100vw, 620px\" \/>\n\t\t\t<\/dt>\n\t\t\t\t<dd class='wp-caption-text gallery-caption' id='gallery-1-21956'>\n\t\t\t\tPhotodarium 2021, erschienen im Verlag Seltmann+S\u00f6hne.\n\t\t\t\t<\/dd><\/dl><br style=\"clear: both\" \/><dl class='gallery-item'>\n\t\t\t<dt class='gallery-icon landscape'>\n\t\t\t\t<img loading=\"lazy\" decoding=\"async\" width=\"620\" height=\"443\" src=\"https:\/\/www.damianzimmermann.de\/blog\/wp-content\/uploads\/Photodarium_Private_2021_02.jpg\" class=\"attachment-large size-large\" alt=\"\" aria-describedby=\"gallery-1-21959\" srcset=\"https:\/\/www.damianzimmermann.de\/blog\/wp-content\/uploads\/Photodarium_Private_2021_02.jpg 900w, https:\/\/www.damianzimmermann.de\/blog\/wp-content\/uploads\/Photodarium_Private_2021_02-400x286.jpg 400w, https:\/\/www.damianzimmermann.de\/blog\/wp-content\/uploads\/Photodarium_Private_2021_02-200x143.jpg 200w, https:\/\/www.damianzimmermann.de\/blog\/wp-content\/uploads\/Photodarium_Private_2021_02-768x549.jpg 768w, https:\/\/www.damianzimmermann.de\/blog\/wp-content\/uploads\/Photodarium_Private_2021_02-210x150.jpg 210w\" sizes=\"auto, (max-width: 620px) 100vw, 620px\" \/>\n\t\t\t<\/dt>\n\t\t\t\t<dd class='wp-caption-text gallery-caption' id='gallery-1-21959'>\n\t\t\t\tPhotodarium Private 2021, erschienen im Verlag Seltmann+S\u00f6hne.\n\t\t\t\t<\/dd><\/dl><br style=\"clear: both\" \/><dl class='gallery-item'>\n\t\t\t<dt class='gallery-icon landscape'>\n\t\t\t\t<img loading=\"lazy\" decoding=\"async\" width=\"620\" height=\"443\" src=\"https:\/\/www.damianzimmermann.de\/blog\/wp-content\/uploads\/Photodarium_Private_4er_02.jpg\" class=\"attachment-large size-large\" alt=\"\" aria-describedby=\"gallery-1-21958\" srcset=\"https:\/\/www.damianzimmermann.de\/blog\/wp-content\/uploads\/Photodarium_Private_4er_02.jpg 900w, https:\/\/www.damianzimmermann.de\/blog\/wp-content\/uploads\/Photodarium_Private_4er_02-400x286.jpg 400w, https:\/\/www.damianzimmermann.de\/blog\/wp-content\/uploads\/Photodarium_Private_4er_02-200x143.jpg 200w, https:\/\/www.damianzimmermann.de\/blog\/wp-content\/uploads\/Photodarium_Private_4er_02-768x549.jpg 768w, https:\/\/www.damianzimmermann.de\/blog\/wp-content\/uploads\/Photodarium_Private_4er_02-210x150.jpg 210w\" sizes=\"auto, (max-width: 620px) 100vw, 620px\" \/>\n\t\t\t<\/dt>\n\t\t\t\t<dd class='wp-caption-text gallery-caption' id='gallery-1-21958'>\n\t\t\t\tPhotodarium Private 2021, erschienen im Verlag Seltmann+S\u00f6hne.\n\t\t\t\t<\/dd><\/dl><br style=\"clear: both\" \/><dl class='gallery-item'>\n\t\t\t<dt class='gallery-icon landscape'>\n\t\t\t\t<img loading=\"lazy\" decoding=\"async\" width=\"620\" height=\"434\" src=\"https:\/\/www.damianzimmermann.de\/blog\/wp-content\/uploads\/Fotob\u00fccher-01.jpg\" class=\"attachment-large size-large\" alt=\"\" aria-describedby=\"gallery-1-21966\" srcset=\"https:\/\/www.damianzimmermann.de\/blog\/wp-content\/uploads\/Fotob\u00fccher-01.jpg 900w, https:\/\/www.damianzimmermann.de\/blog\/wp-content\/uploads\/Fotob\u00fccher-01-400x280.jpg 400w, https:\/\/www.damianzimmermann.de\/blog\/wp-content\/uploads\/Fotob\u00fccher-01-200x140.jpg 200w, https:\/\/www.damianzimmermann.de\/blog\/wp-content\/uploads\/Fotob\u00fccher-01-768x538.jpg 768w, https:\/\/www.damianzimmermann.de\/blog\/wp-content\/uploads\/Fotob\u00fccher-01-210x147.jpg 210w\" sizes=\"auto, (max-width: 620px) 100vw, 620px\" \/>\n\t\t\t<\/dt>\n\t\t\t\t<dd class='wp-caption-text gallery-caption' id='gallery-1-21966'>\n\t\t\t\t&#8222;The Architecture of Transit&#8220; von Sue Barr, erschienen bei Hartmann Books.\n\t\t\t\t<\/dd><\/dl><br style=\"clear: both\" \/><dl class='gallery-item'>\n\t\t\t<dt class='gallery-icon landscape'>\n\t\t\t\t<img loading=\"lazy\" decoding=\"async\" width=\"620\" height=\"434\" src=\"https:\/\/www.damianzimmermann.de\/blog\/wp-content\/uploads\/Fotob\u00fccher-04.jpg\" class=\"attachment-large size-large\" alt=\"\" aria-describedby=\"gallery-1-21965\" srcset=\"https:\/\/www.damianzimmermann.de\/blog\/wp-content\/uploads\/Fotob\u00fccher-04.jpg 900w, https:\/\/www.damianzimmermann.de\/blog\/wp-content\/uploads\/Fotob\u00fccher-04-400x280.jpg 400w, https:\/\/www.damianzimmermann.de\/blog\/wp-content\/uploads\/Fotob\u00fccher-04-200x140.jpg 200w, https:\/\/www.damianzimmermann.de\/blog\/wp-content\/uploads\/Fotob\u00fccher-04-768x538.jpg 768w, https:\/\/www.damianzimmermann.de\/blog\/wp-content\/uploads\/Fotob\u00fccher-04-210x147.jpg 210w\" sizes=\"auto, (max-width: 620px) 100vw, 620px\" \/>\n\t\t\t<\/dt>\n\t\t\t\t<dd class='wp-caption-text gallery-caption' id='gallery-1-21965'>\n\t\t\t\t&#8222;The Architecture of Transit&#8220; von Sue Barr, erschienen bei Hartmann Books.\n\t\t\t\t<\/dd><\/dl><br style=\"clear: both\" \/><dl class='gallery-item'>\n\t\t\t<dt class='gallery-icon landscape'>\n\t\t\t\t<img loading=\"lazy\" decoding=\"async\" width=\"620\" height=\"434\" src=\"https:\/\/www.damianzimmermann.de\/blog\/wp-content\/uploads\/Fotob\u00fccher-02-1.jpg\" class=\"attachment-large size-large\" alt=\"\" aria-describedby=\"gallery-1-21963\" srcset=\"https:\/\/www.damianzimmermann.de\/blog\/wp-content\/uploads\/Fotob\u00fccher-02-1.jpg 900w, https:\/\/www.damianzimmermann.de\/blog\/wp-content\/uploads\/Fotob\u00fccher-02-1-400x280.jpg 400w, https:\/\/www.damianzimmermann.de\/blog\/wp-content\/uploads\/Fotob\u00fccher-02-1-200x140.jpg 200w, https:\/\/www.damianzimmermann.de\/blog\/wp-content\/uploads\/Fotob\u00fccher-02-1-768x538.jpg 768w, https:\/\/www.damianzimmermann.de\/blog\/wp-content\/uploads\/Fotob\u00fccher-02-1-210x147.jpg 210w\" sizes=\"auto, (max-width: 620px) 100vw, 620px\" \/>\n\t\t\t<\/dt>\n\t\t\t\t<dd class='wp-caption-text gallery-caption' id='gallery-1-21963'>\n\t\t\t\t&#8222;Omatandangole&#8220; von Aapo Huhta, erschienen im Kehrer Verlag.\n\t\t\t\t<\/dd><\/dl><br style=\"clear: both\" \/><dl class='gallery-item'>\n\t\t\t<dt class='gallery-icon landscape'>\n\t\t\t\t<img loading=\"lazy\" decoding=\"async\" width=\"620\" height=\"434\" src=\"https:\/\/www.damianzimmermann.de\/blog\/wp-content\/uploads\/Fotob\u00fccher-03.jpg\" class=\"attachment-large size-large\" alt=\"\" aria-describedby=\"gallery-1-21964\" srcset=\"https:\/\/www.damianzimmermann.de\/blog\/wp-content\/uploads\/Fotob\u00fccher-03.jpg 900w, https:\/\/www.damianzimmermann.de\/blog\/wp-content\/uploads\/Fotob\u00fccher-03-400x280.jpg 400w, https:\/\/www.damianzimmermann.de\/blog\/wp-content\/uploads\/Fotob\u00fccher-03-200x140.jpg 200w, https:\/\/www.damianzimmermann.de\/blog\/wp-content\/uploads\/Fotob\u00fccher-03-768x538.jpg 768w, https:\/\/www.damianzimmermann.de\/blog\/wp-content\/uploads\/Fotob\u00fccher-03-210x147.jpg 210w\" sizes=\"auto, (max-width: 620px) 100vw, 620px\" \/>\n\t\t\t<\/dt>\n\t\t\t\t<dd class='wp-caption-text gallery-caption' id='gallery-1-21964'>\n\t\t\t\t&#8222;Omatandangole&#8220; von Aapo Huhta, erschienen im Kehrer Verlag.\n\t\t\t\t<\/dd><\/dl><br style=\"clear: both\" \/>\n\t\t<\/div>\n\n","protected":false},"excerpt":{"rendered":"<p>Im Juli 2009 habe ich diesen Blog gestartet &#8211; und nicht damit gerechnet, dass ich ihn elf Jahre sp\u00e4ter immer noch regelm\u00e4\u00dfig mit Artikeln, Kritiken, Besprechungen, Interviews, Umfragen&#8230;<\/p>\n","protected":false},"author":1,"featured_media":21933,"comment_status":"closed","ping_status":"closed","sticky":false,"template":"","format":"standard","meta":{"footnotes":""},"categories":[1,7,1174],"tags":[1762,1867,1868,1685,1866],"class_list":["post-21932","post","type-post","status-publish","format-standard","has-post-thumbnail","hentry","category-allgemein","category-fotobuecher","category-verlosung","tag-aapo-huhta","tag-photodarium","tag-poladarium","tag-sue-barr","tag-verlosung"],"_links":{"self":[{"href":"https:\/\/www.damianzimmermann.de\/blog\/wp-json\/wp\/v2\/posts\/21932","targetHints":{"allow":["GET"]}}],"collection":[{"href":"https:\/\/www.damianzimmermann.de\/blog\/wp-json\/wp\/v2\/posts"}],"about":[{"href":"https:\/\/www.damianzimmermann.de\/blog\/wp-json\/wp\/v2\/types\/post"}],"author":[{"embeddable":true,"href":"https:\/\/www.damianzimmermann.de\/blog\/wp-json\/wp\/v2\/users\/1"}],"replies":[{"embeddable":true,"href":"https:\/\/www.damianzimmermann.de\/blog\/wp-json\/wp\/v2\/comments?post=21932"}],"version-history":[{"count":36,"href":"https:\/\/www.damianzimmermann.de\/blog\/wp-json\/wp\/v2\/posts\/21932\/revisions"}],"predecessor-version":[{"id":22019,"href":"https:\/\/www.damianzimmermann.de\/blog\/wp-json\/wp\/v2\/posts\/21932\/revisions\/22019"}],"wp:featuredmedia":[{"embeddable":true,"href":"https:\/\/www.damianzimmermann.de\/blog\/wp-json\/wp\/v2\/media\/21933"}],"wp:attachment":[{"href":"https:\/\/www.damianzimmermann.de\/blog\/wp-json\/wp\/v2\/media?parent=21932"}],"wp:term":[{"taxonomy":"category","embeddable":true,"href":"https:\/\/www.damianzimmermann.de\/blog\/wp-json\/wp\/v2\/categories?post=21932"},{"taxonomy":"post_tag","embeddable":true,"href":"https:\/\/www.damianzimmermann.de\/blog\/wp-json\/wp\/v2\/tags?post=21932"}],"curies":[{"name":"wp","href":"https:\/\/api.w.org\/{rel}","templated":true}]}}