{"id":21922,"date":"2020-09-23T16:23:59","date_gmt":"2020-09-23T14:23:59","guid":{"rendered":"http:\/\/www.damianzimmermann.de\/blog\/?p=21922"},"modified":"2021-01-05T15:50:56","modified_gmt":"2021-01-05T14:50:56","slug":"galerienstudie-2020-die-folgen-von-corona","status":"publish","type":"post","link":"https:\/\/www.damianzimmermann.de\/blog\/galerienstudie-2020-die-folgen-von-corona\/","title":{"rendered":"Galerienstudie 2020: Die Folgen von Corona"},"content":{"rendered":"<p>2013 ver\u00f6ffentlichte <strong>Hergen W\u00f6bken<\/strong> vom <strong>Institut f\u00fcr Strategieentwicklung<\/strong> (IFSE) die erste Studie zur Lage der Kunstgalerien in Deutschland &#8211; mit teilweise ern\u00fcchternden <a href=\"https:\/\/www.damianzimmermann.de\/blog\/galerienstudie-2013-eine-positionsbestimmung\/\" target=\"_blank\" rel=\"noopener noreferrer\">Ergebnissen<\/a>.<\/p>\n<p>Anfang des Jahres wollte W\u00f6bken die Studie zum zweiten Mal mit einer Umfrage unter den 700 professionellen Galerien in Deutschland starten &#8211; verschob sie aber wegen der Corona-Krise auf Ende August. Nun hat das IFSE die ersten Ergebnisse dieser Umfrage vorgestellt und diese sind erneut alles andere als rosig: Rund 30 Prozent Umsatzr\u00fcckgang erwarten die Galeristen in diesem Jahr &#8211; kein Wunder, wenn fast alle Kunstmessen abgesagt wurden und sich fast kein internationales Publikum in die Galerien verlieren. Letztes ist vor allem f\u00fcr die Galerien in Berlin extrem wichtig, machen diese doch mehr als die H\u00e4lfte des Umsatzes aus. Zudem sitzt jede dritte deutsche Galerie in der Hauptstadt.<\/p>\n<p>Meine Zusammenfassung der Umfrageergebnisse sind im K\u00f6lner Stadt-Anzeiger erschienen und gibt es <a href=\"https:\/\/www.damianzimmermann.de\/blog\/wp-content\/uploads\/297-dmz-galerienstudie2020.pdf\" target=\"_blank\" rel=\"noopener noreferrer\">hier<\/a> als PDF.<\/p>\n<p>Link: <a href=\"https:\/\/ifse.de\/\" target=\"_blank\" rel=\"noopener noreferrer\">Institut f\u00fcr Strategieentwicklung<\/a><\/p>\n\n\t\t<style type=\"text\/css\">\n\t\t\t#gallery-1 {\n\t\t\t\tmargin: auto;\n\t\t\t}\n\t\t\t#gallery-1 .gallery-item {\n\t\t\t\tfloat: left;\n\t\t\t\tmargin-top: 10px;\n\t\t\t\ttext-align: center;\n\t\t\t\twidth: 100%;\n\t\t\t}\n\t\t\t#gallery-1 img {\n\t\t\t\tborder: 2px solid #cfcfcf;\n\t\t\t}\n\t\t\t#gallery-1 .gallery-caption {\n\t\t\t\tmargin-left: 0;\n\t\t\t}\n\t\t\t\/* see gallery_shortcode() in wp-includes\/media.php *\/\n\t\t<\/style>\n\t\t<div id='gallery-1' class='gallery galleryid-21922 gallery-columns-1 gallery-size-large'><dl class='gallery-item'>\n\t\t\t<dt class='gallery-icon portrait'>\n\t\t\t\t<img loading=\"lazy\" decoding=\"async\" width=\"620\" height=\"827\" src=\"https:\/\/www.damianzimmermann.de\/blog\/wp-content\/uploads\/Parrotta.jpg\" class=\"attachment-large size-large\" alt=\"\" aria-describedby=\"gallery-1-21925\" srcset=\"https:\/\/www.damianzimmermann.de\/blog\/wp-content\/uploads\/Parrotta.jpg 675w, https:\/\/www.damianzimmermann.de\/blog\/wp-content\/uploads\/Parrotta-300x400.jpg 300w, https:\/\/www.damianzimmermann.de\/blog\/wp-content\/uploads\/Parrotta-113x150.jpg 113w, https:\/\/www.damianzimmermann.de\/blog\/wp-content\/uploads\/Parrotta-210x280.jpg 210w\" sizes=\"auto, (max-width: 620px) 100vw, 620px\" \/>\n\t\t\t<\/dt>\n\t\t\t\t<dd class='wp-caption-text gallery-caption' id='gallery-1-21925'>\n\t\t\t\tBesucher in der Edmund-Clark-Ausstellung 2018 in der Galerie Parrotta Contemporary in K\u00f6ln. Foto: Damian Zimmermann\n\t\t\t\t<\/dd><\/dl><br style=\"clear: both\" \/><dl class='gallery-item'>\n\t\t\t<dt class='gallery-icon landscape'>\n\t\t\t\t<img loading=\"lazy\" decoding=\"async\" width=\"620\" height=\"480\" src=\"https:\/\/www.damianzimmermann.de\/blog\/wp-content\/uploads\/Zander.jpg\" class=\"attachment-large size-large\" alt=\"\" aria-describedby=\"gallery-1-21926\" srcset=\"https:\/\/www.damianzimmermann.de\/blog\/wp-content\/uploads\/Zander.jpg 900w, https:\/\/www.damianzimmermann.de\/blog\/wp-content\/uploads\/Zander-400x310.jpg 400w, https:\/\/www.damianzimmermann.de\/blog\/wp-content\/uploads\/Zander-194x150.jpg 194w, https:\/\/www.damianzimmermann.de\/blog\/wp-content\/uploads\/Zander-768x595.jpg 768w, https:\/\/www.damianzimmermann.de\/blog\/wp-content\/uploads\/Zander-210x163.jpg 210w\" sizes=\"auto, (max-width: 620px) 100vw, 620px\" \/>\n\t\t\t<\/dt>\n\t\t\t\t<dd class='wp-caption-text gallery-caption' id='gallery-1-21926'>\n\t\t\t\tBesucherin in der Tod-Papageorge-Ausstellung 2018 in der Galerie Thomas Zander in K\u00f6ln. Foto: Damian Zimmermann\n\t\t\t\t<\/dd><\/dl><br style=\"clear: both\" \/><dl class='gallery-item'>\n\t\t\t<dt class='gallery-icon landscape'>\n\t\t\t\t<img loading=\"lazy\" decoding=\"async\" width=\"620\" height=\"413\" src=\"https:\/\/www.damianzimmermann.de\/blog\/wp-content\/uploads\/IFSE_Presse_Hergen_Woebken_Foto_Christoph_Neumann.jpg\" class=\"attachment-large size-large\" alt=\"\" aria-describedby=\"gallery-1-21927\" srcset=\"https:\/\/www.damianzimmermann.de\/blog\/wp-content\/uploads\/IFSE_Presse_Hergen_Woebken_Foto_Christoph_Neumann.jpg 900w, https:\/\/www.damianzimmermann.de\/blog\/wp-content\/uploads\/IFSE_Presse_Hergen_Woebken_Foto_Christoph_Neumann-400x267.jpg 400w, https:\/\/www.damianzimmermann.de\/blog\/wp-content\/uploads\/IFSE_Presse_Hergen_Woebken_Foto_Christoph_Neumann-200x133.jpg 200w, https:\/\/www.damianzimmermann.de\/blog\/wp-content\/uploads\/IFSE_Presse_Hergen_Woebken_Foto_Christoph_Neumann-768x512.jpg 768w, https:\/\/www.damianzimmermann.de\/blog\/wp-content\/uploads\/IFSE_Presse_Hergen_Woebken_Foto_Christoph_Neumann-210x140.jpg 210w\" sizes=\"auto, (max-width: 620px) 100vw, 620px\" \/>\n\t\t\t<\/dt>\n\t\t\t\t<dd class='wp-caption-text gallery-caption' id='gallery-1-21927'>\n\t\t\t\tHergen W\u00f6bken ist Gr\u00fcnder und Gesch\u00e4ftsf\u00fchrer des  Instituts f\u00fcr Strategieentwicklung (IFSE) und hat zum zweiten Mal Galerien in Deutschland befragt. Foto: Christoph Neumann\n\t\t\t\t<\/dd><\/dl><br style=\"clear: both\" \/>\n\t\t<\/div>\n\n","protected":false},"excerpt":{"rendered":"<p>2013 ver\u00f6ffentlichte Hergen W\u00f6bken vom Institut f\u00fcr Strategieentwicklung (IFSE) die erste Studie zur Lage der Kunstgalerien in Deutschland &#8211; mit teilweise ern\u00fcchternden Ergebnissen. Anfang des Jahres wollte W\u00f6bken&#8230;<\/p>\n","protected":false},"author":1,"featured_media":21925,"comment_status":"closed","ping_status":"closed","sticky":false,"template":"","format":"standard","meta":{"footnotes":""},"categories":[1,1908],"tags":[1801,1326,1865,1863,1862,1042,1043,1861,1864],"class_list":["post-21922","post","type-post","status-publish","format-standard","has-post-thumbnail","hentry","category-allgemein","category-corona","tag-corona","tag-edmund-clark","tag-galerie-parrotta-contemporary","tag-galerie-thomas-zander","tag-galerienstudie","tag-hergen-wobken","tag-ifse","tag-institut-fuer-strategieentwicklung","tag-tod-papageorge"],"_links":{"self":[{"href":"https:\/\/www.damianzimmermann.de\/blog\/wp-json\/wp\/v2\/posts\/21922","targetHints":{"allow":["GET"]}}],"collection":[{"href":"https:\/\/www.damianzimmermann.de\/blog\/wp-json\/wp\/v2\/posts"}],"about":[{"href":"https:\/\/www.damianzimmermann.de\/blog\/wp-json\/wp\/v2\/types\/post"}],"author":[{"embeddable":true,"href":"https:\/\/www.damianzimmermann.de\/blog\/wp-json\/wp\/v2\/users\/1"}],"replies":[{"embeddable":true,"href":"https:\/\/www.damianzimmermann.de\/blog\/wp-json\/wp\/v2\/comments?post=21922"}],"version-history":[{"count":5,"href":"https:\/\/www.damianzimmermann.de\/blog\/wp-json\/wp\/v2\/posts\/21922\/revisions"}],"predecessor-version":[{"id":21931,"href":"https:\/\/www.damianzimmermann.de\/blog\/wp-json\/wp\/v2\/posts\/21922\/revisions\/21931"}],"wp:featuredmedia":[{"embeddable":true,"href":"https:\/\/www.damianzimmermann.de\/blog\/wp-json\/wp\/v2\/media\/21925"}],"wp:attachment":[{"href":"https:\/\/www.damianzimmermann.de\/blog\/wp-json\/wp\/v2\/media?parent=21922"}],"wp:term":[{"taxonomy":"category","embeddable":true,"href":"https:\/\/www.damianzimmermann.de\/blog\/wp-json\/wp\/v2\/categories?post=21922"},{"taxonomy":"post_tag","embeddable":true,"href":"https:\/\/www.damianzimmermann.de\/blog\/wp-json\/wp\/v2\/tags?post=21922"}],"curies":[{"name":"wp","href":"https:\/\/api.w.org\/{rel}","templated":true}]}}