{"id":21475,"date":"2020-01-23T14:00:01","date_gmt":"2020-01-23T13:00:01","guid":{"rendered":"http:\/\/www.damianzimmermann.de\/blog\/?p=21475"},"modified":"2020-01-23T14:42:37","modified_gmt":"2020-01-23T13:42:37","slug":"battlefields-und-deep-south-von-sally-mann","status":"publish","type":"post","link":"https:\/\/www.damianzimmermann.de\/blog\/battlefields-und-deep-south-von-sally-mann\/","title":{"rendered":"&#8222;Battlefields&#8220; und &#8222;Deep South&#8220; von Sally Mann"},"content":{"rendered":"<p>Die Amerikanerin <strong>Sally Mann<\/strong> (Jahrgang 1951) geh\u00f6rt zu den bekanntesten Fotografinnen ihrer Generation und hat mit dem 1992 erschienenen Fotobuch &#8222;Immediate Family\u201c einen Klassiker geschaffen. Darin zeigt sie ihre Kinder, oft nackt in der Natur. Von puritanistischen Kritikern wurde ihr Voyeurismus und Kinderpornografie vorgeworfen, dabei besch\u00e4ftigt sich Mann lediglich auf poetischste Weise mit einem der Hauptthemen in der Fotografie \u00fcberhaupt: Der Verg\u00e4nglichkeit der eigenen Existenz. In &#8222;What Remains&#8220; f\u00fchrte sie 2003 diesen Gedanken fort: Bilder ihrer Kinder stellte sie in eine Reihe mit Fotos von verwesenden Leichen, die sie auf sogenannten &#8222;Body Farms&#8220; in den USA fotografiert hat.<\/p>\n<p>In der K\u00f6lner <strong>Galerie Karsten Greve<\/strong> sind nun rund 30 gro\u00dfformatige Arbeiten aus ihren Serien &#8222;Battlefields&#8220; und Deep South&#8220; zu sehen, die nur auf den ersten Blick wenig mit ihrem bisherigen Werk zu tun haben. Beide Serien hat Mann mit Kollodium-Nassplatten in ihrer Gro\u00dfformatkamera fotografiert &#8211; eine Technik, die nicht nur aus den Anf\u00e4ngen der Fotografiegeschichte stammt, sondern auch zu jener Zeit angewendet wurde, auf die sich Sally Mann zumindest in &#8222;Battlefields&#8220; bezieht: den Amerikanischen B\u00fcrgerkrieg, der zwischen 1861 und 1865 w\u00fctete und der auch als Sezessionskrieg bezeichnet wird. Er war zudem der erste Krieg, der ausf\u00fchrlich fotografiert wurde und auch Leichen auf den Schlachtfeldern zeigte.<\/p>\n<p>Meine Besprechung ist im K\u00f6lner Stadt-Anzeiger erschienen und findet ihr <a href=\"https:\/\/www.damianzimmermann.de\/blog\/wp-content\/uploads\/295-Sally-Mann-1.pdf\" target=\"_blank\" rel=\"noopener noreferrer\">hier<\/a> als PDF.<\/p>\n<p>Links: <a href=\"https:\/\/www.sallymann.com\/\" target=\"_blank\" rel=\"noopener noreferrer\">Sally Mann<\/a>, <a href=\"https:\/\/galerie-karsten-greve.com\/en\/sally_mann\/biography\" target=\"_blank\" rel=\"noopener noreferrer\">Galerie Karsten Greve<\/a><\/p>\n\n\t\t<style type=\"text\/css\">\n\t\t\t#gallery-1 {\n\t\t\t\tmargin: auto;\n\t\t\t}\n\t\t\t#gallery-1 .gallery-item {\n\t\t\t\tfloat: left;\n\t\t\t\tmargin-top: 10px;\n\t\t\t\ttext-align: center;\n\t\t\t\twidth: 100%;\n\t\t\t}\n\t\t\t#gallery-1 img {\n\t\t\t\tborder: 2px solid #cfcfcf;\n\t\t\t}\n\t\t\t#gallery-1 .gallery-caption {\n\t\t\t\tmargin-left: 0;\n\t\t\t}\n\t\t\t\/* see gallery_shortcode() in wp-includes\/media.php *\/\n\t\t<\/style>\n\t\t<div id='gallery-1' class='gallery galleryid-21475 gallery-columns-1 gallery-size-large'><dl class='gallery-item'>\n\t\t\t<dt class='gallery-icon landscape'>\n\t\t\t\t<img loading=\"lazy\" decoding=\"async\" width=\"620\" height=\"490\" src=\"https:\/\/www.damianzimmermann.de\/blog\/wp-content\/uploads\/Sally-Mann-Battlefields-10-Fredericksburg-2000_bearbeitet-1.jpg\" class=\"attachment-large size-large\" alt=\"\" aria-describedby=\"gallery-1-21477\" srcset=\"https:\/\/www.damianzimmermann.de\/blog\/wp-content\/uploads\/Sally-Mann-Battlefields-10-Fredericksburg-2000_bearbeitet-1.jpg 900w, https:\/\/www.damianzimmermann.de\/blog\/wp-content\/uploads\/Sally-Mann-Battlefields-10-Fredericksburg-2000_bearbeitet-1-190x150.jpg 190w, https:\/\/www.damianzimmermann.de\/blog\/wp-content\/uploads\/Sally-Mann-Battlefields-10-Fredericksburg-2000_bearbeitet-1-400x316.jpg 400w, https:\/\/www.damianzimmermann.de\/blog\/wp-content\/uploads\/Sally-Mann-Battlefields-10-Fredericksburg-2000_bearbeitet-1-768x607.jpg 768w, https:\/\/www.damianzimmermann.de\/blog\/wp-content\/uploads\/Sally-Mann-Battlefields-10-Fredericksburg-2000_bearbeitet-1-210x166.jpg 210w\" sizes=\"auto, (max-width: 620px) 100vw, 620px\" \/>\n\t\t\t<\/dt>\n\t\t\t\t<dd class='wp-caption-text gallery-caption' id='gallery-1-21477'>\n\t\t\t\tSally Mann, Battlefields #10 (Fredericksburg), 2000 \u00a9 Sally Mann\nFoto: Bildpunkt AG, Basel; Robert Bayer\nCourtesy Galerie Karsten Greve K\u00f6ln Paris St. Moritz \n\t\t\t\t<\/dd><\/dl><br style=\"clear: both\" \/><dl class='gallery-item'>\n\t\t\t<dt class='gallery-icon landscape'>\n\t\t\t\t<img loading=\"lazy\" decoding=\"async\" width=\"620\" height=\"488\" src=\"https:\/\/www.damianzimmermann.de\/blog\/wp-content\/uploads\/Sally-Mann-Battlefields-06-Antietam-2002_bearbeitet-1.jpg\" class=\"attachment-large size-large\" alt=\"\" aria-describedby=\"gallery-1-21485\" srcset=\"https:\/\/www.damianzimmermann.de\/blog\/wp-content\/uploads\/Sally-Mann-Battlefields-06-Antietam-2002_bearbeitet-1.jpg 900w, https:\/\/www.damianzimmermann.de\/blog\/wp-content\/uploads\/Sally-Mann-Battlefields-06-Antietam-2002_bearbeitet-1-191x150.jpg 191w, https:\/\/www.damianzimmermann.de\/blog\/wp-content\/uploads\/Sally-Mann-Battlefields-06-Antietam-2002_bearbeitet-1-400x315.jpg 400w, https:\/\/www.damianzimmermann.de\/blog\/wp-content\/uploads\/Sally-Mann-Battlefields-06-Antietam-2002_bearbeitet-1-768x604.jpg 768w, https:\/\/www.damianzimmermann.de\/blog\/wp-content\/uploads\/Sally-Mann-Battlefields-06-Antietam-2002_bearbeitet-1-210x165.jpg 210w\" sizes=\"auto, (max-width: 620px) 100vw, 620px\" \/>\n\t\t\t<\/dt>\n\t\t\t\t<dd class='wp-caption-text gallery-caption' id='gallery-1-21485'>\n\t\t\t\tSally Mann, Battlefields #06 (Antietam), 2002 \u00a9 Sally Mann\nFoto: Bildpunkt AG, Basel; Robert Bayer\nCourtesy Galerie Karsten Greve K\u00f6ln Paris St. Moritz \n\t\t\t\t<\/dd><\/dl><br style=\"clear: both\" \/><dl class='gallery-item'>\n\t\t\t<dt class='gallery-icon landscape'>\n\t\t\t\t<img loading=\"lazy\" decoding=\"async\" width=\"620\" height=\"488\" src=\"https:\/\/www.damianzimmermann.de\/blog\/wp-content\/uploads\/SM-Battlefields-13-Antietam-2001_bearbeitet-1.jpg\" class=\"attachment-large size-large\" alt=\"\" aria-describedby=\"gallery-1-21481\" srcset=\"https:\/\/www.damianzimmermann.de\/blog\/wp-content\/uploads\/SM-Battlefields-13-Antietam-2001_bearbeitet-1.jpg 900w, https:\/\/www.damianzimmermann.de\/blog\/wp-content\/uploads\/SM-Battlefields-13-Antietam-2001_bearbeitet-1-190x150.jpg 190w, https:\/\/www.damianzimmermann.de\/blog\/wp-content\/uploads\/SM-Battlefields-13-Antietam-2001_bearbeitet-1-400x315.jpg 400w, https:\/\/www.damianzimmermann.de\/blog\/wp-content\/uploads\/SM-Battlefields-13-Antietam-2001_bearbeitet-1-768x605.jpg 768w, https:\/\/www.damianzimmermann.de\/blog\/wp-content\/uploads\/SM-Battlefields-13-Antietam-2001_bearbeitet-1-210x165.jpg 210w\" sizes=\"auto, (max-width: 620px) 100vw, 620px\" \/>\n\t\t\t<\/dt>\n\t\t\t\t<dd class='wp-caption-text gallery-caption' id='gallery-1-21481'>\n\t\t\t\tSally Mann, Battlefields #13 (Antietam), 2001 \u00a9 Sally Mann\nFoto: Bildpunkt AG, Basel; Robert Bayer\nCourtesy Galerie Karsten Greve K\u00f6ln Paris St. Moritz \n\t\t\t\t<\/dd><\/dl><br style=\"clear: both\" \/><dl class='gallery-item'>\n\t\t\t<dt class='gallery-icon landscape'>\n\t\t\t\t<img loading=\"lazy\" decoding=\"async\" width=\"620\" height=\"493\" src=\"https:\/\/www.damianzimmermann.de\/blog\/wp-content\/uploads\/sally-mann-Battlefields-Cold-Harbor-Battle-2003.jpg\" class=\"attachment-large size-large\" alt=\"\" aria-describedby=\"gallery-1-21480\" srcset=\"https:\/\/www.damianzimmermann.de\/blog\/wp-content\/uploads\/sally-mann-Battlefields-Cold-Harbor-Battle-2003.jpg 900w, https:\/\/www.damianzimmermann.de\/blog\/wp-content\/uploads\/sally-mann-Battlefields-Cold-Harbor-Battle-2003-189x150.jpg 189w, https:\/\/www.damianzimmermann.de\/blog\/wp-content\/uploads\/sally-mann-Battlefields-Cold-Harbor-Battle-2003-400x318.jpg 400w, https:\/\/www.damianzimmermann.de\/blog\/wp-content\/uploads\/sally-mann-Battlefields-Cold-Harbor-Battle-2003-768x611.jpg 768w, https:\/\/www.damianzimmermann.de\/blog\/wp-content\/uploads\/sally-mann-Battlefields-Cold-Harbor-Battle-2003-210x167.jpg 210w\" sizes=\"auto, (max-width: 620px) 100vw, 620px\" \/>\n\t\t\t<\/dt>\n\t\t\t\t<dd class='wp-caption-text gallery-caption' id='gallery-1-21480'>\n\t\t\t\tSally Mann: Battlefields, Cold Harbor (Battle), 2003 \u00a9 Sally Mann\n\t\t\t\t<\/dd><\/dl><br style=\"clear: both\" \/><dl class='gallery-item'>\n\t\t\t<dt class='gallery-icon landscape'>\n\t\t\t\t<img loading=\"lazy\" decoding=\"async\" width=\"620\" height=\"499\" src=\"https:\/\/www.damianzimmermann.de\/blog\/wp-content\/uploads\/Sally-Mann-Deep-South-12-1998_bearbeitet-1.jpg\" class=\"attachment-large size-large\" alt=\"\" aria-describedby=\"gallery-1-21478\" srcset=\"https:\/\/www.damianzimmermann.de\/blog\/wp-content\/uploads\/Sally-Mann-Deep-South-12-1998_bearbeitet-1.jpg 900w, https:\/\/www.damianzimmermann.de\/blog\/wp-content\/uploads\/Sally-Mann-Deep-South-12-1998_bearbeitet-1-186x150.jpg 186w, https:\/\/www.damianzimmermann.de\/blog\/wp-content\/uploads\/Sally-Mann-Deep-South-12-1998_bearbeitet-1-400x322.jpg 400w, https:\/\/www.damianzimmermann.de\/blog\/wp-content\/uploads\/Sally-Mann-Deep-South-12-1998_bearbeitet-1-768x618.jpg 768w, https:\/\/www.damianzimmermann.de\/blog\/wp-content\/uploads\/Sally-Mann-Deep-South-12-1998_bearbeitet-1-210x169.jpg 210w\" sizes=\"auto, (max-width: 620px) 100vw, 620px\" \/>\n\t\t\t<\/dt>\n\t\t\t\t<dd class='wp-caption-text gallery-caption' id='gallery-1-21478'>\n\t\t\t\tSally Mann, Deep South #12, 1998 \u00a9 Sally Mann\nFoto: Bildpunkt AG, Basel; Robert Bayer\nCourtesy Galerie Karsten Greve K\u00f6ln Paris St. Moritz \n\t\t\t\t<\/dd><\/dl><br style=\"clear: both\" \/><dl class='gallery-item'>\n\t\t\t<dt class='gallery-icon landscape'>\n\t\t\t\t<img loading=\"lazy\" decoding=\"async\" width=\"620\" height=\"490\" src=\"https:\/\/www.damianzimmermann.de\/blog\/wp-content\/uploads\/Sally-Mann-Deep-South-13-1998_bearbeitet-1.jpg\" class=\"attachment-large size-large\" alt=\"\" aria-describedby=\"gallery-1-21479\" srcset=\"https:\/\/www.damianzimmermann.de\/blog\/wp-content\/uploads\/Sally-Mann-Deep-South-13-1998_bearbeitet-1.jpg 900w, https:\/\/www.damianzimmermann.de\/blog\/wp-content\/uploads\/Sally-Mann-Deep-South-13-1998_bearbeitet-1-190x150.jpg 190w, https:\/\/www.damianzimmermann.de\/blog\/wp-content\/uploads\/Sally-Mann-Deep-South-13-1998_bearbeitet-1-400x316.jpg 400w, https:\/\/www.damianzimmermann.de\/blog\/wp-content\/uploads\/Sally-Mann-Deep-South-13-1998_bearbeitet-1-768x608.jpg 768w, https:\/\/www.damianzimmermann.de\/blog\/wp-content\/uploads\/Sally-Mann-Deep-South-13-1998_bearbeitet-1-210x166.jpg 210w\" sizes=\"auto, (max-width: 620px) 100vw, 620px\" \/>\n\t\t\t<\/dt>\n\t\t\t\t<dd class='wp-caption-text gallery-caption' id='gallery-1-21479'>\n\t\t\t\tSally Mann, Deep South #13, 1998 \u00a9 Sally Mann\nFoto: Bildpunkt AG, Basel; Robert Bayer\nCourtesy Galerie Karsten Greve K\u00f6ln Paris St. Moritz \n\t\t\t\t<\/dd><\/dl><br style=\"clear: both\" \/><dl class='gallery-item'>\n\t\t\t<dt class='gallery-icon landscape'>\n\t\t\t\t<img loading=\"lazy\" decoding=\"async\" width=\"620\" height=\"502\" src=\"https:\/\/www.damianzimmermann.de\/blog\/wp-content\/uploads\/Sally-Mann-Deep-South-34.jpg\" class=\"attachment-large size-large\" alt=\"\" aria-describedby=\"gallery-1-21499\" srcset=\"https:\/\/www.damianzimmermann.de\/blog\/wp-content\/uploads\/Sally-Mann-Deep-South-34.jpg 900w, https:\/\/www.damianzimmermann.de\/blog\/wp-content\/uploads\/Sally-Mann-Deep-South-34-185x150.jpg 185w, https:\/\/www.damianzimmermann.de\/blog\/wp-content\/uploads\/Sally-Mann-Deep-South-34-400x324.jpg 400w, https:\/\/www.damianzimmermann.de\/blog\/wp-content\/uploads\/Sally-Mann-Deep-South-34-768x621.jpg 768w, https:\/\/www.damianzimmermann.de\/blog\/wp-content\/uploads\/Sally-Mann-Deep-South-34-210x170.jpg 210w\" sizes=\"auto, (max-width: 620px) 100vw, 620px\" \/>\n\t\t\t<\/dt>\n\t\t\t\t<dd class='wp-caption-text gallery-caption' id='gallery-1-21499'>\n\t\t\t\tSally Mann, Deep South #34, 1998 \u00a9 Sally Mann\nFoto: Bildpunkt AG, Basel; Robert Bayer\nCourtesy Galerie Karsten Greve K\u00f6ln Paris St. Moritz \n\t\t\t\t<\/dd><\/dl><br style=\"clear: both\" \/><dl class='gallery-item'>\n\t\t\t<dt class='gallery-icon landscape'>\n\t\t\t\t<img loading=\"lazy\" decoding=\"async\" width=\"620\" height=\"358\" src=\"https:\/\/www.damianzimmermann.de\/blog\/wp-content\/uploads\/MG_3894_bearbeitet-1.jpg\" class=\"attachment-large size-large\" alt=\"\" aria-describedby=\"gallery-1-21482\" srcset=\"https:\/\/www.damianzimmermann.de\/blog\/wp-content\/uploads\/MG_3894_bearbeitet-1.jpg 900w, https:\/\/www.damianzimmermann.de\/blog\/wp-content\/uploads\/MG_3894_bearbeitet-1-200x116.jpg 200w, https:\/\/www.damianzimmermann.de\/blog\/wp-content\/uploads\/MG_3894_bearbeitet-1-400x231.jpg 400w, https:\/\/www.damianzimmermann.de\/blog\/wp-content\/uploads\/MG_3894_bearbeitet-1-768x444.jpg 768w, https:\/\/www.damianzimmermann.de\/blog\/wp-content\/uploads\/MG_3894_bearbeitet-1-210x121.jpg 210w\" sizes=\"auto, (max-width: 620px) 100vw, 620px\" \/>\n\t\t\t<\/dt>\n\t\t\t\t<dd class='wp-caption-text gallery-caption' id='gallery-1-21482'>\n\t\t\t\tSally Mann, Installationsansicht in der Galerie Karsten Greve, K\u00f6ln\n\t\t\t\t<\/dd><\/dl><br style=\"clear: both\" \/><dl class='gallery-item'>\n\t\t\t<dt class='gallery-icon landscape'>\n\t\t\t\t<img loading=\"lazy\" decoding=\"async\" width=\"620\" height=\"421\" src=\"https:\/\/www.damianzimmermann.de\/blog\/wp-content\/uploads\/MG_3896_bearbeitet-1.jpg\" class=\"attachment-large size-large\" alt=\"\" aria-describedby=\"gallery-1-21483\" srcset=\"https:\/\/www.damianzimmermann.de\/blog\/wp-content\/uploads\/MG_3896_bearbeitet-1.jpg 900w, https:\/\/www.damianzimmermann.de\/blog\/wp-content\/uploads\/MG_3896_bearbeitet-1-200x136.jpg 200w, https:\/\/www.damianzimmermann.de\/blog\/wp-content\/uploads\/MG_3896_bearbeitet-1-400x272.jpg 400w, https:\/\/www.damianzimmermann.de\/blog\/wp-content\/uploads\/MG_3896_bearbeitet-1-768x521.jpg 768w, https:\/\/www.damianzimmermann.de\/blog\/wp-content\/uploads\/MG_3896_bearbeitet-1-210x143.jpg 210w\" sizes=\"auto, (max-width: 620px) 100vw, 620px\" \/>\n\t\t\t<\/dt>\n\t\t\t\t<dd class='wp-caption-text gallery-caption' id='gallery-1-21483'>\n\t\t\t\tSally Mann, Installationsansicht in der Galerie Karsten Greve, K\u00f6ln\n\t\t\t\t<\/dd><\/dl><br style=\"clear: both\" \/><dl class='gallery-item'>\n\t\t\t<dt class='gallery-icon landscape'>\n\t\t\t\t<img loading=\"lazy\" decoding=\"async\" width=\"620\" height=\"426\" src=\"https:\/\/www.damianzimmermann.de\/blog\/wp-content\/uploads\/MG_3899_bearbeitet-1.jpg\" class=\"attachment-large size-large\" alt=\"\" aria-describedby=\"gallery-1-21484\" srcset=\"https:\/\/www.damianzimmermann.de\/blog\/wp-content\/uploads\/MG_3899_bearbeitet-1.jpg 900w, https:\/\/www.damianzimmermann.de\/blog\/wp-content\/uploads\/MG_3899_bearbeitet-1-200x137.jpg 200w, https:\/\/www.damianzimmermann.de\/blog\/wp-content\/uploads\/MG_3899_bearbeitet-1-400x275.jpg 400w, https:\/\/www.damianzimmermann.de\/blog\/wp-content\/uploads\/MG_3899_bearbeitet-1-768x527.jpg 768w, https:\/\/www.damianzimmermann.de\/blog\/wp-content\/uploads\/MG_3899_bearbeitet-1-210x144.jpg 210w\" sizes=\"auto, (max-width: 620px) 100vw, 620px\" \/>\n\t\t\t<\/dt>\n\t\t\t\t<dd class='wp-caption-text gallery-caption' id='gallery-1-21484'>\n\t\t\t\tSally Mann, Installationsansicht in der Galerie Karsten Greve, K\u00f6ln\n\t\t\t\t<\/dd><\/dl><br style=\"clear: both\" \/>\n\t\t<\/div>\n\n","protected":false},"excerpt":{"rendered":"<p>Die Amerikanerin Sally Mann (Jahrgang 1951) geh\u00f6rt zu den bekanntesten Fotografinnen ihrer Generation und hat mit dem 1992 erschienenen Fotobuch &#8222;Immediate Family\u201c einen Klassiker geschaffen. Darin zeigt sie&#8230;<\/p>\n","protected":false},"author":1,"featured_media":21485,"comment_status":"closed","ping_status":"closed","sticky":false,"template":"","format":"standard","meta":{"footnotes":""},"categories":[6],"tags":[1733],"class_list":["post-21475","post","type-post","status-publish","format-standard","has-post-thumbnail","hentry","category-ausstellungen","tag-sally-mann"],"_links":{"self":[{"href":"https:\/\/www.damianzimmermann.de\/blog\/wp-json\/wp\/v2\/posts\/21475","targetHints":{"allow":["GET"]}}],"collection":[{"href":"https:\/\/www.damianzimmermann.de\/blog\/wp-json\/wp\/v2\/posts"}],"about":[{"href":"https:\/\/www.damianzimmermann.de\/blog\/wp-json\/wp\/v2\/types\/post"}],"author":[{"embeddable":true,"href":"https:\/\/www.damianzimmermann.de\/blog\/wp-json\/wp\/v2\/users\/1"}],"replies":[{"embeddable":true,"href":"https:\/\/www.damianzimmermann.de\/blog\/wp-json\/wp\/v2\/comments?post=21475"}],"version-history":[{"count":17,"href":"https:\/\/www.damianzimmermann.de\/blog\/wp-json\/wp\/v2\/posts\/21475\/revisions"}],"predecessor-version":[{"id":21504,"href":"https:\/\/www.damianzimmermann.de\/blog\/wp-json\/wp\/v2\/posts\/21475\/revisions\/21504"}],"wp:featuredmedia":[{"embeddable":true,"href":"https:\/\/www.damianzimmermann.de\/blog\/wp-json\/wp\/v2\/media\/21485"}],"wp:attachment":[{"href":"https:\/\/www.damianzimmermann.de\/blog\/wp-json\/wp\/v2\/media?parent=21475"}],"wp:term":[{"taxonomy":"category","embeddable":true,"href":"https:\/\/www.damianzimmermann.de\/blog\/wp-json\/wp\/v2\/categories?post=21475"},{"taxonomy":"post_tag","embeddable":true,"href":"https:\/\/www.damianzimmermann.de\/blog\/wp-json\/wp\/v2\/tags?post=21475"}],"curies":[{"name":"wp","href":"https:\/\/api.w.org\/{rel}","templated":true}]}}