{"id":21319,"date":"2019-10-23T12:24:46","date_gmt":"2019-10-23T10:24:46","guid":{"rendered":"http:\/\/www.damianzimmermann.de\/blog\/?p=21319"},"modified":"2020-04-20T18:57:21","modified_gmt":"2020-04-20T16:57:21","slug":"haben-wir-eine-inflation-an-fotobuechern","status":"publish","type":"post","link":"https:\/\/www.damianzimmermann.de\/blog\/haben-wir-eine-inflation-an-fotobuechern\/","title":{"rendered":"Haben wir eine Inflation an Fotob\u00fcchern?"},"content":{"rendered":"<p>Fotob\u00fccher haben in den vergangenen zehn Jahren eine erstaunliche Entwicklung durchlaufen. Die Zahl der Neuerscheinungen ist kaum noch zu \u00fcberblicken und jeder Fotograf, der etwas von sich h\u00e4lt, will seine Projekte als Buch ver\u00f6ffentlichen. Doch welche Relevanz hat das Fotobuch heute eigentlich? Dazu habe ich den Fotografen, Kuratoren, Galeristen und Sammlern <strong>Regina Anzenberger<\/strong>, <strong>Boris Becker<\/strong>, <strong>Stefan Gronert<\/strong>,\u00a0 <strong>Florian Hammerich<\/strong>, <strong>David Klammer<\/strong>, <strong>Martin Lamberty<\/strong>, <strong>Andrew Phelps<\/strong>, <strong>Rolf Sachsse<\/strong>, <strong>Maria Sturm<\/strong> und <strong>Robert Rutoed<\/strong> f\u00fcnf Fragen gestellt.<\/p>\n<p>Die Antworten findet ihr <a href=\"https:\/\/www.damianzimmermann.de\/blog\/wp-content\/uploads\/22-25_Umfrage.pdf\" target=\"_blank\" rel=\"noopener noreferrer\">hier<\/a> als PDF.<\/p>\n\n\t\t<style type=\"text\/css\">\n\t\t\t#gallery-1 {\n\t\t\t\tmargin: auto;\n\t\t\t}\n\t\t\t#gallery-1 .gallery-item {\n\t\t\t\tfloat: left;\n\t\t\t\tmargin-top: 10px;\n\t\t\t\ttext-align: center;\n\t\t\t\twidth: 100%;\n\t\t\t}\n\t\t\t#gallery-1 img {\n\t\t\t\tborder: 2px solid #cfcfcf;\n\t\t\t}\n\t\t\t#gallery-1 .gallery-caption {\n\t\t\t\tmargin-left: 0;\n\t\t\t}\n\t\t\t\/* see gallery_shortcode() in wp-includes\/media.php *\/\n\t\t<\/style>\n\t\t<div id='gallery-1' class='gallery galleryid-21319 gallery-columns-1 gallery-size-large'><dl class='gallery-item'>\n\t\t\t<dt class='gallery-icon landscape'>\n\t\t\t\t<img loading=\"lazy\" decoding=\"async\" width=\"620\" height=\"475\" src=\"https:\/\/www.damianzimmermann.de\/blog\/wp-content\/uploads\/fotob\u00fccher-okt-2019.jpg\" class=\"attachment-large size-large\" alt=\"\" aria-describedby=\"gallery-1-21327\" srcset=\"https:\/\/www.damianzimmermann.de\/blog\/wp-content\/uploads\/fotob\u00fccher-okt-2019.jpg 900w, https:\/\/www.damianzimmermann.de\/blog\/wp-content\/uploads\/fotob\u00fccher-okt-2019-196x150.jpg 196w, https:\/\/www.damianzimmermann.de\/blog\/wp-content\/uploads\/fotob\u00fccher-okt-2019-400x306.jpg 400w, https:\/\/www.damianzimmermann.de\/blog\/wp-content\/uploads\/fotob\u00fccher-okt-2019-768x588.jpg 768w, https:\/\/www.damianzimmermann.de\/blog\/wp-content\/uploads\/fotob\u00fccher-okt-2019-210x161.jpg 210w\" sizes=\"auto, (max-width: 620px) 100vw, 620px\" \/>\n\t\t\t<\/dt>\n\t\t\t\t<dd class='wp-caption-text gallery-caption' id='gallery-1-21327'>\n\t\t\t\tEinige Fotob\u00fccher, die mich in den vergangenen Wochen erreicht haben &#8211; dabei ist das nur die Spitze des Eisberges, denn die Zahl der Fotobuch-Neuver\u00f6ffentlichungen ist in den vergangenen zehn Jahren massiv gestiegen. \n\t\t\t\t<\/dd><\/dl><br style=\"clear: both\" \/>\n\t\t<\/div>\n\n","protected":false},"excerpt":{"rendered":"<p>Fotob\u00fccher haben in den vergangenen zehn Jahren eine erstaunliche Entwicklung durchlaufen. Die Zahl der Neuerscheinungen ist kaum noch zu \u00fcberblicken und jeder Fotograf, der etwas von sich h\u00e4lt,&#8230;<\/p>\n","protected":false},"author":1,"featured_media":21656,"comment_status":"closed","ping_status":"closed","sticky":false,"template":"","format":"standard","meta":{"footnotes":""},"categories":[7,1632],"tags":[608,456,1160,1696,1698,1697,1695,1699,1105,1404],"class_list":["post-21319","post","type-post","status-publish","format-standard","has-post-thumbnail","hentry","category-fotobuecher","category-umfrage","tag-andrew-phelps","tag-boris-becker","tag-david-klammer","tag-florian-hammerich","tag-maria-sturm","tag-martin-lamberty","tag-regina-anzenberger","tag-robert-rutoed","tag-rolf-sachsse","tag-stefan-gronert"],"_links":{"self":[{"href":"https:\/\/www.damianzimmermann.de\/blog\/wp-json\/wp\/v2\/posts\/21319","targetHints":{"allow":["GET"]}}],"collection":[{"href":"https:\/\/www.damianzimmermann.de\/blog\/wp-json\/wp\/v2\/posts"}],"about":[{"href":"https:\/\/www.damianzimmermann.de\/blog\/wp-json\/wp\/v2\/types\/post"}],"author":[{"embeddable":true,"href":"https:\/\/www.damianzimmermann.de\/blog\/wp-json\/wp\/v2\/users\/1"}],"replies":[{"embeddable":true,"href":"https:\/\/www.damianzimmermann.de\/blog\/wp-json\/wp\/v2\/comments?post=21319"}],"version-history":[{"count":9,"href":"https:\/\/www.damianzimmermann.de\/blog\/wp-json\/wp\/v2\/posts\/21319\/revisions"}],"predecessor-version":[{"id":21330,"href":"https:\/\/www.damianzimmermann.de\/blog\/wp-json\/wp\/v2\/posts\/21319\/revisions\/21330"}],"wp:featuredmedia":[{"embeddable":true,"href":"https:\/\/www.damianzimmermann.de\/blog\/wp-json\/wp\/v2\/media\/21656"}],"wp:attachment":[{"href":"https:\/\/www.damianzimmermann.de\/blog\/wp-json\/wp\/v2\/media?parent=21319"}],"wp:term":[{"taxonomy":"category","embeddable":true,"href":"https:\/\/www.damianzimmermann.de\/blog\/wp-json\/wp\/v2\/categories?post=21319"},{"taxonomy":"post_tag","embeddable":true,"href":"https:\/\/www.damianzimmermann.de\/blog\/wp-json\/wp\/v2\/tags?post=21319"}],"curies":[{"name":"wp","href":"https:\/\/api.w.org\/{rel}","templated":true}]}}