{"id":21134,"date":"2019-07-03T16:24:00","date_gmt":"2019-07-03T14:24:00","guid":{"rendered":"http:\/\/www.damianzimmermann.de\/blog\/?p=21134"},"modified":"2019-07-03T16:24:27","modified_gmt":"2019-07-03T14:24:27","slug":"the-shattered-glass-von-scott-mcfarland","status":"publish","type":"post","link":"https:\/\/www.damianzimmermann.de\/blog\/the-shattered-glass-von-scott-mcfarland\/","title":{"rendered":"&#8222;The Shattered Glass&#8220; von Scott McFarland"},"content":{"rendered":"<p>Vor fast f\u00fcnf Jahren habe ich \u00fcber die erste Ausstellung des Kanadier <strong>Scott McFarland<\/strong> in der K\u00f6lner Galerie Choi &amp; Lager <a href=\"https:\/\/www.damianzimmermann.de\/blog\/scott-mcfarland-in-der-galerie-choi-lager\/\" target=\"_blank\" rel=\"noopener noreferrer\">geschrieben<\/a>. Nun zeigt sie noch bis Ende August die zweite Solo-Schau des K\u00fcnstlers mit dem Titel &#8222;The Shattered Glass&#8220;. Zu sehen sind insgesamt neun Arbeiten, wovon zwei als \u00fcbergro\u00dfe Leuchtk\u00e4sten installiert wurden und drei weitere sind als hochformatige Panorama-Videoarbeiten in Slow Motion zu sehen. Die Aussellung hat mich noch mehrbegeistert als die erste, obwohl sie auf den ersten Blick wenig spektakul\u00e4r ist. Aber der ehemalige Sch\u00fcler von <strong>Jeff Wall<\/strong> zeigt nicht nur Intelligenz, sondern auch Humor und einen gro\u00dfen Sinn f\u00fcr \u00c4sthetik in seinen Arbeiten. Schade, dass man von ihm hierzulande so wenig zu sehen bekommt.<\/p>\n<p>Meine ausf\u00fchrlichere Besprechung ist im K\u00f6lner Stadt-Anzeiger erschienen und gibt es <a href=\"https:\/\/www.damianzimmermann.de\/blog\/wp-content\/uploads\/294-Scott-McFarland.pdf\" target=\"_blank\" rel=\"noopener noreferrer\">hier<\/a> als PDF.<\/p>\n<p>Links: <a href=\"http:\/\/www.scottcmcfarland.com\/\" target=\"_blank\" rel=\"noopener noreferrer\">Scott McFarland<\/a>, <a href=\"http:\/\/www.choiandlager.com\/artist.php?artist_id=44&amp;show_id=4&amp;view_id=403\" target=\"_blank\" rel=\"noopener noreferrer\">Choi &amp; Lager<\/a><\/p>\n\n\t\t<style type=\"text\/css\">\n\t\t\t#gallery-1 {\n\t\t\t\tmargin: auto;\n\t\t\t}\n\t\t\t#gallery-1 .gallery-item {\n\t\t\t\tfloat: left;\n\t\t\t\tmargin-top: 10px;\n\t\t\t\ttext-align: center;\n\t\t\t\twidth: 100%;\n\t\t\t}\n\t\t\t#gallery-1 img {\n\t\t\t\tborder: 2px solid #cfcfcf;\n\t\t\t}\n\t\t\t#gallery-1 .gallery-caption {\n\t\t\t\tmargin-left: 0;\n\t\t\t}\n\t\t\t\/* see gallery_shortcode() in wp-includes\/media.php *\/\n\t\t<\/style>\n\t\t<div id='gallery-1' class='gallery galleryid-21134 gallery-columns-1 gallery-size-large'><dl class='gallery-item'>\n\t\t\t<dt class='gallery-icon landscape'>\n\t\t\t\t<img loading=\"lazy\" decoding=\"async\" width=\"620\" height=\"378\" src=\"https:\/\/www.damianzimmermann.de\/blog\/wp-content\/uploads\/Scott-McFarland-Lens-Cleaning.jpg\" class=\"attachment-large size-large\" alt=\"\" aria-describedby=\"gallery-1-21145\" srcset=\"https:\/\/www.damianzimmermann.de\/blog\/wp-content\/uploads\/Scott-McFarland-Lens-Cleaning.jpg 900w, https:\/\/www.damianzimmermann.de\/blog\/wp-content\/uploads\/Scott-McFarland-Lens-Cleaning-200x122.jpg 200w, https:\/\/www.damianzimmermann.de\/blog\/wp-content\/uploads\/Scott-McFarland-Lens-Cleaning-400x244.jpg 400w, https:\/\/www.damianzimmermann.de\/blog\/wp-content\/uploads\/Scott-McFarland-Lens-Cleaning-768x468.jpg 768w, https:\/\/www.damianzimmermann.de\/blog\/wp-content\/uploads\/Scott-McFarland-Lens-Cleaning-210x128.jpg 210w\" sizes=\"auto, (max-width: 620px) 100vw, 620px\" \/>\n\t\t\t<\/dt>\n\t\t\t\t<dd class='wp-caption-text gallery-caption' id='gallery-1-21145'>\n\t\t\t\tScott McFarland, Installationsansicht von &#8222;Lens Cleaning&#8220;, Foto: Damian Zimmermann\n\t\t\t\t<\/dd><\/dl><br style=\"clear: both\" \/><dl class='gallery-item'>\n\t\t\t<dt class='gallery-icon portrait'>\n\t\t\t\t<img loading=\"lazy\" decoding=\"async\" width=\"600\" height=\"900\" src=\"https:\/\/www.damianzimmermann.de\/blog\/wp-content\/uploads\/06-SM_Lens-CleaningYellow.jpg\" class=\"attachment-large size-large\" alt=\"\" aria-describedby=\"gallery-1-21146\" srcset=\"https:\/\/www.damianzimmermann.de\/blog\/wp-content\/uploads\/06-SM_Lens-CleaningYellow.jpg 600w, https:\/\/www.damianzimmermann.de\/blog\/wp-content\/uploads\/06-SM_Lens-CleaningYellow-100x150.jpg 100w, https:\/\/www.damianzimmermann.de\/blog\/wp-content\/uploads\/06-SM_Lens-CleaningYellow-267x400.jpg 267w, https:\/\/www.damianzimmermann.de\/blog\/wp-content\/uploads\/06-SM_Lens-CleaningYellow-210x315.jpg 210w\" sizes=\"auto, (max-width: 600px) 100vw, 600px\" \/>\n\t\t\t<\/dt>\n\t\t\t\t<dd class='wp-caption-text gallery-caption' id='gallery-1-21146'>\n\t\t\t\tScott McFarland: &#8222;Lens Cleaning Rodenstock Apo-Sironar  5.6\/135MM; James Perse Medallion  Crewneck Jersey T-shirt&#8220;, Foto: Mareike Tocha, Courtesy of the Artists and CHOI&#038;LAGER Gallery Cologne \/ Seoul\n\t\t\t\t<\/dd><\/dl><br style=\"clear: both\" \/><dl class='gallery-item'>\n\t\t\t<dt class='gallery-icon portrait'>\n\t\t\t\t<img loading=\"lazy\" decoding=\"async\" width=\"600\" height=\"900\" src=\"https:\/\/www.damianzimmermann.de\/blog\/wp-content\/uploads\/07-SM_Lens-CleaningRed.jpg\" class=\"attachment-large size-large\" alt=\"\" aria-describedby=\"gallery-1-21142\" srcset=\"https:\/\/www.damianzimmermann.de\/blog\/wp-content\/uploads\/07-SM_Lens-CleaningRed.jpg 600w, https:\/\/www.damianzimmermann.de\/blog\/wp-content\/uploads\/07-SM_Lens-CleaningRed-100x150.jpg 100w, https:\/\/www.damianzimmermann.de\/blog\/wp-content\/uploads\/07-SM_Lens-CleaningRed-267x400.jpg 267w, https:\/\/www.damianzimmermann.de\/blog\/wp-content\/uploads\/07-SM_Lens-CleaningRed-210x315.jpg 210w\" sizes=\"auto, (max-width: 600px) 100vw, 600px\" \/>\n\t\t\t<\/dt>\n\t\t\t\t<dd class='wp-caption-text gallery-caption' id='gallery-1-21142'>\n\t\t\t\tScott McFarland: &#8222;Lens Cleaning Rodenstock Apo-Sironar  5.6\/135MM; James Perse Sun Stone  Crewneck Jersey T-shirt&#8220;, Foto: Mareike Tocha, Courtesy of the Artists and CHOI&#038;LAGER Gallery Cologne \/ Seoul\n\t\t\t\t<\/dd><\/dl><br style=\"clear: both\" \/><dl class='gallery-item'>\n\t\t\t<dt class='gallery-icon landscape'>\n\t\t\t\t<img loading=\"lazy\" decoding=\"async\" width=\"620\" height=\"413\" src=\"https:\/\/www.damianzimmermann.de\/blog\/wp-content\/uploads\/2019.05.11_Choi-and-Lager-03.jpg\" class=\"attachment-large size-large\" alt=\"\" aria-describedby=\"gallery-1-21143\" srcset=\"https:\/\/www.damianzimmermann.de\/blog\/wp-content\/uploads\/2019.05.11_Choi-and-Lager-03.jpg 900w, https:\/\/www.damianzimmermann.de\/blog\/wp-content\/uploads\/2019.05.11_Choi-and-Lager-03-200x133.jpg 200w, https:\/\/www.damianzimmermann.de\/blog\/wp-content\/uploads\/2019.05.11_Choi-and-Lager-03-400x267.jpg 400w, https:\/\/www.damianzimmermann.de\/blog\/wp-content\/uploads\/2019.05.11_Choi-and-Lager-03-768x512.jpg 768w, https:\/\/www.damianzimmermann.de\/blog\/wp-content\/uploads\/2019.05.11_Choi-and-Lager-03-210x140.jpg 210w\" sizes=\"auto, (max-width: 620px) 100vw, 620px\" \/>\n\t\t\t<\/dt>\n\t\t\t\t<dd class='wp-caption-text gallery-caption' id='gallery-1-21143'>\n\t\t\t\tScott McFarland, Installationsansicht von &#8222;Fireplace&#8220;, Foto: Mareike Tocha, Courtesy of the Artists and CHOI&#038;LAGER Gallery Cologne \/ Seoul\n\t\t\t\t<\/dd><\/dl><br style=\"clear: both\" \/><dl class='gallery-item'>\n\t\t\t<dt class='gallery-icon landscape'>\n\t\t\t\t<img loading=\"lazy\" decoding=\"async\" width=\"620\" height=\"413\" src=\"https:\/\/www.damianzimmermann.de\/blog\/wp-content\/uploads\/2019.05.11_Choi-and-Lager-28.jpg\" class=\"attachment-large size-large\" alt=\"\" aria-describedby=\"gallery-1-21144\" srcset=\"https:\/\/www.damianzimmermann.de\/blog\/wp-content\/uploads\/2019.05.11_Choi-and-Lager-28.jpg 900w, https:\/\/www.damianzimmermann.de\/blog\/wp-content\/uploads\/2019.05.11_Choi-and-Lager-28-200x133.jpg 200w, https:\/\/www.damianzimmermann.de\/blog\/wp-content\/uploads\/2019.05.11_Choi-and-Lager-28-400x267.jpg 400w, https:\/\/www.damianzimmermann.de\/blog\/wp-content\/uploads\/2019.05.11_Choi-and-Lager-28-768x512.jpg 768w, https:\/\/www.damianzimmermann.de\/blog\/wp-content\/uploads\/2019.05.11_Choi-and-Lager-28-210x140.jpg 210w\" sizes=\"auto, (max-width: 620px) 100vw, 620px\" \/>\n\t\t\t<\/dt>\n\t\t\t\t<dd class='wp-caption-text gallery-caption' id='gallery-1-21144'>\n\t\t\t\tScott McFarland, Installationsansicht von &#8222;Shattered Glass, Sunny with Cloudy Periods&#8220;, Foto: Mareike Tocha, Courtesy of the Artists and CHOI&#038;LAGER Gallery Cologne \/ Seoul\n\t\t\t\t<\/dd><\/dl><br style=\"clear: both\" \/>\n\t\t<\/div>\n\n","protected":false},"excerpt":{"rendered":"<p>Vor fast f\u00fcnf Jahren habe ich \u00fcber die erste Ausstellung des Kanadier Scott McFarland in der K\u00f6lner Galerie Choi &amp; Lager geschrieben. Nun zeigt sie noch bis Ende&#8230;<\/p>\n","protected":false},"author":1,"featured_media":21142,"comment_status":"closed","ping_status":"closed","sticky":false,"template":"","format":"standard","meta":{"footnotes":""},"categories":[6],"tags":[611,1251],"class_list":["post-21134","post","type-post","status-publish","format-standard","has-post-thumbnail","hentry","category-ausstellungen","tag-jeff-wall","tag-scott-mcfarland"],"_links":{"self":[{"href":"https:\/\/www.damianzimmermann.de\/blog\/wp-json\/wp\/v2\/posts\/21134","targetHints":{"allow":["GET"]}}],"collection":[{"href":"https:\/\/www.damianzimmermann.de\/blog\/wp-json\/wp\/v2\/posts"}],"about":[{"href":"https:\/\/www.damianzimmermann.de\/blog\/wp-json\/wp\/v2\/types\/post"}],"author":[{"embeddable":true,"href":"https:\/\/www.damianzimmermann.de\/blog\/wp-json\/wp\/v2\/users\/1"}],"replies":[{"embeddable":true,"href":"https:\/\/www.damianzimmermann.de\/blog\/wp-json\/wp\/v2\/comments?post=21134"}],"version-history":[{"count":8,"href":"https:\/\/www.damianzimmermann.de\/blog\/wp-json\/wp\/v2\/posts\/21134\/revisions"}],"predecessor-version":[{"id":21148,"href":"https:\/\/www.damianzimmermann.de\/blog\/wp-json\/wp\/v2\/posts\/21134\/revisions\/21148"}],"wp:featuredmedia":[{"embeddable":true,"href":"https:\/\/www.damianzimmermann.de\/blog\/wp-json\/wp\/v2\/media\/21142"}],"wp:attachment":[{"href":"https:\/\/www.damianzimmermann.de\/blog\/wp-json\/wp\/v2\/media?parent=21134"}],"wp:term":[{"taxonomy":"category","embeddable":true,"href":"https:\/\/www.damianzimmermann.de\/blog\/wp-json\/wp\/v2\/categories?post=21134"},{"taxonomy":"post_tag","embeddable":true,"href":"https:\/\/www.damianzimmermann.de\/blog\/wp-json\/wp\/v2\/tags?post=21134"}],"curies":[{"name":"wp","href":"https:\/\/api.w.org\/{rel}","templated":true}]}}