{"id":21106,"date":"2019-05-23T09:13:10","date_gmt":"2019-05-23T07:13:10","guid":{"rendered":"http:\/\/www.damianzimmermann.de\/blog\/?p=21106"},"modified":"2020-04-20T18:58:37","modified_gmt":"2020-04-20T16:58:37","slug":"social-media-in-der-fotografie","status":"publish","type":"post","link":"https:\/\/www.damianzimmermann.de\/blog\/social-media-in-der-fotografie\/","title":{"rendered":"Social Media in der Fotografie"},"content":{"rendered":"<p>Facebook, Twitter, Instagram, Xing, LinkedIn, Snapchat, Fotocommunity, die Website und der eigene Blog \u2026 Die Liste der M\u00f6glichkeiten, sich im Netz darzustellen und zu vernetzten, wird immer l\u00e4nger und wer als Fotograf dort nicht mitmischt, kommt schnell in Erkl\u00e4rungsnot. Doch welche Dienste nutzen Fotografen tats\u00e4chlich, welche bringen sie weiter und mit welchen Posts erzielen sie die meiste Resonanz?<\/p>\n<p>F\u00fcr die monatliche Umfrage der ProfiFoto habe ich bei <strong>Anna Ehrenstein<\/strong>, <strong>Olaf Heine<\/strong>, <strong>Andy Kassier<\/strong>, <strong>Thomas Kellner<\/strong>, <strong>Linn Phyllis Seeger<\/strong>, <strong>Leah Schrager<\/strong>, dem Fotografen-Duo <strong>Silvia Steinbach<\/strong> und <strong>Christian Ahrens<\/strong>, <strong>Ingo Taubhorn<\/strong> und <strong>Falko Wenzel<\/strong> nachgefragt.<\/p>\n<p>Ihre Antworten k\u00f6nnt ihr <a href=\"https:\/\/www.damianzimmermann.de\/blog\/wp-content\/uploads\/Umfrage_5_19.pdf\" target=\"_blank\" rel=\"noopener noreferrer\">hier<\/a> im PDF nachlesen.<\/p>\n<p>Link: <a href=\"https:\/\/www.profifoto.de\/\" target=\"_blank\" rel=\"noopener noreferrer\">ProfiFoto<\/a><\/p>\n","protected":false},"excerpt":{"rendered":"<p>Facebook, Twitter, Instagram, Xing, LinkedIn, Snapchat, Fotocommunity, die Website und der eigene Blog \u2026 Die Liste der M\u00f6glichkeiten, sich im Netz darzustellen und zu vernetzten, wird immer l\u00e4nger&#8230;<\/p>\n","protected":false},"author":1,"featured_media":21656,"comment_status":"closed","ping_status":"closed","sticky":false,"template":"","format":"standard","meta":{"footnotes":""},"categories":[1632],"tags":[1642,1480,1263,1647,1646,1498,1307,1644,730,1515,1643,1648,1645],"class_list":["post-21106","post","type-post","status-publish","format-standard","has-post-thumbnail","hentry","category-umfrage","tag-andy-kassier","tag-anna-ehrenstein","tag-christian-ahrens","tag-facebook","tag-falko-wenzel","tag-ingo-taubhorn","tag-instagram","tag-leah-schrager","tag-linn-phyllis-seeger","tag-olaf-heine","tag-silvia-steinbach","tag-social-media","tag-thomas-kellner"],"_links":{"self":[{"href":"https:\/\/www.damianzimmermann.de\/blog\/wp-json\/wp\/v2\/posts\/21106","targetHints":{"allow":["GET"]}}],"collection":[{"href":"https:\/\/www.damianzimmermann.de\/blog\/wp-json\/wp\/v2\/posts"}],"about":[{"href":"https:\/\/www.damianzimmermann.de\/blog\/wp-json\/wp\/v2\/types\/post"}],"author":[{"embeddable":true,"href":"https:\/\/www.damianzimmermann.de\/blog\/wp-json\/wp\/v2\/users\/1"}],"replies":[{"embeddable":true,"href":"https:\/\/www.damianzimmermann.de\/blog\/wp-json\/wp\/v2\/comments?post=21106"}],"version-history":[{"count":5,"href":"https:\/\/www.damianzimmermann.de\/blog\/wp-json\/wp\/v2\/posts\/21106\/revisions"}],"predecessor-version":[{"id":21112,"href":"https:\/\/www.damianzimmermann.de\/blog\/wp-json\/wp\/v2\/posts\/21106\/revisions\/21112"}],"wp:featuredmedia":[{"embeddable":true,"href":"https:\/\/www.damianzimmermann.de\/blog\/wp-json\/wp\/v2\/media\/21656"}],"wp:attachment":[{"href":"https:\/\/www.damianzimmermann.de\/blog\/wp-json\/wp\/v2\/media?parent=21106"}],"wp:term":[{"taxonomy":"category","embeddable":true,"href":"https:\/\/www.damianzimmermann.de\/blog\/wp-json\/wp\/v2\/categories?post=21106"},{"taxonomy":"post_tag","embeddable":true,"href":"https:\/\/www.damianzimmermann.de\/blog\/wp-json\/wp\/v2\/tags?post=21106"}],"curies":[{"name":"wp","href":"https:\/\/api.w.org\/{rel}","templated":true}]}}