{"id":1993,"date":"2010-04-18T13:00:59","date_gmt":"2010-04-18T11:00:59","guid":{"rendered":"http:\/\/www.damianzimmermann.de\/blog\/?p=1993"},"modified":"2019-03-27T18:52:29","modified_gmt":"2019-03-27T17:52:29","slug":"roger-melis-giorgia-fiorio-in-der-co-berlin","status":"publish","type":"post","link":"https:\/\/www.damianzimmermann.de\/blog\/roger-melis-giorgia-fiorio-in-der-co-berlin\/","title":{"rendered":"Roger Melis &#038; Giorgia Fiorio in der C\/O Berlin"},"content":{"rendered":"<p>Zum Pflichtprogramm w\u00e4hrend einer Berlin-Reise geh\u00f6rt f\u00fcr mich immer auch ein Besuch der <strong>C\/O Berlin<\/strong> im Kaiserlichen Postfuhramt an der Orangienburger Stra\u00dfe. Zurzeit kann man sich dort gleich drei empfehlenswerte Ausstellungen mit Schwarzwei\u00df-Fotografien anschauen: Neben <strong>Andy Spyra<\/strong>, der im Rahmen des &#8222;Talents&#8220;-Wettbewerbes seine Bilder vom Konflikt in Kaschmir zeigt, haben mich vor allem die <strong>Roger Melis<\/strong>-Retrospektive und die Ausstellung &#8222;Ritus&#8220; von<strong> Giorgia Fiorio<\/strong> interessiert.<\/p>\n<p>Der &#8222;Chronist und Flaneur&#8220; Roger Melis (1940 bis 2009) war zusammen mit <strong>Arno Fischer<\/strong> und <strong>Sibylle Bergemann<\/strong> Gr\u00fcndungsmitglied der ostdeutschen Fotogruppe &#8222;Direkt&#8220; und z\u00e4hlt zu den wichtigsten Fotografen der DDR. Neben seinen Portr\u00e4ts von Schriftstellern und K\u00fcnstlern schuf er auch wunderbare Alltags-Aufnahmen im Sinne der Street-Photography und war auch viel im europ\u00e4ischen Ausland wie Paris, London, Warschau, Krakau und Moskau unterwegs. Interessant und bem\u00fcht zugleich finde ich allerdings seine Betonung, dass Melis &#8222;die Wahrheit des Unsensationellen spannend&#8220; finde und nicht das Besondere, sondern das Allt\u00e4gliche suche. Das alarmierte mich sofort, denn einen ganz \u00e4hnlichen Satz musste ich in der <a href=\"https:\/\/www.damianzimmermann.de\/blog\/?p=895\" target=\"_blank\" rel=\"noopener noreferrer\">Arno Fischer-Retrospektive<\/a> in Bonn lesen und anschlie\u00dfend feststellen, dass das (leider) nicht als Koketterie gemeint war. Bei Melis sehe hingegen sehe ich diesen &#8222;belanglosen Augenblick&#8220; nicht &#8211; daf\u00fcr sind seine Bilder viel zu gut komponiert und zielen eben doch auf einen ganz bestimmten Augenblick hin &#8211; auch, wenn dieser erst einmal unspektakul\u00e4r wirken mag<\/p>\n<p>Begeistert hat mich aber auch die Ausstellung der Italienerin Giorgia Fiorio. Seit 2001 reist sie auf der Suche nach Ritualen um die Welt \u2013 von den Ufern des Ganges, Kl\u00f6stern in Polen, Tempelanlagen in Kambodscha bis hin zu Meditationszentren in Myanmar und Wasserf\u00e4llen in Japan. Bereits der Eingang der sehr sch\u00f6n gestalteten Ausstellung, die \u00fcbrigens unter der Unesco-Schirmherrschaft steht, hat fast etwas Spirituelles und erinnerte mich an das Gef\u00fchl, das ich (immer noch) beim Betreten von alten Kirchen und buddhistischen Tempeln habe. Die gro\u00dfformatigen Bilder zeigen Menschen, die ihren Glauben im wahrsten Sinne des Wortes leben. Fiorio macht diesen Glauben sicht- und sp\u00fcrbar, denn fast immer geht die spirituelle Verbindung mit schweren k\u00f6rperlichen Anstrengungen einher &#8211; ob sich Menschen kreuzigen lassen, durch Wasserf\u00e4lle laufen, sich von Ger\u00fcsten st\u00fcrzen, Yoga-\u00dcbungen machen oder sich in Trance und Ekstase versetzen. Dabei entdeckt man erstaunliche Parallelen zwischen den einzelnen Religionen, und ich als Agnostiker musste mir tats\u00e4chlich die profane Frage stellen, ob diese Massen an Gl\u00e4ubigen ganz unterschiedlicher Herkunft nicht vielleicht doch irgendwie Recht haben.<\/p>\n<p>Die beiden Ausstellungen laufen noch bis zum 2. Mai 2010.<\/p>\n\n\t\t<style type=\"text\/css\">\n\t\t\t#gallery-1 {\n\t\t\t\tmargin: auto;\n\t\t\t}\n\t\t\t#gallery-1 .gallery-item {\n\t\t\t\tfloat: left;\n\t\t\t\tmargin-top: 10px;\n\t\t\t\ttext-align: center;\n\t\t\t\twidth: 100%;\n\t\t\t}\n\t\t\t#gallery-1 img {\n\t\t\t\tborder: 2px solid #cfcfcf;\n\t\t\t}\n\t\t\t#gallery-1 .gallery-caption {\n\t\t\t\tmargin-left: 0;\n\t\t\t}\n\t\t\t\/* see gallery_shortcode() in wp-includes\/media.php *\/\n\t\t<\/style>\n\t\t<div id='gallery-1' class='gallery galleryid-1993 gallery-columns-1 gallery-size-large'><dl class='gallery-item'>\n\t\t\t<dt class='gallery-icon landscape'>\n\t\t\t\t<img loading=\"lazy\" decoding=\"async\" width=\"620\" height=\"442\" src=\"https:\/\/www.damianzimmermann.de\/blog\/wp-content\/uploads\/London-Oxford-Street-1988-c-Roger-Melis_klein.jpg\" class=\"attachment-large size-large\" alt=\"\" aria-describedby=\"gallery-1-2007\" srcset=\"https:\/\/www.damianzimmermann.de\/blog\/wp-content\/uploads\/London-Oxford-Street-1988-c-Roger-Melis_klein.jpg 900w, https:\/\/www.damianzimmermann.de\/blog\/wp-content\/uploads\/London-Oxford-Street-1988-c-Roger-Melis_klein-200x142.jpg 200w, https:\/\/www.damianzimmermann.de\/blog\/wp-content\/uploads\/London-Oxford-Street-1988-c-Roger-Melis_klein-400x285.jpg 400w\" sizes=\"auto, (max-width: 620px) 100vw, 620px\" \/>\n\t\t\t<\/dt>\n\t\t\t\t<dd class='wp-caption-text gallery-caption' id='gallery-1-2007'>\n\t\t\t\tLondon, Oxford Street, 1988 \/ \u00a9 Roger Melis\n\t\t\t\t<\/dd><\/dl><br style=\"clear: both\" \/><dl class='gallery-item'>\n\t\t\t<dt class='gallery-icon portrait'>\n\t\t\t\t<img loading=\"lazy\" decoding=\"async\" width=\"603\" height=\"900\" src=\"https:\/\/www.damianzimmermann.de\/blog\/wp-content\/uploads\/Moskau-Roter-Platz-um-1965-c-Roger-Melis.jpg\" class=\"attachment-large size-large\" alt=\"\" aria-describedby=\"gallery-1-2008\" srcset=\"https:\/\/www.damianzimmermann.de\/blog\/wp-content\/uploads\/Moskau-Roter-Platz-um-1965-c-Roger-Melis.jpg 603w, https:\/\/www.damianzimmermann.de\/blog\/wp-content\/uploads\/Moskau-Roter-Platz-um-1965-c-Roger-Melis-100x150.jpg 100w, https:\/\/www.damianzimmermann.de\/blog\/wp-content\/uploads\/Moskau-Roter-Platz-um-1965-c-Roger-Melis-268x400.jpg 268w\" sizes=\"auto, (max-width: 603px) 100vw, 603px\" \/>\n\t\t\t<\/dt>\n\t\t\t\t<dd class='wp-caption-text gallery-caption' id='gallery-1-2008'>\n\t\t\t\tMoskau, Roter Platz, um 1965 \/ \u00a9 Roger Melis\n\t\t\t\t<\/dd><\/dl><br style=\"clear: both\" \/><dl class='gallery-item'>\n\t\t\t<dt class='gallery-icon portrait'>\n\t\t\t\t<img loading=\"lazy\" decoding=\"async\" width=\"579\" height=\"900\" src=\"https:\/\/www.damianzimmermann.de\/blog\/wp-content\/uploads\/Paris-Centre-Georges-Pompidou-1982-c-Roger-Melis_klein.jpg\" class=\"attachment-large size-large\" alt=\"\" aria-describedby=\"gallery-1-2009\" srcset=\"https:\/\/www.damianzimmermann.de\/blog\/wp-content\/uploads\/Paris-Centre-Georges-Pompidou-1982-c-Roger-Melis_klein.jpg 579w, https:\/\/www.damianzimmermann.de\/blog\/wp-content\/uploads\/Paris-Centre-Georges-Pompidou-1982-c-Roger-Melis_klein-96x150.jpg 96w, https:\/\/www.damianzimmermann.de\/blog\/wp-content\/uploads\/Paris-Centre-Georges-Pompidou-1982-c-Roger-Melis_klein-257x400.jpg 257w\" sizes=\"auto, (max-width: 579px) 100vw, 579px\" \/>\n\t\t\t<\/dt>\n\t\t\t\t<dd class='wp-caption-text gallery-caption' id='gallery-1-2009'>\n\t\t\t\tParis, Centre Georges-Pompidou, 1982 \/ \u00a9 Roger Melis\n\t\t\t\t<\/dd><\/dl><br style=\"clear: both\" \/><dl class='gallery-item'>\n\t\t\t<dt class='gallery-icon portrait'>\n\t\t\t\t<img loading=\"lazy\" decoding=\"async\" width=\"574\" height=\"900\" src=\"https:\/\/www.damianzimmermann.de\/blog\/wp-content\/uploads\/S057-Indianer-c-Roger-Melis.jpg\" class=\"attachment-large size-large\" alt=\"\" aria-describedby=\"gallery-1-2010\" srcset=\"https:\/\/www.damianzimmermann.de\/blog\/wp-content\/uploads\/S057-Indianer-c-Roger-Melis.jpg 574w, https:\/\/www.damianzimmermann.de\/blog\/wp-content\/uploads\/S057-Indianer-c-Roger-Melis-95x150.jpg 95w, https:\/\/www.damianzimmermann.de\/blog\/wp-content\/uploads\/S057-Indianer-c-Roger-Melis-255x400.jpg 255w\" sizes=\"auto, (max-width: 574px) 100vw, 574px\" \/>\n\t\t\t<\/dt>\n\t\t\t\t<dd class='wp-caption-text gallery-caption' id='gallery-1-2010'>\n\t\t\t\tIndianer, 1974 \/ \u00a9 Roger Melis\n\t\t\t\t<\/dd><\/dl><br style=\"clear: both\" \/><dl class='gallery-item'>\n\t\t\t<dt class='gallery-icon portrait'>\n\t\t\t\t<img loading=\"lazy\" decoding=\"async\" width=\"620\" height=\"631\" src=\"https:\/\/www.damianzimmermann.de\/blog\/wp-content\/uploads\/Fiorio_08.jpg\" class=\"attachment-large size-large\" alt=\"\" aria-describedby=\"gallery-1-2006\" srcset=\"https:\/\/www.damianzimmermann.de\/blog\/wp-content\/uploads\/Fiorio_08.jpg 884w, https:\/\/www.damianzimmermann.de\/blog\/wp-content\/uploads\/Fiorio_08-147x150.jpg 147w, https:\/\/www.damianzimmermann.de\/blog\/wp-content\/uploads\/Fiorio_08-392x400.jpg 392w\" sizes=\"auto, (max-width: 620px) 100vw, 620px\" \/>\n\t\t\t<\/dt>\n\t\t\t\t<dd class='wp-caption-text gallery-caption' id='gallery-1-2006'>\n\t\t\t\tVoodoo-Fest, Aguas Blancas-F\u00e4lle, Saut d\u2019Eau Haiti, 2000 \/ \u00a9 Giorgia Fiorio\n\t\t\t\t<\/dd><\/dl><br style=\"clear: both\" \/><dl class='gallery-item'>\n\t\t\t<dt class='gallery-icon landscape'>\n\t\t\t\t<img loading=\"lazy\" decoding=\"async\" width=\"620\" height=\"620\" src=\"https:\/\/www.damianzimmermann.de\/blog\/wp-content\/uploads\/Fiorio_07.jpg\" class=\"attachment-large size-large\" alt=\"\" aria-describedby=\"gallery-1-2005\" srcset=\"https:\/\/www.damianzimmermann.de\/blog\/wp-content\/uploads\/Fiorio_07.jpg 800w, https:\/\/www.damianzimmermann.de\/blog\/wp-content\/uploads\/Fiorio_07-150x150.jpg 150w, https:\/\/www.damianzimmermann.de\/blog\/wp-content\/uploads\/Fiorio_07-400x400.jpg 400w\" sizes=\"auto, (max-width: 620px) 100vw, 620px\" \/>\n\t\t\t<\/dt>\n\t\t\t\t<dd class='wp-caption-text gallery-caption' id='gallery-1-2005'>\n\t\t\t\tMondgru\u00df, Rendilestamm, Gurunet, Kenia, 2004 \/ \u00a9 Giorgia Fiorio\n\t\t\t\t<\/dd><\/dl><br style=\"clear: both\" \/><dl class='gallery-item'>\n\t\t\t<dt class='gallery-icon landscape'>\n\t\t\t\t<img loading=\"lazy\" decoding=\"async\" width=\"620\" height=\"611\" src=\"https:\/\/www.damianzimmermann.de\/blog\/wp-content\/uploads\/Fiorio_05.jpg\" class=\"attachment-large size-large\" alt=\"\" aria-describedby=\"gallery-1-2004\" srcset=\"https:\/\/www.damianzimmermann.de\/blog\/wp-content\/uploads\/Fiorio_05.jpg 900w, https:\/\/www.damianzimmermann.de\/blog\/wp-content\/uploads\/Fiorio_05-152x150.jpg 152w, https:\/\/www.damianzimmermann.de\/blog\/wp-content\/uploads\/Fiorio_05-400x394.jpg 400w\" sizes=\"auto, (max-width: 620px) 100vw, 620px\" \/>\n\t\t\t<\/dt>\n\t\t\t\t<dd class='wp-caption-text gallery-caption' id='gallery-1-2004'>\n\t\t\t\tSema-Zeremonie, Drehende Mevlevi-Derwische, Konya, T\u00fcrkei, 2004 \/ \u00a9 Giorgia Fiorio\n\t\t\t\t<\/dd><\/dl><br style=\"clear: both\" \/><dl class='gallery-item'>\n\t\t\t<dt class='gallery-icon landscape'>\n\t\t\t\t<img loading=\"lazy\" decoding=\"async\" width=\"620\" height=\"620\" src=\"https:\/\/www.damianzimmermann.de\/blog\/wp-content\/uploads\/Fiorio_03.jpg\" class=\"attachment-large size-large\" alt=\"\" aria-describedby=\"gallery-1-2003\" srcset=\"https:\/\/www.damianzimmermann.de\/blog\/wp-content\/uploads\/Fiorio_03.jpg 900w, https:\/\/www.damianzimmermann.de\/blog\/wp-content\/uploads\/Fiorio_03-150x150.jpg 150w, https:\/\/www.damianzimmermann.de\/blog\/wp-content\/uploads\/Fiorio_03-400x400.jpg 400w\" sizes=\"auto, (max-width: 620px) 100vw, 620px\" \/>\n\t\t\t<\/dt>\n\t\t\t\t<dd class='wp-caption-text gallery-caption' id='gallery-1-2003'>\n\t\t\t\t Naghol-Fest, Pentecost-Insel, Vanuatu, 2004 \/ \u00a9 Giorgia Fiorio\n\t\t\t\t<\/dd><\/dl><br style=\"clear: both\" \/><dl class='gallery-item'>\n\t\t\t<dt class='gallery-icon landscape'>\n\t\t\t\t<img loading=\"lazy\" decoding=\"async\" width=\"620\" height=\"620\" src=\"https:\/\/www.damianzimmermann.de\/blog\/wp-content\/uploads\/Fiorio_02.jpg\" class=\"attachment-large size-large\" alt=\"\" aria-describedby=\"gallery-1-2002\" srcset=\"https:\/\/www.damianzimmermann.de\/blog\/wp-content\/uploads\/Fiorio_02.jpg 900w, https:\/\/www.damianzimmermann.de\/blog\/wp-content\/uploads\/Fiorio_02-150x150.jpg 150w, https:\/\/www.damianzimmermann.de\/blog\/wp-content\/uploads\/Fiorio_02-400x400.jpg 400w\" sizes=\"auto, (max-width: 620px) 100vw, 620px\" \/>\n\t\t\t<\/dt>\n\t\t\t\t<dd class='wp-caption-text gallery-caption' id='gallery-1-2002'>\n\t\t\t\tKarwoche, San Pedro Cutud, Pampanga,  Philippinen 2000 \/ \u00a9 Giorgia Fiorio\n\t\t\t\t<\/dd><\/dl><br style=\"clear: both\" \/><dl class='gallery-item'>\n\t\t\t<dt class='gallery-icon portrait'>\n\t\t\t\t<img loading=\"lazy\" decoding=\"async\" width=\"620\" height=\"629\" src=\"https:\/\/www.damianzimmermann.de\/blog\/wp-content\/uploads\/Fiorio_01.jpg\" class=\"attachment-large size-large\" alt=\"\" aria-describedby=\"gallery-1-2001\" srcset=\"https:\/\/www.damianzimmermann.de\/blog\/wp-content\/uploads\/Fiorio_01.jpg 887w, https:\/\/www.damianzimmermann.de\/blog\/wp-content\/uploads\/Fiorio_01-147x150.jpg 147w, https:\/\/www.damianzimmermann.de\/blog\/wp-content\/uploads\/Fiorio_01-394x400.jpg 394w\" sizes=\"auto, (max-width: 620px) 100vw, 620px\" \/>\n\t\t\t<\/dt>\n\t\t\t\t<dd class='wp-caption-text gallery-caption' id='gallery-1-2001'>\n\t\t\t\tSamaritaner, Pessach-Fest, Berg Garizim, Israel, 2007 \/ \u00a9 Giorgia Fiorio\n\t\t\t\t<\/dd><\/dl><br style=\"clear: both\" \/>\n\t\t<\/div>\n\n","protected":false},"excerpt":{"rendered":"<p>Zum Pflichtprogramm w\u00e4hrend einer Berlin-Reise geh\u00f6rt f\u00fcr mich immer auch ein Besuch der C\/O Berlin im Kaiserlichen Postfuhramt an der Orangienburger Stra\u00dfe. Zurzeit kann man sich dort gleich&#8230;<\/p>\n","protected":false},"author":1,"featured_media":2002,"comment_status":"closed","ping_status":"open","sticky":false,"template":"","format":"standard","meta":{"footnotes":""},"categories":[6],"tags":[293,183,292,291],"class_list":["post-1993","post","type-post","status-publish","format-standard","has-post-thumbnail","hentry","category-ausstellungen","tag-andy-spyra","tag-arno-fischer","tag-giorgia-fiorio","tag-roger-melis"],"_links":{"self":[{"href":"https:\/\/www.damianzimmermann.de\/blog\/wp-json\/wp\/v2\/posts\/1993","targetHints":{"allow":["GET"]}}],"collection":[{"href":"https:\/\/www.damianzimmermann.de\/blog\/wp-json\/wp\/v2\/posts"}],"about":[{"href":"https:\/\/www.damianzimmermann.de\/blog\/wp-json\/wp\/v2\/types\/post"}],"author":[{"embeddable":true,"href":"https:\/\/www.damianzimmermann.de\/blog\/wp-json\/wp\/v2\/users\/1"}],"replies":[{"embeddable":true,"href":"https:\/\/www.damianzimmermann.de\/blog\/wp-json\/wp\/v2\/comments?post=1993"}],"version-history":[{"count":49,"href":"https:\/\/www.damianzimmermann.de\/blog\/wp-json\/wp\/v2\/posts\/1993\/revisions"}],"predecessor-version":[{"id":20667,"href":"https:\/\/www.damianzimmermann.de\/blog\/wp-json\/wp\/v2\/posts\/1993\/revisions\/20667"}],"wp:featuredmedia":[{"embeddable":true,"href":"https:\/\/www.damianzimmermann.de\/blog\/wp-json\/wp\/v2\/media\/2002"}],"wp:attachment":[{"href":"https:\/\/www.damianzimmermann.de\/blog\/wp-json\/wp\/v2\/media?parent=1993"}],"wp:term":[{"taxonomy":"category","embeddable":true,"href":"https:\/\/www.damianzimmermann.de\/blog\/wp-json\/wp\/v2\/categories?post=1993"},{"taxonomy":"post_tag","embeddable":true,"href":"https:\/\/www.damianzimmermann.de\/blog\/wp-json\/wp\/v2\/tags?post=1993"}],"curies":[{"name":"wp","href":"https:\/\/api.w.org\/{rel}","templated":true}]}}