{"id":1942,"date":"2010-04-13T15:35:35","date_gmt":"2010-04-13T13:35:35","guid":{"rendered":"http:\/\/www.damianzimmermann.de\/blog\/?p=1942"},"modified":"2019-03-27T18:53:15","modified_gmt":"2019-03-27T17:53:15","slug":"peter-bialobrzeski-alfred-ehrhardt-stiftung","status":"publish","type":"post","link":"https:\/\/www.damianzimmermann.de\/blog\/peter-bialobrzeski-alfred-ehrhardt-stiftung\/","title":{"rendered":"Peter Bialobrzeski \/ Alfred Ehrhardt Stiftung"},"content":{"rendered":"<p>Dass die <strong>Alfred Ehrhardt Stiftung<\/strong> zum Jahreswechsel vom Rhein an die Spree gezogen ist, hat man in K\u00f6ln zwar beklagt, nicht jedoch ohne hinter vorgehaltener Hand ein beleidigtes\u00a0 &#8222;Na, wenn ihr meint, dass ihr da mehr Erfolg haben wird&#8220; hinterherzuschicken. Nun habe ich die Stiftung in der Auguststra\u00dfe 75 in Berlin besucht und war von den sehr sch\u00f6nen, neuen R\u00e4umen und der aktuellen Ausstellung &#8222;Paradise Now&#8220; von<strong> Peter Bialobrzeski<\/strong> gleicherma\u00dfen begeistert. Offensichtlich hat sich der Umzug f\u00fcr die Stiftung gelohnt, denn in K\u00f6ln fristete sie tats\u00e4chlich eher ein Schattendasein, w\u00e4hrend sie im beliebten Galerienviertel Berlins ein zigfaches der Besucherzahlen verzeichnen kann.<\/p>\n<p>Das k\u00f6nnte nat\u00fcrlich aber auch einfach mit der tollen Ausstellung zusammenh\u00e4ngen. Bialobrzeskis Buch <strong>Paradise Now<\/strong> kannte ich bereits, doch die Bilder entfalten als Gro\u00dfabzug eine ganz andere, sehr intensive Wirkung. Inhaltlich und \u00e4sthetisch hat er es geschafft, die vom Menschen gepflanzte oder aber auch von der Stadt unber\u00fchrt gelassene, fast urwaldartige Natur in asiatischen Metropolen auf eine sehr individuelle Art und Weise zu dokumentieren &#8211; und dabei die Grenze der Dokumentarfotografie regelrecht auszuloten. Oberfl\u00e4chig sch\u00f6n wie romantische Gem\u00e4lde, werden seine Nachtaufnahmen aus Jakarta, Singapur, Bangkok und Kuala Lumpur gebrochen durch die k\u00fcnstliche Lichtf\u00fchrung der Neonleuchten, die Unsch\u00e4rfe der achtmin\u00fctigen Belichtungszeit und die modernen Wolkenkratzer und Baukr\u00e4ne, die buchst\u00e4blich ihre Spuren in den Bildern hinterlassen. W\u00e4hrend es Gang und G\u00e4be ist, k\u00fcmmerliche Reste von Natur in der urbanen Landschaft festzuhalten, dreht der 1961 geborene Bialobrzeski den Spie\u00df um: Durch das fast surreale Tropengr\u00fcn erkennt der Betrachter, dass sich die Natur und damit die Hoffnung nicht l\u00e4nger werden halten k\u00f6nnen. Wer mag, kann aber auch das Gegenteil darin erkennen &#8211; ich f\u00fchle mich jedenfalls angenehm an die (alten) Aufnahmen aus Angkor Wat erinnert, auf denen deutlich zu erkennen ist, dass sich die Natur ihren Lebensraum irgendwann wieder zur\u00fcckholen wird &#8211; selbst, wenn es ein wenig l\u00e4nger dauern sollte.<\/p>\n<p><strong>Tipp<\/strong>: Zur Finnisage am Sonntag, 18. April , findet um 14 Uhr ein K\u00fcnstlergespr\u00e4ch mit Peter Bialobrzeski und der Leiterin der Alfred Ehrhardt Stiftung, Dr. Christiane Stahl, statt.<\/p>\n\n\t\t<style type=\"text\/css\">\n\t\t\t#gallery-1 {\n\t\t\t\tmargin: auto;\n\t\t\t}\n\t\t\t#gallery-1 .gallery-item {\n\t\t\t\tfloat: left;\n\t\t\t\tmargin-top: 10px;\n\t\t\t\ttext-align: center;\n\t\t\t\twidth: 100%;\n\t\t\t}\n\t\t\t#gallery-1 img {\n\t\t\t\tborder: 2px solid #cfcfcf;\n\t\t\t}\n\t\t\t#gallery-1 .gallery-caption {\n\t\t\t\tmargin-left: 0;\n\t\t\t}\n\t\t\t\/* see gallery_shortcode() in wp-includes\/media.php *\/\n\t\t<\/style>\n\t\t<div id='gallery-1' class='gallery galleryid-1942 gallery-columns-1 gallery-size-large'><dl class='gallery-item'>\n\t\t\t<dt class='gallery-icon landscape'>\n\t\t\t\t<img loading=\"lazy\" decoding=\"async\" width=\"620\" height=\"493\" src=\"https:\/\/www.damianzimmermann.de\/blog\/wp-content\/uploads\/Bialobrzeski-Paradise_24.jpg\" class=\"attachment-large size-large\" alt=\"\" aria-describedby=\"gallery-1-1959\" srcset=\"https:\/\/www.damianzimmermann.de\/blog\/wp-content\/uploads\/Bialobrzeski-Paradise_24.jpg 900w, https:\/\/www.damianzimmermann.de\/blog\/wp-content\/uploads\/Bialobrzeski-Paradise_24-188x150.jpg 188w, https:\/\/www.damianzimmermann.de\/blog\/wp-content\/uploads\/Bialobrzeski-Paradise_24-400x317.jpg 400w\" sizes=\"auto, (max-width: 620px) 100vw, 620px\" \/>\n\t\t\t<\/dt>\n\t\t\t\t<dd class='wp-caption-text gallery-caption' id='gallery-1-1959'>\n\t\t\t\tPeter Bialobrzeski: &#8222;Paradise Now # 24&#8220;, 2005 \/ \u00a9 Peter Bialobrzeski, Courtesy LA Galerie Frankfurt \/ Robert Morat Galerie Hamburg\n\t\t\t\t<\/dd><\/dl><br style=\"clear: both\" \/><dl class='gallery-item'>\n\t\t\t<dt class='gallery-icon landscape'>\n\t\t\t\t<img loading=\"lazy\" decoding=\"async\" width=\"620\" height=\"493\" src=\"https:\/\/www.damianzimmermann.de\/blog\/wp-content\/uploads\/Bialobrzeski-Paradise_18.jpg\" class=\"attachment-large size-large\" alt=\"\" aria-describedby=\"gallery-1-1958\" srcset=\"https:\/\/www.damianzimmermann.de\/blog\/wp-content\/uploads\/Bialobrzeski-Paradise_18.jpg 900w, https:\/\/www.damianzimmermann.de\/blog\/wp-content\/uploads\/Bialobrzeski-Paradise_18-188x150.jpg 188w, https:\/\/www.damianzimmermann.de\/blog\/wp-content\/uploads\/Bialobrzeski-Paradise_18-400x317.jpg 400w\" sizes=\"auto, (max-width: 620px) 100vw, 620px\" \/>\n\t\t\t<\/dt>\n\t\t\t\t<dd class='wp-caption-text gallery-caption' id='gallery-1-1958'>\n\t\t\t\tPeter Bialobrzeski: &#8222;Paradise Now # 18&#8220;, 2007\/2008 \/ \u00a9 Peter Bialobrzeski, Courtesy LA Galerie Frankfurt \/ Robert Morat Galerie Hamburg\n\t\t\t\t<\/dd><\/dl><br style=\"clear: both\" \/><dl class='gallery-item'>\n\t\t\t<dt class='gallery-icon landscape'>\n\t\t\t\t<img loading=\"lazy\" decoding=\"async\" width=\"620\" height=\"491\" src=\"https:\/\/www.damianzimmermann.de\/blog\/wp-content\/uploads\/Bialobrzeski-Paradise_63.jpg\" class=\"attachment-large size-large\" alt=\"\" aria-describedby=\"gallery-1-1960\" srcset=\"https:\/\/www.damianzimmermann.de\/blog\/wp-content\/uploads\/Bialobrzeski-Paradise_63.jpg 900w, https:\/\/www.damianzimmermann.de\/blog\/wp-content\/uploads\/Bialobrzeski-Paradise_63-189x150.jpg 189w, https:\/\/www.damianzimmermann.de\/blog\/wp-content\/uploads\/Bialobrzeski-Paradise_63-400x316.jpg 400w\" sizes=\"auto, (max-width: 620px) 100vw, 620px\" \/>\n\t\t\t<\/dt>\n\t\t\t\t<dd class='wp-caption-text gallery-caption' id='gallery-1-1960'>\n\t\t\t\tPeter Bialobrzeski: &#8222;Paradise Now # 63&#8220;,  2008 \/ \u00a9 Peter Bialobrzeski, Courtesy LA Galerie Frankfurt \/ Robert Morat Galerie Hamburg\n\t\t\t\t<\/dd><\/dl><br style=\"clear: both\" \/><dl class='gallery-item'>\n\t\t\t<dt class='gallery-icon landscape'>\n\t\t\t\t<img loading=\"lazy\" decoding=\"async\" width=\"620\" height=\"412\" src=\"https:\/\/www.damianzimmermann.de\/blog\/wp-content\/uploads\/Alfred-Ehrhardt-Stiftung-Ausstellungsansicht.jpg\" class=\"attachment-large size-large\" alt=\"\" aria-describedby=\"gallery-1-1957\" srcset=\"https:\/\/www.damianzimmermann.de\/blog\/wp-content\/uploads\/Alfred-Ehrhardt-Stiftung-Ausstellungsansicht.jpg 900w, https:\/\/www.damianzimmermann.de\/blog\/wp-content\/uploads\/Alfred-Ehrhardt-Stiftung-Ausstellungsansicht-200x132.jpg 200w, https:\/\/www.damianzimmermann.de\/blog\/wp-content\/uploads\/Alfred-Ehrhardt-Stiftung-Ausstellungsansicht-400x265.jpg 400w\" sizes=\"auto, (max-width: 620px) 100vw, 620px\" \/>\n\t\t\t<\/dt>\n\t\t\t\t<dd class='wp-caption-text gallery-caption' id='gallery-1-1957'>\n\t\t\t\tAlfred Ehrhardt Stiftung Ausstellungsansicht &#8222;Paradise Now&#8220; von Peter Bialobrzeski \/ \u00a9 Foto: Philipp von Recklinghausen\n\t\t\t\t<\/dd><\/dl><br style=\"clear: both\" \/>\n\t\t<\/div>\n\n","protected":false},"excerpt":{"rendered":"<p>Dass die Alfred Ehrhardt Stiftung zum Jahreswechsel vom Rhein an die Spree gezogen ist, hat man in K\u00f6ln zwar beklagt, nicht jedoch ohne hinter vorgehaltener Hand ein beleidigtes\u00a0&#8230;<\/p>\n","protected":false},"author":1,"featured_media":1958,"comment_status":"closed","ping_status":"open","sticky":false,"template":"","format":"standard","meta":{"footnotes":""},"categories":[1,6],"tags":[286,133,287],"class_list":["post-1942","post","type-post","status-publish","format-standard","has-post-thumbnail","hentry","category-allgemein","category-ausstellungen","tag-alfred-ehrhardt-stiftung","tag-dokumentarfotografie","tag-peter-bialobrzeski"],"_links":{"self":[{"href":"https:\/\/www.damianzimmermann.de\/blog\/wp-json\/wp\/v2\/posts\/1942","targetHints":{"allow":["GET"]}}],"collection":[{"href":"https:\/\/www.damianzimmermann.de\/blog\/wp-json\/wp\/v2\/posts"}],"about":[{"href":"https:\/\/www.damianzimmermann.de\/blog\/wp-json\/wp\/v2\/types\/post"}],"author":[{"embeddable":true,"href":"https:\/\/www.damianzimmermann.de\/blog\/wp-json\/wp\/v2\/users\/1"}],"replies":[{"embeddable":true,"href":"https:\/\/www.damianzimmermann.de\/blog\/wp-json\/wp\/v2\/comments?post=1942"}],"version-history":[{"count":28,"href":"https:\/\/www.damianzimmermann.de\/blog\/wp-json\/wp\/v2\/posts\/1942\/revisions"}],"predecessor-version":[{"id":20668,"href":"https:\/\/www.damianzimmermann.de\/blog\/wp-json\/wp\/v2\/posts\/1942\/revisions\/20668"}],"wp:featuredmedia":[{"embeddable":true,"href":"https:\/\/www.damianzimmermann.de\/blog\/wp-json\/wp\/v2\/media\/1958"}],"wp:attachment":[{"href":"https:\/\/www.damianzimmermann.de\/blog\/wp-json\/wp\/v2\/media?parent=1942"}],"wp:term":[{"taxonomy":"category","embeddable":true,"href":"https:\/\/www.damianzimmermann.de\/blog\/wp-json\/wp\/v2\/categories?post=1942"},{"taxonomy":"post_tag","embeddable":true,"href":"https:\/\/www.damianzimmermann.de\/blog\/wp-json\/wp\/v2\/tags?post=1942"}],"curies":[{"name":"wp","href":"https:\/\/api.w.org\/{rel}","templated":true}]}}