{"id":19001,"date":"2018-09-20T14:11:46","date_gmt":"2018-09-20T12:11:46","guid":{"rendered":"http:\/\/www.damianzimmermann.de\/blog\/?p=19001"},"modified":"2020-10-27T18:37:04","modified_gmt":"2020-10-27T17:37:04","slug":"photoszene-festival-2018","status":"publish","type":"post","link":"https:\/\/www.damianzimmermann.de\/blog\/photoszene-festival-2018\/","title":{"rendered":"Photoszene-Festival 2018"},"content":{"rendered":"<p>Auf meinem Blog vergesse ich immer wieder auf die Arbeit bei der <strong>Internationalen Photoszene K\u00f6ln<\/strong> hinzuweisen. Das neue Team, zu dem ich seit 2013 geh\u00f6re, veranstaltet auch in diesem Jahr wieder eines der gr\u00f6\u00dften Fotofestivals Deutschlands mit 89 Ausstellungen im gesamten Stadtgebiet sowie zahlreichen Talks, F\u00fchrungen, Workshops und vielem mehr. Die Er\u00f6ffnung ist am Freitag, 21. September, um 19 Uhr (also schon morgen!) im <strong>MAKK<\/strong>, dem Museum f\u00fcr Angewandte Kunst K\u00f6ln. Im Anschluss findet das <strong>Fotobuch-Quartett<\/strong> mit <strong>Erik Kessels<\/strong> als Gast statt &#8211; ihr seid alle herzlich eingeladen.<\/p>\n<p>Das gesamte Festival dauert bis zum 30. September und ihr findet das vollst\u00e4ndige Programm auf unserer Website. Zus\u00e4tzlich gibt es wieder einen gedruckten Festival-Guide, einen \u00fcbersichtlichen Stadtplan sowie unser Magazin L. Fritz, das sich mit der Zukunft der Fotografie besch\u00e4ftigt und f\u00fcr das wir die wunderbaren Autoren <strong>Florian Ebner<\/strong>, <strong>Klaus Honnef<\/strong>, <strong>Hester Keijser<\/strong>, <strong>Wolfgang Lorentz<\/strong>, <strong>Hendrik Neubauer<\/strong>, <strong>Rosa Roth<\/strong>, <strong>Esther Ruelfs<\/strong>, <strong>Christian Sch\u00f6n<\/strong>, <strong>Urs Stahel<\/strong> und <strong>Markus Weckesser<\/strong> gewinnen konnten. Ihr findet alle Druckmedien in den ausstellenden Museen, Galerien und Kunstr\u00e4umen.<\/p>\n<p>Ich hoffe, euch bei der ein oder anderen Veranstaltung zu treffen. Viel Spa\u00df. Und schreibt mir gerne euer <a href=\"mailto:damian.zimmermann@photoszene.de\" target=\"_blank\" rel=\"noopener noreferrer\">Feedback<\/a> an.<\/p>\n<p>Anbei noch ein sehr guter\u00a0<a href=\"https:\/\/www.damianzimmermann.de\/blog\/wp-content\/uploads\/Koelnische_Rundschau_Koeln_Nord_Der_Versuch_in_der_Luft_Wurzeln_zu_schlagen_4.pdf\" target=\"_blank\" rel=\"noopener noreferrer\">Artikel<\/a> von <strong>Thomas Linden<\/strong> (K\u00f6lnische Rundschau) \u00fcber die Arbeit, Geschichte und Ziele der Photoszene.<\/p>\n<p>Link: <a href=\"http:\/\/www.photoszene.de\" target=\"_blank\" rel=\"noopener noreferrer\">Photoszene<\/a><\/p>\n<p><img loading=\"lazy\" decoding=\"async\" class=\"aligncenter wp-image-19006\" src=\"https:\/\/www.damianzimmermann.de\/blog\/wp-content\/uploads\/fb-event-1024x567.jpg\" alt=\"\" width=\"750\" height=\"416\" srcset=\"https:\/\/www.damianzimmermann.de\/blog\/wp-content\/uploads\/fb-event-1024x567.jpg 1024w, https:\/\/www.damianzimmermann.de\/blog\/wp-content\/uploads\/fb-event-199x110.jpg 199w, https:\/\/www.damianzimmermann.de\/blog\/wp-content\/uploads\/fb-event-399x221.jpg 399w, https:\/\/www.damianzimmermann.de\/blog\/wp-content\/uploads\/fb-event.jpg 1336w\" sizes=\"auto, (max-width: 750px) 100vw, 750px\" \/><\/p>\n","protected":false},"excerpt":{"rendered":"<p>Auf meinem Blog vergesse ich immer wieder auf die Arbeit bei der Internationalen Photoszene K\u00f6ln hinzuweisen. Das neue Team, zu dem ich seit 2013 geh\u00f6re, veranstaltet auch in&#8230;<\/p>\n","protected":false},"author":1,"featured_media":19006,"comment_status":"closed","ping_status":"closed","sticky":false,"template":"","format":"standard","meta":{"footnotes":""},"categories":[1,1006,1209],"tags":[1512,1904,1221,1300,1507,1510,1508,191,184,1513,1511,1514,1177,1509],"class_list":["post-19001","post","type-post","status-publish","format-standard","has-post-thumbnail","hentry","category-allgemein","category-festivalsmessen","category-photoszene","tag-christian-schon","tag-das-fotobuch-quartett","tag-erik-kessels","tag-esther-ruelfs","tag-florian-ebner","tag-hendrik-neubauer","tag-hester-keijser","tag-internationale-photoszene-koln","tag-klaus-honnef","tag-markus-weckesser","tag-rosa-roth","tag-thomas-linden","tag-urs-stahel","tag-wolfgang-lorentz"],"_links":{"self":[{"href":"https:\/\/www.damianzimmermann.de\/blog\/wp-json\/wp\/v2\/posts\/19001","targetHints":{"allow":["GET"]}}],"collection":[{"href":"https:\/\/www.damianzimmermann.de\/blog\/wp-json\/wp\/v2\/posts"}],"about":[{"href":"https:\/\/www.damianzimmermann.de\/blog\/wp-json\/wp\/v2\/types\/post"}],"author":[{"embeddable":true,"href":"https:\/\/www.damianzimmermann.de\/blog\/wp-json\/wp\/v2\/users\/1"}],"replies":[{"embeddable":true,"href":"https:\/\/www.damianzimmermann.de\/blog\/wp-json\/wp\/v2\/comments?post=19001"}],"version-history":[{"count":16,"href":"https:\/\/www.damianzimmermann.de\/blog\/wp-json\/wp\/v2\/posts\/19001\/revisions"}],"predecessor-version":[{"id":20123,"href":"https:\/\/www.damianzimmermann.de\/blog\/wp-json\/wp\/v2\/posts\/19001\/revisions\/20123"}],"wp:featuredmedia":[{"embeddable":true,"href":"https:\/\/www.damianzimmermann.de\/blog\/wp-json\/wp\/v2\/media\/19006"}],"wp:attachment":[{"href":"https:\/\/www.damianzimmermann.de\/blog\/wp-json\/wp\/v2\/media?parent=19001"}],"wp:term":[{"taxonomy":"category","embeddable":true,"href":"https:\/\/www.damianzimmermann.de\/blog\/wp-json\/wp\/v2\/categories?post=19001"},{"taxonomy":"post_tag","embeddable":true,"href":"https:\/\/www.damianzimmermann.de\/blog\/wp-json\/wp\/v2\/tags?post=19001"}],"curies":[{"name":"wp","href":"https:\/\/api.w.org\/{rel}","templated":true}]}}