{"id":18694,"date":"2018-01-17T23:28:25","date_gmt":"2018-01-17T22:28:25","guid":{"rendered":"http:\/\/www.damianzimmermann.de\/blog\/?p=18694"},"modified":"2023-12-04T10:18:59","modified_gmt":"2023-12-04T09:18:59","slug":"zum-tod-von-peter-h-furst","status":"publish","type":"post","link":"https:\/\/www.damianzimmermann.de\/blog\/zum-tod-von-peter-h-furst\/","title":{"rendered":"Zum Tod von Peter H. F\u00fcrst"},"content":{"rendered":"<p>Ich habe mich immer sehr gefreut, wenn ich <strong>Peter H. F\u00fcrst<\/strong> bei Ausstellungen und anderen Veranstaltungen in K\u00f6ln getroffen habe. Wir hatten zwar nie sehr viel miteinander zu tun, aber irgendwie hatte ich das Gef\u00fchl, dass wir uns beide mochten und wertsch\u00e4tzten. Das erste Mal mit seinem fotografischen Werk in Ber\u00fchrung gekommen bin ich \u00fcbrigens durch eine Ausstellung w\u00e4hrend des Photoszene-Festivals 2008 (?), als er seine Amerika-Fotos aus den 1960er Jahren ausstellte. Ich war v\u00f6llig begeistert, wusste zu diesem Zeitpunkt aber noch nichts von seiner Karriere als Mode- und Unterw\u00e4schenfotograf und von seinem Spitznamen &#8222;Mieder-F\u00fcrst&#8220;.<\/p>\n<p>Die Nachricht von seinem Tod am 12. Januar \u00fcberraschte mich und machte mich sehr traurig, denn trotz seiner 84 Jahren erschien mir Peter immer sehr gesund und fit. Mein kurzer\u00a0<a href=\"https:\/\/www.damianzimmermann.de\/blog\/wp-content\/uploads\/293-Nachruf-Peter-H-F\u00fcrst.pdf\" target=\"_blank\" rel=\"noopener noreferrer\">Nachruf<\/a> ist im K\u00f6lner Stadt-Anzeiger erschienen &#8211; leider fehlte mir die Zeit, f\u00fcr einen l\u00e4ngeren und angemesseneren Artikel.<\/p>\n<p>Link: <a href=\"http:\/\/www.photoarchiv-fuerst.de\/\" target=\"_blank\" rel=\"noopener noreferrer\">Peter H. F\u00fcrst<\/a><\/p>\n<div id=\"attachment_20104\" style=\"width: 810px\" class=\"wp-caption aligncenter\"><img loading=\"lazy\" decoding=\"async\" aria-describedby=\"caption-attachment-20104\" class=\"wp-image-20104\" src=\"https:\/\/www.damianzimmermann.de\/blog\/wp-content\/uploads\/Rheinisches_Bildarchiv_-_Schenkung_Peter_H._F\u00fcrst-7437.jpg\" alt=\"\" width=\"800\" height=\"571\" srcset=\"https:\/\/www.damianzimmermann.de\/blog\/wp-content\/uploads\/Rheinisches_Bildarchiv_-_Schenkung_Peter_H._F\u00fcrst-7437.jpg 900w, https:\/\/www.damianzimmermann.de\/blog\/wp-content\/uploads\/Rheinisches_Bildarchiv_-_Schenkung_Peter_H._F\u00fcrst-7437-200x143.jpg 200w, https:\/\/www.damianzimmermann.de\/blog\/wp-content\/uploads\/Rheinisches_Bildarchiv_-_Schenkung_Peter_H._F\u00fcrst-7437-400x285.jpg 400w, https:\/\/www.damianzimmermann.de\/blog\/wp-content\/uploads\/Rheinisches_Bildarchiv_-_Schenkung_Peter_H._F\u00fcrst-7437-768x548.jpg 768w, https:\/\/www.damianzimmermann.de\/blog\/wp-content\/uploads\/Rheinisches_Bildarchiv_-_Schenkung_Peter_H._F\u00fcrst-7437-210x150.jpg 210w\" sizes=\"auto, (max-width: 800px) 100vw, 800px\" \/><p id=\"caption-attachment-20104\" class=\"wp-caption-text\">Peter H. F\u00fcrst (1933-2018) Foto: \u00a9 Raimond Spekking \/ CC<\/p><\/div>\n","protected":false},"excerpt":{"rendered":"<p>Ich habe mich immer sehr gefreut, wenn ich Peter H. F\u00fcrst bei Ausstellungen und anderen Veranstaltungen in K\u00f6ln getroffen habe. Wir hatten zwar nie sehr viel miteinander zu&#8230;<\/p>\n","protected":false},"author":1,"featured_media":20104,"comment_status":"closed","ping_status":"closed","sticky":false,"template":"","format":"standard","meta":{"footnotes":""},"categories":[1,48],"tags":[910],"class_list":["post-18694","post","type-post","status-publish","format-standard","has-post-thumbnail","hentry","category-allgemein","category-portrat","tag-peter-h-furst"],"_links":{"self":[{"href":"https:\/\/www.damianzimmermann.de\/blog\/wp-json\/wp\/v2\/posts\/18694","targetHints":{"allow":["GET"]}}],"collection":[{"href":"https:\/\/www.damianzimmermann.de\/blog\/wp-json\/wp\/v2\/posts"}],"about":[{"href":"https:\/\/www.damianzimmermann.de\/blog\/wp-json\/wp\/v2\/types\/post"}],"author":[{"embeddable":true,"href":"https:\/\/www.damianzimmermann.de\/blog\/wp-json\/wp\/v2\/users\/1"}],"replies":[{"embeddable":true,"href":"https:\/\/www.damianzimmermann.de\/blog\/wp-json\/wp\/v2\/comments?post=18694"}],"version-history":[{"count":18,"href":"https:\/\/www.damianzimmermann.de\/blog\/wp-json\/wp\/v2\/posts\/18694\/revisions"}],"predecessor-version":[{"id":24826,"href":"https:\/\/www.damianzimmermann.de\/blog\/wp-json\/wp\/v2\/posts\/18694\/revisions\/24826"}],"wp:featuredmedia":[{"embeddable":true,"href":"https:\/\/www.damianzimmermann.de\/blog\/wp-json\/wp\/v2\/media\/20104"}],"wp:attachment":[{"href":"https:\/\/www.damianzimmermann.de\/blog\/wp-json\/wp\/v2\/media?parent=18694"}],"wp:term":[{"taxonomy":"category","embeddable":true,"href":"https:\/\/www.damianzimmermann.de\/blog\/wp-json\/wp\/v2\/categories?post=18694"},{"taxonomy":"post_tag","embeddable":true,"href":"https:\/\/www.damianzimmermann.de\/blog\/wp-json\/wp\/v2\/tags?post=18694"}],"curies":[{"name":"wp","href":"https:\/\/api.w.org\/{rel}","templated":true}]}}