{"id":18656,"date":"2018-01-15T12:42:46","date_gmt":"2018-01-15T11:42:46","guid":{"rendered":"http:\/\/www.damianzimmermann.de\/blog\/?p=18656"},"modified":"2019-03-22T10:10:36","modified_gmt":"2019-03-22T09:10:36","slug":"die-erste-foto-ausstellung","status":"publish","type":"post","link":"https:\/\/www.damianzimmermann.de\/blog\/die-erste-foto-ausstellung\/","title":{"rendered":"Die erste Foto-Ausstellung"},"content":{"rendered":"<p>F\u00fcr das FotoMagazin durfte ich eine sch\u00f6ne Geschichte recherchieren und schreiben \u00fcber die H\u00fcrden und T\u00fccken, abe auch \u00fcber die M\u00f6glichkeiten, die man mit einer (ersten) Ausstellung hat &#8211; egal ob Kulturzentrum, Off-Raum, Galerie oder Museum. Ich habe mit den Fotografen <strong>Rudi Meisel<\/strong>, <strong>Frederik Busch<\/strong>, <strong>Anna Ehenstein<\/strong>, <strong>Hendrik Bloem<\/strong> und <strong>Marvin Ruppert<\/strong> gesprochen, habe die Galeristen <strong>Robert Morat<\/strong>, <strong>Julian Sander<\/strong> und <strong>Alexander Golya<\/strong> von <strong>Camera Work<\/strong> interviewt und auch mit Hochschul-Professor <strong>Dirk Gebhardt<\/strong> von der <strong>FH Dortmund <\/strong>geredet &#8211; und dabei selbst viele spannende Einblicke in die Arbeits- und Denkweise der unterschiedlichen Protagonisten und ihren individuellen Interessen auf dem Kunst- und Fotografiesektor erhalten.<\/p>\n<p>Meinen Artikel gibt es\u00a0<a href=\"https:\/\/www.damianzimmermann.de\/blog\/wp-content\/uploads\/Die-erste-Ausstellung.pdf\" target=\"_blank\" rel=\"noopener noreferrer\">hier<\/a> als PDF.<\/p>\n<p>Link: <a href=\"https:\/\/www.fotomagazin.de\/\" target=\"_blank\" rel=\"noopener noreferrer\">FotoMagazin<\/a>, <a href=\"http:\/\/camerawork.de\/\" target=\"_blank\" rel=\"noopener noreferrer\">Camera Work<\/a>, <a href=\"http:\/\/www.robertmorat.de\/\" target=\"_blank\" rel=\"noopener noreferrer\">Robert Morat Galerie<\/a>, <a href=\"https:\/\/galeriejuliansander.de\/\" target=\"_blank\" rel=\"noopener noreferrer\">Galerie Julian Sander<\/a>, <a href=\"http:\/\/www.dirkgebhardt.com\/\" target=\"_blank\" rel=\"noopener noreferrer\">Dirk Gebhardt<\/a>, <a href=\"https:\/\/www.co-berlin.org\/rudi-meisel-landsleute-1977-1987\" target=\"_blank\" rel=\"noopener noreferrer\">Rudi Meisel<\/a>, <a href=\"http:\/\/www.lichtblicknet.com\/ausstellungen\/index.php?id=189\" target=\"_blank\" rel=\"noopener noreferrer\">Anna Ehrenstein<\/a>, <a href=\"http:\/\/www.frederikbusch.de\/WORKS.html\" target=\"_blank\" rel=\"noopener noreferrer\">Frederik Busch<\/a><\/p>\n\n\t\t<style type=\"text\/css\">\n\t\t\t#gallery-1 {\n\t\t\t\tmargin: auto;\n\t\t\t}\n\t\t\t#gallery-1 .gallery-item {\n\t\t\t\tfloat: left;\n\t\t\t\tmargin-top: 10px;\n\t\t\t\ttext-align: center;\n\t\t\t\twidth: 100%;\n\t\t\t}\n\t\t\t#gallery-1 img {\n\t\t\t\tborder: 2px solid #cfcfcf;\n\t\t\t}\n\t\t\t#gallery-1 .gallery-caption {\n\t\t\t\tmargin-left: 0;\n\t\t\t}\n\t\t\t\/* see gallery_shortcode() in wp-includes\/media.php *\/\n\t\t<\/style>\n\t\t<div id='gallery-1' class='gallery galleryid-18656 gallery-columns-1 gallery-size-large'><dl class='gallery-item'>\n\t\t\t<dt class='gallery-icon landscape'>\n\t\t\t\t<img loading=\"lazy\" decoding=\"async\" width=\"620\" height=\"465\" src=\"https:\/\/www.damianzimmermann.de\/blog\/wp-content\/uploads\/Hendrik-Bloem_Maschine-und-Mensch_Hooksiel.jpg\" class=\"attachment-large size-large\" alt=\"\" aria-describedby=\"gallery-1-18661\" srcset=\"https:\/\/www.damianzimmermann.de\/blog\/wp-content\/uploads\/Hendrik-Bloem_Maschine-und-Mensch_Hooksiel.jpg 900w, https:\/\/www.damianzimmermann.de\/blog\/wp-content\/uploads\/Hendrik-Bloem_Maschine-und-Mensch_Hooksiel-200x150.jpg 200w, https:\/\/www.damianzimmermann.de\/blog\/wp-content\/uploads\/Hendrik-Bloem_Maschine-und-Mensch_Hooksiel-400x300.jpg 400w\" sizes=\"auto, (max-width: 620px) 100vw, 620px\" \/>\n\t\t\t<\/dt>\n\t\t\t\t<dd class='wp-caption-text gallery-caption' id='gallery-1-18661'>\n\t\t\t\tHendrik Bloem, Installationsansicht &#8222;Maschine und Mensch&#8220;, Hooksiel\n\t\t\t\t<\/dd><\/dl><br style=\"clear: both\" \/><dl class='gallery-item'>\n\t\t\t<dt class='gallery-icon landscape'>\n\t\t\t\t<img loading=\"lazy\" decoding=\"async\" width=\"620\" height=\"413\" src=\"https:\/\/www.damianzimmermann.de\/blog\/wp-content\/uploads\/Anna_Ehrenstein_Installation_01.jpg\" class=\"attachment-large size-large\" alt=\"\" aria-describedby=\"gallery-1-18660\" srcset=\"https:\/\/www.damianzimmermann.de\/blog\/wp-content\/uploads\/Anna_Ehrenstein_Installation_01.jpg 900w, https:\/\/www.damianzimmermann.de\/blog\/wp-content\/uploads\/Anna_Ehrenstein_Installation_01-200x133.jpg 200w, https:\/\/www.damianzimmermann.de\/blog\/wp-content\/uploads\/Anna_Ehrenstein_Installation_01-400x266.jpg 400w\" sizes=\"auto, (max-width: 620px) 100vw, 620px\" \/>\n\t\t\t<\/dt>\n\t\t\t\t<dd class='wp-caption-text gallery-caption' id='gallery-1-18660'>\n\t\t\t\tAnna Ehrenstein, Installationsansicht &#8222;Tales of Lipstick and Virtue&#8220;, Galerie Lichtblick\n\t\t\t\t<\/dd><\/dl><br style=\"clear: both\" \/>\n\t\t<\/div>\n\n","protected":false},"excerpt":{"rendered":"<p>F\u00fcr das FotoMagazin durfte ich eine sch\u00f6ne Geschichte recherchieren und schreiben \u00fcber die H\u00fcrden und T\u00fccken, abe auch \u00fcber die M\u00f6glichkeiten, die man mit einer (ersten) Ausstellung hat&#8230;<\/p>\n","protected":false},"author":1,"featured_media":18660,"comment_status":"closed","ping_status":"open","sticky":false,"template":"","format":"standard","meta":{"footnotes":""},"categories":[1,6],"tags":[1476,1480,1158,1482,1478,1481,1479,1477,589],"class_list":["post-18656","post","type-post","status-publish","format-standard","has-post-thumbnail","hentry","category-allgemein","category-ausstellungen","tag-alexander-golya","tag-anna-ehrenstein","tag-dirk-gebhardt","tag-frederik-busch","tag-hendrik-bloem","tag-julian-sander","tag-marvin-ruppert","tag-robert-morat","tag-rudi-meisel"],"_links":{"self":[{"href":"https:\/\/www.damianzimmermann.de\/blog\/wp-json\/wp\/v2\/posts\/18656","targetHints":{"allow":["GET"]}}],"collection":[{"href":"https:\/\/www.damianzimmermann.de\/blog\/wp-json\/wp\/v2\/posts"}],"about":[{"href":"https:\/\/www.damianzimmermann.de\/blog\/wp-json\/wp\/v2\/types\/post"}],"author":[{"embeddable":true,"href":"https:\/\/www.damianzimmermann.de\/blog\/wp-json\/wp\/v2\/users\/1"}],"replies":[{"embeddable":true,"href":"https:\/\/www.damianzimmermann.de\/blog\/wp-json\/wp\/v2\/comments?post=18656"}],"version-history":[{"count":15,"href":"https:\/\/www.damianzimmermann.de\/blog\/wp-json\/wp\/v2\/posts\/18656\/revisions"}],"predecessor-version":[{"id":20107,"href":"https:\/\/www.damianzimmermann.de\/blog\/wp-json\/wp\/v2\/posts\/18656\/revisions\/20107"}],"wp:featuredmedia":[{"embeddable":true,"href":"https:\/\/www.damianzimmermann.de\/blog\/wp-json\/wp\/v2\/media\/18660"}],"wp:attachment":[{"href":"https:\/\/www.damianzimmermann.de\/blog\/wp-json\/wp\/v2\/media?parent=18656"}],"wp:term":[{"taxonomy":"category","embeddable":true,"href":"https:\/\/www.damianzimmermann.de\/blog\/wp-json\/wp\/v2\/categories?post=18656"},{"taxonomy":"post_tag","embeddable":true,"href":"https:\/\/www.damianzimmermann.de\/blog\/wp-json\/wp\/v2\/tags?post=18656"}],"curies":[{"name":"wp","href":"https:\/\/api.w.org\/{rel}","templated":true}]}}