{"id":18411,"date":"2017-03-01T11:01:48","date_gmt":"2017-03-01T09:01:48","guid":{"rendered":"http:\/\/www.damianzimmermann.de\/blog\/?p=18411"},"modified":"2019-03-22T10:30:22","modified_gmt":"2019-03-22T09:30:22","slug":"peter-h-furst","status":"publish","type":"post","link":"https:\/\/www.damianzimmermann.de\/blog\/peter-h-furst\/","title":{"rendered":"Peter H. F\u00fcrst: &#8222;Die Philosophie der zweiten Haut&#8220;"},"content":{"rendered":"<p style=\"margin-bottom: 0cm; font-weight: normal;\">40 Jahre lang, von 1960 bis 2000, hat der K\u00f6lner Fotograf <strong>Peter H. F\u00fcrst<\/strong> Dessousmode fotografiert &#8211; im Studio genauso wie au\u00dferhalb dieses gesch\u00fctzten Raums. Er geh\u00f6rte zu den ersten, die Miederw\u00e4sche an \u201eechten\u201c Models zeigte \u2013 das Zeigen von nackter Haut galt damals noch als unanst\u00e4ndig.<\/p>\n<p>Im <strong>Verlag der Buchhandlung Walther K\u00f6nig<\/strong> ist k\u00fcrzlich sein Buch &#8222;Die Philosophie der zweiten Haut&#8220; erschienen, in dem er sein berufliches Leben Revue passieren l\u00e4sst. Meine Besprechung des Buches ist in der Photonews erschienen und gibt es\u00a0<a href=\"https:\/\/www.damianzimmermann.de\/blog\/wp-content\/uploads\/Photonews_03-17_Seite-23.pdf\">hier<\/a> als PDF.<\/p>\n<p>Link: <a href=\"https:\/\/www.buchhandlung-walther-koenig.de\/koenig2\/index.php?mode=details&amp;showcase=1&amp;art=1545436\" target=\"_blank\" rel=\"noopener noreferrer\">Verlag der Buchhandlung Walther K\u00f6nig<\/a><\/p>\n\n\t\t<style type=\"text\/css\">\n\t\t\t#gallery-1 {\n\t\t\t\tmargin: auto;\n\t\t\t}\n\t\t\t#gallery-1 .gallery-item {\n\t\t\t\tfloat: left;\n\t\t\t\tmargin-top: 10px;\n\t\t\t\ttext-align: center;\n\t\t\t\twidth: 100%;\n\t\t\t}\n\t\t\t#gallery-1 img {\n\t\t\t\tborder: 2px solid #cfcfcf;\n\t\t\t}\n\t\t\t#gallery-1 .gallery-caption {\n\t\t\t\tmargin-left: 0;\n\t\t\t}\n\t\t\t\/* see gallery_shortcode() in wp-includes\/media.php *\/\n\t\t<\/style>\n\t\t<div id='gallery-1' class='gallery galleryid-18411 gallery-columns-1 gallery-size-large'><dl class='gallery-item'>\n\t\t\t<dt class='gallery-icon portrait'>\n\t\t\t\t<img loading=\"lazy\" decoding=\"async\" width=\"620\" height=\"760\" src=\"https:\/\/www.damianzimmermann.de\/blog\/wp-content\/uploads\/F\u00fcrst_cover.jpg\" class=\"attachment-large size-large\" alt=\"\" aria-describedby=\"gallery-1-18422\" srcset=\"https:\/\/www.damianzimmermann.de\/blog\/wp-content\/uploads\/F\u00fcrst_cover.jpg 734w, https:\/\/www.damianzimmermann.de\/blog\/wp-content\/uploads\/F\u00fcrst_cover-122x150.jpg 122w, https:\/\/www.damianzimmermann.de\/blog\/wp-content\/uploads\/F\u00fcrst_cover-326x400.jpg 326w\" sizes=\"auto, (max-width: 620px) 100vw, 620px\" \/>\n\t\t\t<\/dt>\n\t\t\t\t<dd class='wp-caption-text gallery-caption' id='gallery-1-18422'>\n\t\t\t\tPeter H. F\u00fcrst: &#8222;Die Philosophie der zweiten Haut&#8220; &#8211; Cover\n\t\t\t\t<\/dd><\/dl><br style=\"clear: both\" \/><dl class='gallery-item'>\n\t\t\t<dt class='gallery-icon portrait'>\n\t\t\t\t<img loading=\"lazy\" decoding=\"async\" width=\"620\" height=\"784\" src=\"https:\/\/www.damianzimmermann.de\/blog\/wp-content\/uploads\/38_-Danielle-im-schwarzen-Dessous-1983.jpg\" class=\"attachment-large size-large\" alt=\"\" aria-describedby=\"gallery-1-18421\" srcset=\"https:\/\/www.damianzimmermann.de\/blog\/wp-content\/uploads\/38_-Danielle-im-schwarzen-Dessous-1983.jpg 712w, https:\/\/www.damianzimmermann.de\/blog\/wp-content\/uploads\/38_-Danielle-im-schwarzen-Dessous-1983-118x150.jpg 118w, https:\/\/www.damianzimmermann.de\/blog\/wp-content\/uploads\/38_-Danielle-im-schwarzen-Dessous-1983-316x400.jpg 316w\" sizes=\"auto, (max-width: 620px) 100vw, 620px\" \/>\n\t\t\t<\/dt>\n\t\t\t\t<dd class='wp-caption-text gallery-caption' id='gallery-1-18421'>\n\t\t\t\tPeter H. F\u00fcrst: &#8222;Danielle im schwarzen Dessous&#8220;, 1983\n\t\t\t\t<\/dd><\/dl><br style=\"clear: both\" \/>\n\t\t<\/div>\n\n","protected":false},"excerpt":{"rendered":"<p>40 Jahre lang, von 1960 bis 2000, hat der K\u00f6lner Fotograf Peter H. F\u00fcrst Dessousmode fotografiert &#8211; im Studio genauso wie au\u00dferhalb dieses gesch\u00fctzten Raums. Er geh\u00f6rte zu&#8230;<\/p>\n","protected":false},"author":1,"featured_media":18422,"comment_status":"closed","ping_status":"open","sticky":false,"template":"","format":"standard","meta":{"footnotes":""},"categories":[1,7],"tags":[910],"class_list":["post-18411","post","type-post","status-publish","format-standard","has-post-thumbnail","hentry","category-allgemein","category-fotobuecher","tag-peter-h-furst"],"_links":{"self":[{"href":"https:\/\/www.damianzimmermann.de\/blog\/wp-json\/wp\/v2\/posts\/18411","targetHints":{"allow":["GET"]}}],"collection":[{"href":"https:\/\/www.damianzimmermann.de\/blog\/wp-json\/wp\/v2\/posts"}],"about":[{"href":"https:\/\/www.damianzimmermann.de\/blog\/wp-json\/wp\/v2\/types\/post"}],"author":[{"embeddable":true,"href":"https:\/\/www.damianzimmermann.de\/blog\/wp-json\/wp\/v2\/users\/1"}],"replies":[{"embeddable":true,"href":"https:\/\/www.damianzimmermann.de\/blog\/wp-json\/wp\/v2\/comments?post=18411"}],"version-history":[{"count":17,"href":"https:\/\/www.damianzimmermann.de\/blog\/wp-json\/wp\/v2\/posts\/18411\/revisions"}],"predecessor-version":[{"id":20118,"href":"https:\/\/www.damianzimmermann.de\/blog\/wp-json\/wp\/v2\/posts\/18411\/revisions\/20118"}],"wp:featuredmedia":[{"embeddable":true,"href":"https:\/\/www.damianzimmermann.de\/blog\/wp-json\/wp\/v2\/media\/18422"}],"wp:attachment":[{"href":"https:\/\/www.damianzimmermann.de\/blog\/wp-json\/wp\/v2\/media?parent=18411"}],"wp:term":[{"taxonomy":"category","embeddable":true,"href":"https:\/\/www.damianzimmermann.de\/blog\/wp-json\/wp\/v2\/categories?post=18411"},{"taxonomy":"post_tag","embeddable":true,"href":"https:\/\/www.damianzimmermann.de\/blog\/wp-json\/wp\/v2\/tags?post=18411"}],"curies":[{"name":"wp","href":"https:\/\/api.w.org\/{rel}","templated":true}]}}