{"id":18386,"date":"2017-02-08T18:35:13","date_gmt":"2017-02-08T17:35:13","guid":{"rendered":"http:\/\/www.damianzimmermann.de\/blog\/?p=18386"},"modified":"2019-03-22T10:31:37","modified_gmt":"2019-03-22T09:31:37","slug":"ausstellung-menschen-auf-der-flucht","status":"publish","type":"post","link":"https:\/\/www.damianzimmermann.de\/blog\/ausstellung-menschen-auf-der-flucht\/","title":{"rendered":"Ausstellung &#8222;Menschen auf der Flucht&#8220;"},"content":{"rendered":"<p>Es ist nicht ganz einfach sich dem Fl\u00fcchtlingsthema fotografisch zu n\u00e4hern, weil man leicht in die g\u00e4ngigen Dokumentations-Klischees verf\u00e4llt. Spannende Ausnahmen sind beispielsweise das <a href=\"https:\/\/www.damianzimmermann.de\/blog\/?p=12550\" target=\"_blank\" rel=\"noopener noreferrer\">Postcards from Europe<\/a>-Projekt von <strong>Eva Leitolf<\/strong>.<\/p>\n<p>In den <strong>Kunstr\u00e4umen der Michael Horbach Stiftung<\/strong> sind unter dem Titel &#8222;Menschen auf der Flucht&#8220; nun Arbeiten von den Fotografen <strong>Christoph P\u00fcschner<\/strong>, <strong>Frank Schultze<\/strong> und <strong>Sinawi Medine<\/strong> zu sehen. Alle drei sind klassische Fotoreporter, aber interessant ist die Zusammenstellung dennoch, weil sie zum einen den Bogen spannt von einem kleinen Fl\u00fcchtlingsrettungsschiff auf dem Mittelmeer bis zu anderen Fl\u00fcchtlingskrisen aus den vergangenen 25 Jahre.<\/p>\n<p>Meine Ausstellungsbesprechung aus dem Ksta gibt es\u00a0<a href=\"https:\/\/www.damianzimmermann.de\/blog\/wp-content\/uploads\/290-Horbach-Menschen-auf-der-Flucht.pdf\" target=\"_blank\" rel=\"noopener noreferrer\">hier<\/a> als PDF.<\/p>\n<p>Link: <a href=\"http:\/\/www.michael-horbach-stiftung.de\/\" target=\"_blank\" rel=\"noopener noreferrer\">Kunstr\u00e4ume der Michael Horbach Stiftung<\/a><\/p>\n\n\t\t<style type=\"text\/css\">\n\t\t\t#gallery-1 {\n\t\t\t\tmargin: auto;\n\t\t\t}\n\t\t\t#gallery-1 .gallery-item {\n\t\t\t\tfloat: left;\n\t\t\t\tmargin-top: 10px;\n\t\t\t\ttext-align: center;\n\t\t\t\twidth: 100%;\n\t\t\t}\n\t\t\t#gallery-1 img {\n\t\t\t\tborder: 2px solid #cfcfcf;\n\t\t\t}\n\t\t\t#gallery-1 .gallery-caption {\n\t\t\t\tmargin-left: 0;\n\t\t\t}\n\t\t\t\/* see gallery_shortcode() in wp-includes\/media.php *\/\n\t\t<\/style>\n\t\t<div id='gallery-1' class='gallery galleryid-18386 gallery-columns-1 gallery-size-large'><dl class='gallery-item'>\n\t\t\t<dt class='gallery-icon landscape'>\n\t\t\t\t<img loading=\"lazy\" decoding=\"async\" width=\"620\" height=\"414\" src=\"https:\/\/www.damianzimmermann.de\/blog\/wp-content\/uploads\/009Zen.jpg\" class=\"attachment-large size-large\" alt=\"\" aria-describedby=\"gallery-1-18399\" srcset=\"https:\/\/www.damianzimmermann.de\/blog\/wp-content\/uploads\/009Zen.jpg 900w, https:\/\/www.damianzimmermann.de\/blog\/wp-content\/uploads\/009Zen-200x133.jpg 200w, https:\/\/www.damianzimmermann.de\/blog\/wp-content\/uploads\/009Zen-400x267.jpg 400w\" sizes=\"auto, (max-width: 620px) 100vw, 620px\" \/>\n\t\t\t<\/dt>\n\t\t\t\t<dd class='wp-caption-text gallery-caption' id='gallery-1-18399'>\n\t\t\t\tSinawi Medine: &#8222;Les routes de l&#8217;exil&#8220;\n\t\t\t\t<\/dd><\/dl><br style=\"clear: both\" \/><dl class='gallery-item'>\n\t\t\t<dt class='gallery-icon landscape'>\n\t\t\t\t<img loading=\"lazy\" decoding=\"async\" width=\"620\" height=\"414\" src=\"https:\/\/www.damianzimmermann.de\/blog\/wp-content\/uploads\/005Zenk.jpg\" class=\"attachment-large size-large\" alt=\"\" aria-describedby=\"gallery-1-18398\" srcset=\"https:\/\/www.damianzimmermann.de\/blog\/wp-content\/uploads\/005Zenk.jpg 900w, https:\/\/www.damianzimmermann.de\/blog\/wp-content\/uploads\/005Zenk-200x133.jpg 200w, https:\/\/www.damianzimmermann.de\/blog\/wp-content\/uploads\/005Zenk-400x267.jpg 400w\" sizes=\"auto, (max-width: 620px) 100vw, 620px\" \/>\n\t\t\t<\/dt>\n\t\t\t\t<dd class='wp-caption-text gallery-caption' id='gallery-1-18398'>\n\t\t\t\tSinawi Medine: &#8222;Les routes de l&#8217;exil&#8220;\n\t\t\t\t<\/dd><\/dl><br style=\"clear: both\" \/><dl class='gallery-item'>\n\t\t\t<dt class='gallery-icon landscape'>\n\t\t\t\t<img loading=\"lazy\" decoding=\"async\" width=\"620\" height=\"414\" src=\"https:\/\/www.damianzimmermann.de\/blog\/wp-content\/uploads\/001Zen.jpg\" class=\"attachment-large size-large\" alt=\"\" aria-describedby=\"gallery-1-18403\" srcset=\"https:\/\/www.damianzimmermann.de\/blog\/wp-content\/uploads\/001Zen.jpg 900w, https:\/\/www.damianzimmermann.de\/blog\/wp-content\/uploads\/001Zen-200x133.jpg 200w, https:\/\/www.damianzimmermann.de\/blog\/wp-content\/uploads\/001Zen-400x267.jpg 400w\" sizes=\"auto, (max-width: 620px) 100vw, 620px\" \/>\n\t\t\t<\/dt>\n\t\t\t\t<dd class='wp-caption-text gallery-caption' id='gallery-1-18403'>\n\t\t\t\tSinawi Medine: &#8222;Les routes de l&#8217;exil&#8220;\n\t\t\t\t<\/dd><\/dl><br style=\"clear: both\" \/><dl class='gallery-item'>\n\t\t\t<dt class='gallery-icon landscape'>\n\t\t\t\t<img loading=\"lazy\" decoding=\"async\" width=\"620\" height=\"413\" src=\"https:\/\/www.damianzimmermann.de\/blog\/wp-content\/uploads\/Aghet_Exhibition_027.jpg\" class=\"attachment-large size-large\" alt=\"\" aria-describedby=\"gallery-1-18402\" srcset=\"https:\/\/www.damianzimmermann.de\/blog\/wp-content\/uploads\/Aghet_Exhibition_027.jpg 900w, https:\/\/www.damianzimmermann.de\/blog\/wp-content\/uploads\/Aghet_Exhibition_027-200x133.jpg 200w, https:\/\/www.damianzimmermann.de\/blog\/wp-content\/uploads\/Aghet_Exhibition_027-400x266.jpg 400w\" sizes=\"auto, (max-width: 620px) 100vw, 620px\" \/>\n\t\t\t<\/dt>\n\t\t\t\t<dd class='wp-caption-text gallery-caption' id='gallery-1-18402'>\n\t\t\t\tChristoph P\u00fcschner: &#8222;Europa, Deutschland, Stuttgart, afghanische Fl\u00fcchtlinge mit ihren Habseligkeiten auf dem Fu\u00dfweg in die Landesaufnahmestelle fuer Fl\u00fcchtlinge (LASt). Im Vordergrund, Personen von links: Jafar Ghulami (23 Jahre), Mutter Marcia Ghulami (46 Jahre) und Vater Ahmad Ghulami (62 Jahre), 12.06.2013&#8220; (c) 2013 Christoph Pueschner \/ Zeitenspiegel\n\t\t\t\t<\/dd><\/dl><br style=\"clear: both\" \/><dl class='gallery-item'>\n\t\t\t<dt class='gallery-icon landscape'>\n\t\t\t\t<img loading=\"lazy\" decoding=\"async\" width=\"620\" height=\"402\" src=\"https:\/\/www.damianzimmermann.de\/blog\/wp-content\/uploads\/Aghet_Exhibition_001.jpg\" class=\"attachment-large size-large\" alt=\"\" aria-describedby=\"gallery-1-18401\" srcset=\"https:\/\/www.damianzimmermann.de\/blog\/wp-content\/uploads\/Aghet_Exhibition_001.jpg 900w, https:\/\/www.damianzimmermann.de\/blog\/wp-content\/uploads\/Aghet_Exhibition_001-200x129.jpg 200w, https:\/\/www.damianzimmermann.de\/blog\/wp-content\/uploads\/Aghet_Exhibition_001-400x259.jpg 400w\" sizes=\"auto, (max-width: 620px) 100vw, 620px\" \/>\n\t\t\t<\/dt>\n\t\t\t\t<dd class='wp-caption-text gallery-caption' id='gallery-1-18401'>\n\t\t\t\tChristoph P\u00fcschner: &#8222;Nordkaukasus, Tschetschenien, Grosny, selbst nach der R\u00fcckeroberung der zerst\u00f6rten Stadt Grosny durch tscheschenische Rebellen im Sommer 1996 fliehen die Bewohner vor den immer noch stattfindenden H\u00e4userk\u00e4mpfen, 20.08.1996&#8220; (c) 1996 Christoph Pueschner \/ Zeitenspiegel\n\t\t\t\t<\/dd><\/dl><br style=\"clear: both\" \/><dl class='gallery-item'>\n\t\t\t<dt class='gallery-icon portrait'>\n\t\t\t\t<img loading=\"lazy\" decoding=\"async\" width=\"601\" height=\"900\" src=\"https:\/\/www.damianzimmermann.de\/blog\/wp-content\/uploads\/Aghet_Exhibition_004.jpg\" class=\"attachment-large size-large\" alt=\"\" aria-describedby=\"gallery-1-18400\" srcset=\"https:\/\/www.damianzimmermann.de\/blog\/wp-content\/uploads\/Aghet_Exhibition_004.jpg 601w, https:\/\/www.damianzimmermann.de\/blog\/wp-content\/uploads\/Aghet_Exhibition_004-100x150.jpg 100w, https:\/\/www.damianzimmermann.de\/blog\/wp-content\/uploads\/Aghet_Exhibition_004-267x400.jpg 267w\" sizes=\"auto, (max-width: 601px) 100vw, 601px\" \/>\n\t\t\t<\/dt>\n\t\t\t\t<dd class='wp-caption-text gallery-caption' id='gallery-1-18400'>\n\t\t\t\tChristoph P\u00fcschner: &#8222;Europa, Bosnien, Sarajevo, Heckensch\u00fctzen schie\u00dfen auf den Bus. Eine Betreuerin sucht Deckung und dr\u00fcckt mit ihren H\u00e4nden den Kopf eines M\u00e4dchens sch\u00fctzend nach unten, 01.08.1992&#8220; (c) 1992 Christoph Pueschner \/ Zeitenspiegel\n\t\t\t\t<\/dd><\/dl><br style=\"clear: both\" \/>\n\t\t<\/div>\n\n","protected":false},"excerpt":{"rendered":"<p>Es ist nicht ganz einfach sich dem Fl\u00fcchtlingsthema fotografisch zu n\u00e4hern, weil man leicht in die g\u00e4ngigen Dokumentations-Klischees verf\u00e4llt. Spannende Ausnahmen sind beispielsweise das Postcards from Europe-Projekt von&#8230;<\/p>\n","protected":false},"author":1,"featured_media":18400,"comment_status":"closed","ping_status":"open","sticky":false,"template":"","format":"standard","meta":{"footnotes":""},"categories":[1,6],"tags":[1448,1054,1449,1450],"class_list":["post-18386","post","type-post","status-publish","format-standard","has-post-thumbnail","hentry","category-allgemein","category-ausstellungen","tag-christoph-puschner","tag-eva-leitolf","tag-frank-schultze","tag-sinawi-medine"],"_links":{"self":[{"href":"https:\/\/www.damianzimmermann.de\/blog\/wp-json\/wp\/v2\/posts\/18386","targetHints":{"allow":["GET"]}}],"collection":[{"href":"https:\/\/www.damianzimmermann.de\/blog\/wp-json\/wp\/v2\/posts"}],"about":[{"href":"https:\/\/www.damianzimmermann.de\/blog\/wp-json\/wp\/v2\/types\/post"}],"author":[{"embeddable":true,"href":"https:\/\/www.damianzimmermann.de\/blog\/wp-json\/wp\/v2\/users\/1"}],"replies":[{"embeddable":true,"href":"https:\/\/www.damianzimmermann.de\/blog\/wp-json\/wp\/v2\/comments?post=18386"}],"version-history":[{"count":19,"href":"https:\/\/www.damianzimmermann.de\/blog\/wp-json\/wp\/v2\/posts\/18386\/revisions"}],"predecessor-version":[{"id":20119,"href":"https:\/\/www.damianzimmermann.de\/blog\/wp-json\/wp\/v2\/posts\/18386\/revisions\/20119"}],"wp:featuredmedia":[{"embeddable":true,"href":"https:\/\/www.damianzimmermann.de\/blog\/wp-json\/wp\/v2\/media\/18400"}],"wp:attachment":[{"href":"https:\/\/www.damianzimmermann.de\/blog\/wp-json\/wp\/v2\/media?parent=18386"}],"wp:term":[{"taxonomy":"category","embeddable":true,"href":"https:\/\/www.damianzimmermann.de\/blog\/wp-json\/wp\/v2\/categories?post=18386"},{"taxonomy":"post_tag","embeddable":true,"href":"https:\/\/www.damianzimmermann.de\/blog\/wp-json\/wp\/v2\/tags?post=18386"}],"curies":[{"name":"wp","href":"https:\/\/api.w.org\/{rel}","templated":true}]}}