{"id":18032,"date":"2016-03-12T12:00:58","date_gmt":"2016-03-12T11:00:58","guid":{"rendered":"http:\/\/www.damianzimmermann.de\/blog\/?p=18032"},"modified":"2019-03-22T14:03:31","modified_gmt":"2019-03-22T13:03:31","slug":"africa-under-the-prism","status":"publish","type":"post","link":"https:\/\/www.damianzimmermann.de\/blog\/africa-under-the-prism\/","title":{"rendered":"Africa under the Prism"},"content":{"rendered":"<p style=\"margin-bottom: 0cm;\">Der tiefschwarze Umschlag ist beeindruckend: Auf dem Titel sehen wir einen alten Kassetten-Radio-Rekorder, der auf einem einfachen Holztisch steht. Die Antenne ragt gekr\u00fcmmt nach oben \u2013 als w\u00fcrde sie im Nichts nach Empfang suchen. Teile des Ger\u00e4ts sind mit Goldlack \u00fcberzogen, genauso wie der Titel: &#8222;Africa Under the Prism&#8220; (<strong>Hatje Cantz Verlag<\/strong>, 45 Euro).<\/p>\n<p>Auf dem wei\u00dfen Buchblock erkennt man die farbigen Kapitelmarkierungen \u2013 das Buch will das Prisma sein, dass die zahlreichen Facetten der afrikanischen Fotografie aufzeigt. Warum es allerdings mehr einem fl\u00fcchtigen Kaleidoskop gleicht, erfahrt ihr in meiner\u00a0<a href=\"https:\/\/www.damianzimmermann.de\/blog\/wp-content\/uploads\/PH04_078-079_B\u00fccher_OK.pdf\" target=\"_blank\" rel=\"noopener noreferrer\">Kurzbesprechung<\/a>, die in der Photographie erschienen ist.<\/p>\n<p>Link: <a href=\"http:\/\/www.hatjecantz.de\/africa-under-the-prism-6636-1.html\" target=\"_blank\" rel=\"noopener noreferrer\">Hatje Cantz<\/a><\/p>\n\n\t\t<style type=\"text\/css\">\n\t\t\t#gallery-1 {\n\t\t\t\tmargin: auto;\n\t\t\t}\n\t\t\t#gallery-1 .gallery-item {\n\t\t\t\tfloat: left;\n\t\t\t\tmargin-top: 10px;\n\t\t\t\ttext-align: center;\n\t\t\t\twidth: 100%;\n\t\t\t}\n\t\t\t#gallery-1 img {\n\t\t\t\tborder: 2px solid #cfcfcf;\n\t\t\t}\n\t\t\t#gallery-1 .gallery-caption {\n\t\t\t\tmargin-left: 0;\n\t\t\t}\n\t\t\t\/* see gallery_shortcode() in wp-includes\/media.php *\/\n\t\t<\/style>\n\t\t<div id='gallery-1' class='gallery galleryid-18032 gallery-columns-1 gallery-size-large'><dl class='gallery-item'>\n\t\t\t<dt class='gallery-icon portrait'>\n\t\t\t\t<a href='https:\/\/www.damianzimmermann.de\/blog\/wp-content\/uploads\/Africa-Cover.jpg'><img loading=\"lazy\" decoding=\"async\" width=\"620\" height=\"879\" src=\"https:\/\/www.damianzimmermann.de\/blog\/wp-content\/uploads\/Africa-Cover.jpg\" class=\"attachment-large size-large\" alt=\"\" aria-describedby=\"gallery-1-18038\" srcset=\"https:\/\/www.damianzimmermann.de\/blog\/wp-content\/uploads\/Africa-Cover.jpg 635w, https:\/\/www.damianzimmermann.de\/blog\/wp-content\/uploads\/Africa-Cover-105x150.jpg 105w, https:\/\/www.damianzimmermann.de\/blog\/wp-content\/uploads\/Africa-Cover-282x400.jpg 282w\" sizes=\"auto, (max-width: 620px) 100vw, 620px\" \/><\/a>\n\t\t\t<\/dt>\n\t\t\t\t<dd class='wp-caption-text gallery-caption' id='gallery-1-18038'>\n\t\t\t\tAfrica under the Prism &#8211; Cover\n\t\t\t\t<\/dd><\/dl><br style=\"clear: both\" \/><dl class='gallery-item'>\n\t\t\t<dt class='gallery-icon landscape'>\n\t\t\t\t<a href='https:\/\/www.damianzimmermann.de\/blog\/wp-content\/uploads\/026elblanco_ricardocases_-_copy_hc.jpg'><img loading=\"lazy\" decoding=\"async\" width=\"620\" height=\"413\" src=\"https:\/\/www.damianzimmermann.de\/blog\/wp-content\/uploads\/026elblanco_ricardocases_-_copy_hc.jpg\" class=\"attachment-large size-large\" alt=\"\" aria-describedby=\"gallery-1-18037\" srcset=\"https:\/\/www.damianzimmermann.de\/blog\/wp-content\/uploads\/026elblanco_ricardocases_-_copy_hc.jpg 900w, https:\/\/www.damianzimmermann.de\/blog\/wp-content\/uploads\/026elblanco_ricardocases_-_copy_hc-200x133.jpg 200w, https:\/\/www.damianzimmermann.de\/blog\/wp-content\/uploads\/026elblanco_ricardocases_-_copy_hc-400x266.jpg 400w\" sizes=\"auto, (max-width: 620px) 100vw, 620px\" \/><\/a>\n\t\t\t<\/dt>\n\t\t\t\t<dd class='wp-caption-text gallery-caption' id='gallery-1-18037'>\n\t\t\t\t&#8222;El Blanco&#8220;,  Ricardo Cases, LagosPhoto Festival\n\t\t\t\t<\/dd><\/dl><br style=\"clear: both\" \/><dl class='gallery-item'>\n\t\t\t<dt class='gallery-icon landscape'>\n\t\t\t\t<a href='https:\/\/www.damianzimmermann.de\/blog\/wp-content\/uploads\/6mali30_-_copy_hc.jpg'><img loading=\"lazy\" decoding=\"async\" width=\"620\" height=\"413\" src=\"https:\/\/www.damianzimmermann.de\/blog\/wp-content\/uploads\/6mali30_-_copy_hc.jpg\" class=\"attachment-large size-large\" alt=\"\" aria-describedby=\"gallery-1-18036\" srcset=\"https:\/\/www.damianzimmermann.de\/blog\/wp-content\/uploads\/6mali30_-_copy_hc.jpg 900w, https:\/\/www.damianzimmermann.de\/blog\/wp-content\/uploads\/6mali30_-_copy_hc-200x133.jpg 200w, https:\/\/www.damianzimmermann.de\/blog\/wp-content\/uploads\/6mali30_-_copy_hc-400x266.jpg 400w\" sizes=\"auto, (max-width: 620px) 100vw, 620px\" \/><\/a>\n\t\t\t<\/dt>\n\t\t\t\t<dd class='wp-caption-text gallery-caption' id='gallery-1-18036'>\n\t\t\t\t&#8222;Mali&#8220;, Jerome Delay, LagosPhoto Festival\n\t\t\t\t<\/dd><\/dl><br style=\"clear: both\" \/><dl class='gallery-item'>\n\t\t\t<dt class='gallery-icon landscape'>\n\t\t\t\t<a href='https:\/\/www.damianzimmermann.de\/blog\/wp-content\/uploads\/this_is_what_hatred_did_350_hc.jpg'><img loading=\"lazy\" decoding=\"async\" width=\"620\" height=\"496\" src=\"https:\/\/www.damianzimmermann.de\/blog\/wp-content\/uploads\/this_is_what_hatred_did_350_hc.jpg\" class=\"attachment-large size-large\" alt=\"\" aria-describedby=\"gallery-1-18040\" srcset=\"https:\/\/www.damianzimmermann.de\/blog\/wp-content\/uploads\/this_is_what_hatred_did_350_hc.jpg 900w, https:\/\/www.damianzimmermann.de\/blog\/wp-content\/uploads\/this_is_what_hatred_did_350_hc-187x150.jpg 187w, https:\/\/www.damianzimmermann.de\/blog\/wp-content\/uploads\/this_is_what_hatred_did_350_hc-400x320.jpg 400w\" sizes=\"auto, (max-width: 620px) 100vw, 620px\" \/><\/a>\n\t\t\t<\/dt>\n\t\t\t\t<dd class='wp-caption-text gallery-caption' id='gallery-1-18040'>\n\t\t\t\t&#8222;This is what hatred did&#8220;, Cristina de Middel, LagosPhoto Festival\n\t\t\t\t<\/dd><\/dl><br style=\"clear: both\" \/><dl class='gallery-item'>\n\t\t\t<dt class='gallery-icon portrait'>\n\t\t\t\t<a href='https:\/\/www.damianzimmermann.de\/blog\/wp-content\/uploads\/mg_0050_-_copy_hc.jpg'><img loading=\"lazy\" decoding=\"async\" width=\"600\" height=\"900\" src=\"https:\/\/www.damianzimmermann.de\/blog\/wp-content\/uploads\/mg_0050_-_copy_hc.jpg\" class=\"attachment-large size-large\" alt=\"\" aria-describedby=\"gallery-1-18035\" srcset=\"https:\/\/www.damianzimmermann.de\/blog\/wp-content\/uploads\/mg_0050_-_copy_hc.jpg 600w, https:\/\/www.damianzimmermann.de\/blog\/wp-content\/uploads\/mg_0050_-_copy_hc-100x150.jpg 100w, https:\/\/www.damianzimmermann.de\/blog\/wp-content\/uploads\/mg_0050_-_copy_hc-266x400.jpg 266w\" sizes=\"auto, (max-width: 600px) 100vw, 600px\" \/><\/a>\n\t\t\t<\/dt>\n\t\t\t\t<dd class='wp-caption-text gallery-caption' id='gallery-1-18035'>\n\t\t\t\t&#8222;Musclemen&#8220;, Leonce Raphael Agbodjelou, LagosPhoto Festival\n\t\t\t\t<\/dd><\/dl><br style=\"clear: both\" \/><dl class='gallery-item'>\n\t\t\t<dt class='gallery-icon landscape'>\n\t\t\t\t<a href='https:\/\/www.damianzimmermann.de\/blog\/wp-content\/uploads\/h_00045330_-_copy_hc.jpg'><img loading=\"lazy\" decoding=\"async\" width=\"620\" height=\"419\" src=\"https:\/\/www.damianzimmermann.de\/blog\/wp-content\/uploads\/h_00045330_-_copy_hc.jpg\" class=\"attachment-large size-large\" alt=\"\" aria-describedby=\"gallery-1-18039\" srcset=\"https:\/\/www.damianzimmermann.de\/blog\/wp-content\/uploads\/h_00045330_-_copy_hc.jpg 900w, https:\/\/www.damianzimmermann.de\/blog\/wp-content\/uploads\/h_00045330_-_copy_hc-200x135.jpg 200w, https:\/\/www.damianzimmermann.de\/blog\/wp-content\/uploads\/h_00045330_-_copy_hc-400x270.jpg 400w\" sizes=\"auto, (max-width: 620px) 100vw, 620px\" \/><\/a>\n\t\t\t<\/dt>\n\t\t\t\t<dd class='wp-caption-text gallery-caption' id='gallery-1-18039'>\n\t\t\t\t&#8222;Standing at the Graveyards of E-Waste&#8220;, Stanley Greene\/Noor, LagosPhoto Festival\n\t\t\t\t<\/dd><\/dl><br style=\"clear: both\" \/>\n\t\t<\/div>\n\n","protected":false},"excerpt":{"rendered":"<p>Der tiefschwarze Umschlag ist beeindruckend: Auf dem Titel sehen wir einen alten Kassetten-Radio-Rekorder, der auf einem einfachen Holztisch steht. Die Antenne ragt gekr\u00fcmmt nach oben \u2013 als w\u00fcrde&#8230;<\/p>\n","protected":false},"author":1,"featured_media":18038,"comment_status":"closed","ping_status":"open","sticky":false,"template":"","format":"standard","meta":{"footnotes":""},"categories":[1006,7],"tags":[1392,1391,1389,1390,670,327],"class_list":["post-18032","post","type-post","status-publish","format-standard","has-post-thumbnail","hentry","category-festivalsmessen","category-fotobuecher","tag-cristina-de-middel","tag-jerome-delay","tag-lagosphoto-festival","tag-leonce-raphael","tag-ricardo-cases","tag-stanley-greene"],"_links":{"self":[{"href":"https:\/\/www.damianzimmermann.de\/blog\/wp-json\/wp\/v2\/posts\/18032","targetHints":{"allow":["GET"]}}],"collection":[{"href":"https:\/\/www.damianzimmermann.de\/blog\/wp-json\/wp\/v2\/posts"}],"about":[{"href":"https:\/\/www.damianzimmermann.de\/blog\/wp-json\/wp\/v2\/types\/post"}],"author":[{"embeddable":true,"href":"https:\/\/www.damianzimmermann.de\/blog\/wp-json\/wp\/v2\/users\/1"}],"replies":[{"embeddable":true,"href":"https:\/\/www.damianzimmermann.de\/blog\/wp-json\/wp\/v2\/comments?post=18032"}],"version-history":[{"count":31,"href":"https:\/\/www.damianzimmermann.de\/blog\/wp-json\/wp\/v2\/posts\/18032\/revisions"}],"predecessor-version":[{"id":20149,"href":"https:\/\/www.damianzimmermann.de\/blog\/wp-json\/wp\/v2\/posts\/18032\/revisions\/20149"}],"wp:featuredmedia":[{"embeddable":true,"href":"https:\/\/www.damianzimmermann.de\/blog\/wp-json\/wp\/v2\/media\/18038"}],"wp:attachment":[{"href":"https:\/\/www.damianzimmermann.de\/blog\/wp-json\/wp\/v2\/media?parent=18032"}],"wp:term":[{"taxonomy":"category","embeddable":true,"href":"https:\/\/www.damianzimmermann.de\/blog\/wp-json\/wp\/v2\/categories?post=18032"},{"taxonomy":"post_tag","embeddable":true,"href":"https:\/\/www.damianzimmermann.de\/blog\/wp-json\/wp\/v2\/tags?post=18032"}],"curies":[{"name":"wp","href":"https:\/\/api.w.org\/{rel}","templated":true}]}}