{"id":17993,"date":"2016-03-04T08:33:38","date_gmt":"2016-03-04T07:33:38","guid":{"rendered":"http:\/\/www.damianzimmermann.de\/blog\/?p=17993"},"modified":"2019-11-21T14:47:12","modified_gmt":"2019-11-21T13:47:12","slug":"pieter-hugo-in-der-galerie-priska-pasquer","status":"publish","type":"post","link":"https:\/\/www.damianzimmermann.de\/blog\/pieter-hugo-in-der-galerie-priska-pasquer\/","title":{"rendered":"&#8222;Kin&#8220; von Pieter Hugo in der Galerie Priska Pasquer"},"content":{"rendered":"<p>Seit Jahren w\u00fcnsche ich mir, dass endlich eine K\u00f6lner Galerie den s\u00fcdafrikanischen Fotografen <strong>Pieter Hugo<\/strong> zeigt. Vor einem Jahr hat <strong>Priska Pasquer<\/strong> das gemacht mit einer kleinen \u00dcberblicksschau, die seinem fotografischen Kosmos aber kaum gerecht werden konnte. In ihren neuen und riesigen Galerier\u00e4umen kann sie nun allerdings richtig ausholen &#8211; und zeigt noch bis zum 9. April die Ausstellung &#8222;Kin&#8220;, die zuvor in der <strong>Fondation Henri Cartier-Bresson<\/strong> in Paris zu sehen war. Es ist seine bislang komplexeste und auch pers\u00f6nlichste Arbeit, in der er sich mit seiner Heimat S\u00fcdafrika und seinem gespaltenen Verh\u00e4ltnis zu ihr besch\u00e4ftigt.<\/p>\n<p>Meine Besprechung ist im K\u00f6lner Stadt-Anzeiger erschienen und gibt es <a href=\"https:\/\/www.damianzimmermann.de\/blog\/wp-content\/uploads\/286-Pasquer-Pieter-Hugo.pdf\" target=\"_blank\" rel=\"noopener noreferrer\">hier<\/a>.<\/p>\n<p>Link: <a href=\"http:\/\/priskapasquer.de\/\" target=\"_blank\" rel=\"noopener noreferrer\">Galerie Priska Pasquer<\/a><\/p>\n\n\t\t<style type=\"text\/css\">\n\t\t\t#gallery-1 {\n\t\t\t\tmargin: auto;\n\t\t\t}\n\t\t\t#gallery-1 .gallery-item {\n\t\t\t\tfloat: left;\n\t\t\t\tmargin-top: 10px;\n\t\t\t\ttext-align: center;\n\t\t\t\twidth: 100%;\n\t\t\t}\n\t\t\t#gallery-1 img {\n\t\t\t\tborder: 2px solid #cfcfcf;\n\t\t\t}\n\t\t\t#gallery-1 .gallery-caption {\n\t\t\t\tmargin-left: 0;\n\t\t\t}\n\t\t\t\/* see gallery_shortcode() in wp-includes\/media.php *\/\n\t\t<\/style>\n\t\t<div id='gallery-1' class='gallery galleryid-17993 gallery-columns-1 gallery-size-large'><dl class='gallery-item'>\n\t\t\t<dt class='gallery-icon landscape'>\n\t\t\t\t<a href='https:\/\/www.damianzimmermann.de\/blog\/wp-content\/uploads\/PH131-1030x824.jpg'><img loading=\"lazy\" decoding=\"async\" width=\"620\" height=\"496\" src=\"https:\/\/www.damianzimmermann.de\/blog\/wp-content\/uploads\/PH131-1030x824.jpg\" class=\"attachment-large size-large\" alt=\"\" aria-describedby=\"gallery-1-18001\" srcset=\"https:\/\/www.damianzimmermann.de\/blog\/wp-content\/uploads\/PH131-1030x824.jpg 900w, https:\/\/www.damianzimmermann.de\/blog\/wp-content\/uploads\/PH131-1030x824-187x150.jpg 187w, https:\/\/www.damianzimmermann.de\/blog\/wp-content\/uploads\/PH131-1030x824-400x320.jpg 400w\" sizes=\"auto, (max-width: 620px) 100vw, 620px\" \/><\/a>\n\t\t\t<\/dt>\n\t\t\t\t<dd class='wp-caption-text gallery-caption' id='gallery-1-18001'>\n\t\t\t\tPieter Hugo: &#8222;Pieter and Sophia Hugo at home in Cape Town&#8220;, aus der Serie &#8222;Kin&#8220;, 2010 \u00a9 Pieter Hugo, courtesy | PRISKA PASQUER, Cologne\n\t\t\t\t<\/dd><\/dl><br style=\"clear: both\" \/><dl class='gallery-item'>\n\t\t\t<dt class='gallery-icon landscape'>\n\t\t\t\t<a href='https:\/\/www.damianzimmermann.de\/blog\/wp-content\/uploads\/PH219-2000.jpg'><img loading=\"lazy\" decoding=\"async\" width=\"620\" height=\"496\" src=\"https:\/\/www.damianzimmermann.de\/blog\/wp-content\/uploads\/PH219-2000.jpg\" class=\"attachment-large size-large\" alt=\"\" aria-describedby=\"gallery-1-18005\" srcset=\"https:\/\/www.damianzimmermann.de\/blog\/wp-content\/uploads\/PH219-2000.jpg 900w, https:\/\/www.damianzimmermann.de\/blog\/wp-content\/uploads\/PH219-2000-187x150.jpg 187w, https:\/\/www.damianzimmermann.de\/blog\/wp-content\/uploads\/PH219-2000-400x320.jpg 400w\" sizes=\"auto, (max-width: 620px) 100vw, 620px\" \/><\/a>\n\t\t\t<\/dt>\n\t\t\t\t<dd class='wp-caption-text gallery-caption' id='gallery-1-18005'>\n\t\t\t\tPieter Hugo: &#8222;Loyiso Mayga, Wandise Ngcama, Lunga White, Luyanda Mzantsi and Khungsile Mdolo after their initiation ceremony, Mthatha&#8220;, aus der Serie &#8222;Kin&#8220;, 2008 \u00a9 Pieter Hugo, courtesy | PRISKA PASQUER, Cologne\n\t\t\t\t<\/dd><\/dl><br style=\"clear: both\" \/><dl class='gallery-item'>\n\t\t\t<dt class='gallery-icon landscape'>\n\t\t\t\t<a href='https:\/\/www.damianzimmermann.de\/blog\/wp-content\/uploads\/PH137-2000.jpg'><img loading=\"lazy\" decoding=\"async\" width=\"620\" height=\"466\" src=\"https:\/\/www.damianzimmermann.de\/blog\/wp-content\/uploads\/PH137-2000.jpg\" class=\"attachment-large size-large\" alt=\"\" aria-describedby=\"gallery-1-18002\" srcset=\"https:\/\/www.damianzimmermann.de\/blog\/wp-content\/uploads\/PH137-2000.jpg 900w, https:\/\/www.damianzimmermann.de\/blog\/wp-content\/uploads\/PH137-2000-199x150.jpg 199w, https:\/\/www.damianzimmermann.de\/blog\/wp-content\/uploads\/PH137-2000-400x300.jpg 400w\" sizes=\"auto, (max-width: 620px) 100vw, 620px\" \/><\/a>\n\t\t\t<\/dt>\n\t\t\t\t<dd class='wp-caption-text gallery-caption' id='gallery-1-18002'>\n\t\t\t\tPieter Hugo: &#8222;Thoba Calvin and Tshepo Cameron Sithole-Modisane, Pretoria&#8220;, aus der Serie &#8222;Kin&#8220;, 2013 \u00a9 Pieter Hugo, courtesy | PRISKA PASQUER, Cologne\n\t\t\t\t<\/dd><\/dl><br style=\"clear: both\" \/><dl class='gallery-item'>\n\t\t\t<dt class='gallery-icon landscape'>\n\t\t\t\t<a href='https:\/\/www.damianzimmermann.de\/blog\/wp-content\/uploads\/PH195-2000.jpg'><img loading=\"lazy\" decoding=\"async\" width=\"620\" height=\"466\" src=\"https:\/\/www.damianzimmermann.de\/blog\/wp-content\/uploads\/PH195-2000.jpg\" class=\"attachment-large size-large\" alt=\"\" aria-describedby=\"gallery-1-18004\" srcset=\"https:\/\/www.damianzimmermann.de\/blog\/wp-content\/uploads\/PH195-2000.jpg 900w, https:\/\/www.damianzimmermann.de\/blog\/wp-content\/uploads\/PH195-2000-199x150.jpg 199w, https:\/\/www.damianzimmermann.de\/blog\/wp-content\/uploads\/PH195-2000-400x300.jpg 400w\" sizes=\"auto, (max-width: 620px) 100vw, 620px\" \/><\/a>\n\t\t\t<\/dt>\n\t\t\t\t<dd class='wp-caption-text gallery-caption' id='gallery-1-18004'>\n\t\t\t\tPieter Hugo: &#8222;Green Point Common, Capetown&#8220;, aus der Serie &#8222;Kin&#8220;, 2013 \u00a9 Pieter Hugo, courtesy | PRISKA PASQUER, Cologne\n\t\t\t\t<\/dd><\/dl><br style=\"clear: both\" \/><dl class='gallery-item'>\n\t\t\t<dt class='gallery-icon portrait'>\n\t\t\t\t<a href='https:\/\/www.damianzimmermann.de\/blog\/wp-content\/uploads\/PIETER-HUGO-Kin-Daniel-Richards-Milnerton-Priska-Pasquer-PH166.jpg'><img loading=\"lazy\" decoding=\"async\" width=\"620\" height=\"775\" src=\"https:\/\/www.damianzimmermann.de\/blog\/wp-content\/uploads\/PIETER-HUGO-Kin-Daniel-Richards-Milnerton-Priska-Pasquer-PH166.jpg\" class=\"attachment-large size-large\" alt=\"\" aria-describedby=\"gallery-1-18006\" srcset=\"https:\/\/www.damianzimmermann.de\/blog\/wp-content\/uploads\/PIETER-HUGO-Kin-Daniel-Richards-Milnerton-Priska-Pasquer-PH166.jpg 720w, https:\/\/www.damianzimmermann.de\/blog\/wp-content\/uploads\/PIETER-HUGO-Kin-Daniel-Richards-Milnerton-Priska-Pasquer-PH166-120x150.jpg 120w, https:\/\/www.damianzimmermann.de\/blog\/wp-content\/uploads\/PIETER-HUGO-Kin-Daniel-Richards-Milnerton-Priska-Pasquer-PH166-320x400.jpg 320w\" sizes=\"auto, (max-width: 620px) 100vw, 620px\" \/><\/a>\n\t\t\t<\/dt>\n\t\t\t\t<dd class='wp-caption-text gallery-caption' id='gallery-1-18006'>\n\t\t\t\tPieter Hugo: &#8222;Daniel Richards, Milnerton&#8220;, aus der Serie &#8222;Kin&#8220;, 2013 \u00a9 Pieter Hugo, courtesy | PRISKA PASQUER, Cologne\n\t\t\t\t<\/dd><\/dl><br style=\"clear: both\" \/><dl class='gallery-item'>\n\t\t\t<dt class='gallery-icon landscape'>\n\t\t\t\t<a href='https:\/\/www.damianzimmermann.de\/blog\/wp-content\/uploads\/PH186-1030x774.jpg'><img loading=\"lazy\" decoding=\"async\" width=\"620\" height=\"466\" src=\"https:\/\/www.damianzimmermann.de\/blog\/wp-content\/uploads\/PH186-1030x774.jpg\" class=\"attachment-large size-large\" alt=\"\" aria-describedby=\"gallery-1-18003\" srcset=\"https:\/\/www.damianzimmermann.de\/blog\/wp-content\/uploads\/PH186-1030x774.jpg 900w, https:\/\/www.damianzimmermann.de\/blog\/wp-content\/uploads\/PH186-1030x774-199x150.jpg 199w, https:\/\/www.damianzimmermann.de\/blog\/wp-content\/uploads\/PH186-1030x774-400x300.jpg 400w\" sizes=\"auto, (max-width: 620px) 100vw, 620px\" \/><\/a>\n\t\t\t<\/dt>\n\t\t\t\t<dd class='wp-caption-text gallery-caption' id='gallery-1-18003'>\n\t\t\t\tPieter Hugo: &#8222;Aerial view of Diepsloot&#8220;, aus der Serie &#8222;Kin&#8220;, 2013 \u00a9 Pieter Hugo, courtesy | PRISKA PASQUER, Cologne\n\t\t\t\t<\/dd><\/dl><br style=\"clear: both\" \/>\n\t\t<\/div>\n\n","protected":false},"excerpt":{"rendered":"<p>Seit Jahren w\u00fcnsche ich mir, dass endlich eine K\u00f6lner Galerie den s\u00fcdafrikanischen Fotografen Pieter Hugo zeigt. Vor einem Jahr hat Priska Pasquer das gemacht mit einer kleinen \u00dcberblicksschau,&#8230;<\/p>\n","protected":false},"author":1,"featured_media":18006,"comment_status":"closed","ping_status":"open","sticky":false,"template":"","format":"standard","meta":{"footnotes":""},"categories":[6,7],"tags":[1388,187],"class_list":["post-17993","post","type-post","status-publish","format-standard","has-post-thumbnail","hentry","category-ausstellungen","category-fotobuecher","tag-fondation-henri-cartier-bresson","tag-pieter-hugo"],"_links":{"self":[{"href":"https:\/\/www.damianzimmermann.de\/blog\/wp-json\/wp\/v2\/posts\/17993","targetHints":{"allow":["GET"]}}],"collection":[{"href":"https:\/\/www.damianzimmermann.de\/blog\/wp-json\/wp\/v2\/posts"}],"about":[{"href":"https:\/\/www.damianzimmermann.de\/blog\/wp-json\/wp\/v2\/types\/post"}],"author":[{"embeddable":true,"href":"https:\/\/www.damianzimmermann.de\/blog\/wp-json\/wp\/v2\/users\/1"}],"replies":[{"embeddable":true,"href":"https:\/\/www.damianzimmermann.de\/blog\/wp-json\/wp\/v2\/comments?post=17993"}],"version-history":[{"count":33,"href":"https:\/\/www.damianzimmermann.de\/blog\/wp-json\/wp\/v2\/posts\/17993\/revisions"}],"predecessor-version":[{"id":21393,"href":"https:\/\/www.damianzimmermann.de\/blog\/wp-json\/wp\/v2\/posts\/17993\/revisions\/21393"}],"wp:featuredmedia":[{"embeddable":true,"href":"https:\/\/www.damianzimmermann.de\/blog\/wp-json\/wp\/v2\/media\/18006"}],"wp:attachment":[{"href":"https:\/\/www.damianzimmermann.de\/blog\/wp-json\/wp\/v2\/media?parent=17993"}],"wp:term":[{"taxonomy":"category","embeddable":true,"href":"https:\/\/www.damianzimmermann.de\/blog\/wp-json\/wp\/v2\/categories?post=17993"},{"taxonomy":"post_tag","embeddable":true,"href":"https:\/\/www.damianzimmermann.de\/blog\/wp-json\/wp\/v2\/tags?post=17993"}],"curies":[{"name":"wp","href":"https:\/\/api.w.org\/{rel}","templated":true}]}}