{"id":17958,"date":"2016-03-02T08:56:23","date_gmt":"2016-03-02T07:56:23","guid":{"rendered":"http:\/\/www.damianzimmermann.de\/blog\/?p=17958"},"modified":"2019-03-22T14:06:40","modified_gmt":"2019-03-22T13:06:40","slug":"as-time-goes-by-von-barbara-davatz","status":"publish","type":"post","link":"https:\/\/www.damianzimmermann.de\/blog\/as-time-goes-by-von-barbara-davatz\/","title":{"rendered":"&#8222;As Time Goes By&#8220; von Barbara Davatz"},"content":{"rendered":"<p style=\"margin-bottom: 0cm; font-weight: normal;\">Der Klappentext zu diesem Langzeitprojekt klingt spannend. Ambitioniert. Und hat mich sehr neugierig gemacht: Im Jahr 1982 hat die Schweizerin <strong>Barbara Davatz<\/strong> zw\u00f6lf Paare fotografiert, die verliebt, befreundet oder verwandt waren. 1988, 1997 und 2014 hat sie dieselben Menschen wieder ins Studio eingeladen. Kein Wunder, dass mich das interessiert, klingt es doch, als w\u00e4re es sehr nah am <a href=\"http:\/\/www.paareprojekt.de\/\" target=\"_blank\" rel=\"noopener noreferrer\">Paareprojekt<\/a> &#8211; nur eben nicht mit unterschiedlichen, sondern immer mit den selben Personen.<\/p>\n<p style=\"margin-bottom: 0cm; font-weight: normal;\">Warum mich das Buch &#8222;As Time Goes By 1982 1988 1997 2014&#8220; (erscheinen in der <strong>Edition Patrick Frey<\/strong>) dennoch ziemlich entt\u00e4uscht hat und warum ich es konzeptionell f\u00fcr unausgereift und inkonsequent halte, k\u00f6nnt ihr in meiner ausf\u00fchrlichen Besprechung in der aktuellen Photonews nachlesen &#8211; oder <a href=\"https:\/\/www.damianzimmermann.de\/blog\/wp-content\/uploads\/PHOTONEWS-3-2016-Seite-23.pdf\" target=\"_blank\" rel=\"noopener noreferrer\">hier<\/a> als PDF.<\/p>\n<p>Link: <a href=\"https:\/\/www.editionpatrickfrey.com\/de\/books\/time-goes-1982-1988-1997-2014-barbara-davatz\" target=\"_blank\" rel=\"noopener noreferrer\">Edition Patrick Frey<\/a><\/p>\n\n\t\t<style type=\"text\/css\">\n\t\t\t#gallery-1 {\n\t\t\t\tmargin: auto;\n\t\t\t}\n\t\t\t#gallery-1 .gallery-item {\n\t\t\t\tfloat: left;\n\t\t\t\tmargin-top: 10px;\n\t\t\t\ttext-align: center;\n\t\t\t\twidth: 100%;\n\t\t\t}\n\t\t\t#gallery-1 img {\n\t\t\t\tborder: 2px solid #cfcfcf;\n\t\t\t}\n\t\t\t#gallery-1 .gallery-caption {\n\t\t\t\tmargin-left: 0;\n\t\t\t}\n\t\t\t\/* see gallery_shortcode() in wp-includes\/media.php *\/\n\t\t<\/style>\n\t\t<div id='gallery-1' class='gallery galleryid-17958 gallery-columns-1 gallery-size-large'><dl class='gallery-item'>\n\t\t\t<dt class='gallery-icon portrait'>\n\t\t\t\t<img loading=\"lazy\" decoding=\"async\" width=\"620\" height=\"756\" src=\"https:\/\/www.damianzimmermann.de\/blog\/wp-content\/uploads\/Cover_As-Time-Geoes_High.jpg\" class=\"attachment-large size-large\" alt=\"\" aria-describedby=\"gallery-1-17959\" srcset=\"https:\/\/www.damianzimmermann.de\/blog\/wp-content\/uploads\/Cover_As-Time-Geoes_High.jpg 738w, https:\/\/www.damianzimmermann.de\/blog\/wp-content\/uploads\/Cover_As-Time-Geoes_High-123x150.jpg 123w, https:\/\/www.damianzimmermann.de\/blog\/wp-content\/uploads\/Cover_As-Time-Geoes_High-328x400.jpg 328w\" sizes=\"auto, (max-width: 620px) 100vw, 620px\" \/>\n\t\t\t<\/dt>\n\t\t\t\t<dd class='wp-caption-text gallery-caption' id='gallery-1-17959'>\n\t\t\t\tBarbara Davast: &#8222;As Time goes by&#8220;\n\t\t\t\t<\/dd><\/dl><br style=\"clear: both\" \/><dl class='gallery-item'>\n\t\t\t<dt class='gallery-icon portrait'>\n\t\t\t\t<img loading=\"lazy\" decoding=\"async\" width=\"620\" height=\"802\" src=\"https:\/\/www.damianzimmermann.de\/blog\/wp-content\/uploads\/1-82-1-C.jpg\" class=\"attachment-large size-large\" alt=\"\" aria-describedby=\"gallery-1-17963\" srcset=\"https:\/\/www.damianzimmermann.de\/blog\/wp-content\/uploads\/1-82-1-C.jpg 696w, https:\/\/www.damianzimmermann.de\/blog\/wp-content\/uploads\/1-82-1-C-116x150.jpg 116w, https:\/\/www.damianzimmermann.de\/blog\/wp-content\/uploads\/1-82-1-C-309x400.jpg 309w\" sizes=\"auto, (max-width: 620px) 100vw, 620px\" \/>\n\t\t\t<\/dt>\n\t\t\t\t<dd class='wp-caption-text gallery-caption' id='gallery-1-17963'>\n\t\t\t\tCarole Serge, 1982, Stamm 1-82-1-C\n\t\t\t\t<\/dd><\/dl><br style=\"clear: both\" \/><dl class='gallery-item'>\n\t\t\t<dt class='gallery-icon portrait'>\n\t\t\t\t<img loading=\"lazy\" decoding=\"async\" width=\"620\" height=\"802\" src=\"https:\/\/www.damianzimmermann.de\/blog\/wp-content\/uploads\/1-88-1-C.jpg\" class=\"attachment-large size-large\" alt=\"\" aria-describedby=\"gallery-1-17964\" srcset=\"https:\/\/www.damianzimmermann.de\/blog\/wp-content\/uploads\/1-88-1-C.jpg 696w, https:\/\/www.damianzimmermann.de\/blog\/wp-content\/uploads\/1-88-1-C-116x150.jpg 116w, https:\/\/www.damianzimmermann.de\/blog\/wp-content\/uploads\/1-88-1-C-309x400.jpg 309w\" sizes=\"auto, (max-width: 620px) 100vw, 620px\" \/>\n\t\t\t<\/dt>\n\t\t\t\t<dd class='wp-caption-text gallery-caption' id='gallery-1-17964'>\n\t\t\t\tCarole Serge, 1988, Stamm 1-88-1-C\n\t\t\t\t<\/dd><\/dl><br style=\"clear: both\" \/><dl class='gallery-item'>\n\t\t\t<dt class='gallery-icon portrait'>\n\t\t\t\t<img loading=\"lazy\" decoding=\"async\" width=\"620\" height=\"802\" src=\"https:\/\/www.damianzimmermann.de\/blog\/wp-content\/uploads\/1-97-1-B.jpg\" class=\"attachment-large size-large\" alt=\"\" aria-describedby=\"gallery-1-17965\" srcset=\"https:\/\/www.damianzimmermann.de\/blog\/wp-content\/uploads\/1-97-1-B.jpg 696w, https:\/\/www.damianzimmermann.de\/blog\/wp-content\/uploads\/1-97-1-B-116x150.jpg 116w, https:\/\/www.damianzimmermann.de\/blog\/wp-content\/uploads\/1-97-1-B-309x400.jpg 309w\" sizes=\"auto, (max-width: 620px) 100vw, 620px\" \/>\n\t\t\t<\/dt>\n\t\t\t\t<dd class='wp-caption-text gallery-caption' id='gallery-1-17965'>\n\t\t\t\tSerge Carole, 1997, Stamm 1-97-1-B\n\t\t\t\t<\/dd><\/dl><br style=\"clear: both\" \/><dl class='gallery-item'>\n\t\t\t<dt class='gallery-icon portrait'>\n\t\t\t\t<img loading=\"lazy\" decoding=\"async\" width=\"620\" height=\"802\" src=\"https:\/\/www.damianzimmermann.de\/blog\/wp-content\/uploads\/1-2014-1-D.jpg\" class=\"attachment-large size-large\" alt=\"\" aria-describedby=\"gallery-1-17966\" srcset=\"https:\/\/www.damianzimmermann.de\/blog\/wp-content\/uploads\/1-2014-1-D.jpg 696w, https:\/\/www.damianzimmermann.de\/blog\/wp-content\/uploads\/1-2014-1-D-116x150.jpg 116w, https:\/\/www.damianzimmermann.de\/blog\/wp-content\/uploads\/1-2014-1-D-309x400.jpg 309w\" sizes=\"auto, (max-width: 620px) 100vw, 620px\" \/>\n\t\t\t<\/dt>\n\t\t\t\t<dd class='wp-caption-text gallery-caption' id='gallery-1-17966'>\n\t\t\t\tSerge Carole, 2014, Stamm 1-2014-1-D\n\t\t\t\t<\/dd><\/dl><br style=\"clear: both\" \/><dl class='gallery-item'>\n\t\t\t<dt class='gallery-icon portrait'>\n\t\t\t\t<img loading=\"lazy\" decoding=\"async\" width=\"620\" height=\"802\" src=\"https:\/\/www.damianzimmermann.de\/blog\/wp-content\/uploads\/As-Time-Goes-By_Stamm-4_82.jpg\" class=\"attachment-large size-large\" alt=\"\" aria-describedby=\"gallery-1-17962\" srcset=\"https:\/\/www.damianzimmermann.de\/blog\/wp-content\/uploads\/As-Time-Goes-By_Stamm-4_82.jpg 696w, https:\/\/www.damianzimmermann.de\/blog\/wp-content\/uploads\/As-Time-Goes-By_Stamm-4_82-116x150.jpg 116w, https:\/\/www.damianzimmermann.de\/blog\/wp-content\/uploads\/As-Time-Goes-By_Stamm-4_82-309x400.jpg 309w\" sizes=\"auto, (max-width: 620px) 100vw, 620px\" \/>\n\t\t\t<\/dt>\n\t\t\t\t<dd class='wp-caption-text gallery-caption' id='gallery-1-17962'>\n\t\t\t\tBeni Andi, 1982, Stamm 4_82\n\t\t\t\t<\/dd><\/dl><br style=\"clear: both\" \/><dl class='gallery-item'>\n\t\t\t<dt class='gallery-icon portrait'>\n\t\t\t\t<img loading=\"lazy\" decoding=\"async\" width=\"620\" height=\"802\" src=\"https:\/\/www.damianzimmermann.de\/blog\/wp-content\/uploads\/As-Time-Goes-By_Stamm-4_14.jpg\" class=\"attachment-large size-large\" alt=\"\" aria-describedby=\"gallery-1-17961\" srcset=\"https:\/\/www.damianzimmermann.de\/blog\/wp-content\/uploads\/As-Time-Goes-By_Stamm-4_14.jpg 696w, https:\/\/www.damianzimmermann.de\/blog\/wp-content\/uploads\/As-Time-Goes-By_Stamm-4_14-116x150.jpg 116w, https:\/\/www.damianzimmermann.de\/blog\/wp-content\/uploads\/As-Time-Goes-By_Stamm-4_14-309x400.jpg 309w\" sizes=\"auto, (max-width: 620px) 100vw, 620px\" \/>\n\t\t\t<\/dt>\n\t\t\t\t<dd class='wp-caption-text gallery-caption' id='gallery-1-17961'>\n\t\t\t\tBeni Charlotte Lou-Salom\u00e9 Natalie, 2014, Stamm 4_14\n\t\t\t\t<\/dd><\/dl><br style=\"clear: both\" \/><dl class='gallery-item'>\n\t\t\t<dt class='gallery-icon portrait'>\n\t\t\t\t<img loading=\"lazy\" decoding=\"async\" width=\"620\" height=\"802\" src=\"https:\/\/www.damianzimmermann.de\/blog\/wp-content\/uploads\/As-Time-Goes-By_Stamm-4_-14_2.jpg\" class=\"attachment-large size-large\" alt=\"\" aria-describedby=\"gallery-1-17960\" srcset=\"https:\/\/www.damianzimmermann.de\/blog\/wp-content\/uploads\/As-Time-Goes-By_Stamm-4_-14_2.jpg 696w, https:\/\/www.damianzimmermann.de\/blog\/wp-content\/uploads\/As-Time-Goes-By_Stamm-4_-14_2-116x150.jpg 116w, https:\/\/www.damianzimmermann.de\/blog\/wp-content\/uploads\/As-Time-Goes-By_Stamm-4_-14_2-309x400.jpg 309w\" sizes=\"auto, (max-width: 620px) 100vw, 620px\" \/>\n\t\t\t<\/dt>\n\t\t\t\t<dd class='wp-caption-text gallery-caption' id='gallery-1-17960'>\n\t\t\t\tAndrea Anna Leila Andi, 2014, Stamm 4_ 14_2\n\t\t\t\t<\/dd><\/dl><br style=\"clear: both\" \/>\n\t\t<\/div>\n\n","protected":false},"excerpt":{"rendered":"<p>Der Klappentext zu diesem Langzeitprojekt klingt spannend. Ambitioniert. Und hat mich sehr neugierig gemacht: Im Jahr 1982 hat die Schweizerin Barbara Davatz zw\u00f6lf Paare fotografiert, die verliebt, befreundet&#8230;<\/p>\n","protected":false},"author":1,"featured_media":17959,"comment_status":"closed","ping_status":"open","sticky":false,"template":"","format":"standard","meta":{"footnotes":""},"categories":[7],"tags":[1387,1523],"class_list":["post-17958","post","type-post","status-publish","format-standard","has-post-thumbnail","hentry","category-fotobuecher","tag-barbara-davatz","tag-paareprojekt"],"_links":{"self":[{"href":"https:\/\/www.damianzimmermann.de\/blog\/wp-json\/wp\/v2\/posts\/17958","targetHints":{"allow":["GET"]}}],"collection":[{"href":"https:\/\/www.damianzimmermann.de\/blog\/wp-json\/wp\/v2\/posts"}],"about":[{"href":"https:\/\/www.damianzimmermann.de\/blog\/wp-json\/wp\/v2\/types\/post"}],"author":[{"embeddable":true,"href":"https:\/\/www.damianzimmermann.de\/blog\/wp-json\/wp\/v2\/users\/1"}],"replies":[{"embeddable":true,"href":"https:\/\/www.damianzimmermann.de\/blog\/wp-json\/wp\/v2\/comments?post=17958"}],"version-history":[{"count":45,"href":"https:\/\/www.damianzimmermann.de\/blog\/wp-json\/wp\/v2\/posts\/17958\/revisions"}],"predecessor-version":[{"id":20156,"href":"https:\/\/www.damianzimmermann.de\/blog\/wp-json\/wp\/v2\/posts\/17958\/revisions\/20156"}],"wp:featuredmedia":[{"embeddable":true,"href":"https:\/\/www.damianzimmermann.de\/blog\/wp-json\/wp\/v2\/media\/17959"}],"wp:attachment":[{"href":"https:\/\/www.damianzimmermann.de\/blog\/wp-json\/wp\/v2\/media?parent=17958"}],"wp:term":[{"taxonomy":"category","embeddable":true,"href":"https:\/\/www.damianzimmermann.de\/blog\/wp-json\/wp\/v2\/categories?post=17958"},{"taxonomy":"post_tag","embeddable":true,"href":"https:\/\/www.damianzimmermann.de\/blog\/wp-json\/wp\/v2\/tags?post=17958"}],"curies":[{"name":"wp","href":"https:\/\/api.w.org\/{rel}","templated":true}]}}