{"id":17543,"date":"2015-09-14T19:46:05","date_gmt":"2015-09-14T17:46:05","guid":{"rendered":"http:\/\/www.damianzimmermann.de\/blog\/?p=17543"},"modified":"2019-03-23T10:18:07","modified_gmt":"2019-03-23T09:18:07","slug":"archiv-der-raume-von-margherita-spiluttini","status":"publish","type":"post","link":"https:\/\/www.damianzimmermann.de\/blog\/archiv-der-raume-von-margherita-spiluttini\/","title":{"rendered":"&#8222;Archiv der R\u00e4ume&#8220; von Margherita Spiluttini"},"content":{"rendered":"<p style=\"margin-bottom: 0cm;\">Die \u00d6sterreicherin <strong>Margherita Spiluttini<\/strong> geh\u00f6rt zu den bedeutendsten Architekturfotografinnen Europas, die aber nicht nur im angewandten, sondern auch im k\u00fcnstlerischen Kontext arbeitet. Ihre Fotos sind meist mehr als nur eine werbewirksame Wiedergabe des Gebauten, sie reflektieren auch die allt\u00e4gliche Umgebung und ihren eigenen, sehr subjektiven Eindruck wieder. In der retrospektiv angelegten Ausstellung &#8222;Das Archiv der R\u00e4ume&#8220;, zu sehen in der <strong>Photographischen Sammlung<\/strong> der SK Stiftung Kultur bekommt der Besucher einen \u00dcberblick bis zur\u00fcck in die 1980er Jahre ihres breiten Schaffens.<\/p>\n<p style=\"margin-bottom: 0cm;\">Zudem m\u00f6chte ich auf das Buch zur Ausstellung, erschienen im Verlag Fotohof (152 Seiten, 29 Euro), hinweisen. Mir pers\u00f6nlich fehlen einige Abbildungen bzw. Serien wie &#8222;Nach der Natur&#8220;, die in der Ausstellung zumindest angedeutet werden, aber das Buch ist dennoch empfehlenswert und sehr sch\u00f6n, klar und pr\u00e4zise gestaltet.<\/p>\n<p>Meine Besprechung aus dem K\u00f6lner Stadt-Anzeiger gibt es\u00a0<a href=\"https:\/\/www.damianzimmermann.de\/blog\/wp-content\/uploads\/280-Margherita-Spiluttini.pdf\">hier<\/a> als PDF.<\/p>\n<p>Links: <a href=\"http:\/\/www.sk-kultur.de\/inhalte\/themen\/die-photographische-sammlung\/\" target=\"_blank\" rel=\"noopener noreferrer\">Photographische Sammlung<\/a>, <a href=\"http:\/\/www.fotohof.at\/content.php?id=31&amp;buchid=887\" target=\"_blank\" rel=\"noopener noreferrer\">Fotohof<\/a><\/p>\n<p>Amazon: <a href=\"http:\/\/www.amazon.de\/gp\/product\/390299309X\/ref=as_li_tl?ie=UTF8&amp;camp=1638&amp;creative=6742&amp;creativeASIN=390299309X&amp;linkCode=as2&amp;tag=wwwdamianzimm-21\" target=\"_blank\" rel=\"noopener noreferrer\">MARGHERITA SPILUTTINI. Archiv der R\u00e4ume\/ Archive of Spaces<\/a><\/p>\n\n\t\t<style type=\"text\/css\">\n\t\t\t#gallery-1 {\n\t\t\t\tmargin: auto;\n\t\t\t}\n\t\t\t#gallery-1 .gallery-item {\n\t\t\t\tfloat: left;\n\t\t\t\tmargin-top: 10px;\n\t\t\t\ttext-align: center;\n\t\t\t\twidth: 100%;\n\t\t\t}\n\t\t\t#gallery-1 img {\n\t\t\t\tborder: 2px solid #cfcfcf;\n\t\t\t}\n\t\t\t#gallery-1 .gallery-caption {\n\t\t\t\tmargin-left: 0;\n\t\t\t}\n\t\t\t\/* see gallery_shortcode() in wp-includes\/media.php *\/\n\t\t<\/style>\n\t\t<div id='gallery-1' class='gallery galleryid-17543 gallery-columns-1 gallery-size-large'><dl class='gallery-item'>\n\t\t\t<dt class='gallery-icon portrait'>\n\t\t\t\t<img loading=\"lazy\" decoding=\"async\" width=\"400\" height=\"500\" src=\"https:\/\/www.damianzimmermann.de\/blog\/wp-content\/uploads\/Spiluttini-Cover.jpg\" class=\"attachment-large size-large\" alt=\"\" aria-describedby=\"gallery-1-17559\" srcset=\"https:\/\/www.damianzimmermann.de\/blog\/wp-content\/uploads\/Spiluttini-Cover.jpg 400w, https:\/\/www.damianzimmermann.de\/blog\/wp-content\/uploads\/Spiluttini-Cover-120x150.jpg 120w, https:\/\/www.damianzimmermann.de\/blog\/wp-content\/uploads\/Spiluttini-Cover-320x400.jpg 320w\" sizes=\"auto, (max-width: 400px) 100vw, 400px\" \/>\n\t\t\t<\/dt>\n\t\t\t\t<dd class='wp-caption-text gallery-caption' id='gallery-1-17559'>\n\t\t\t\tMargherita Spiluttini: &#8222;Archiv der R\u00e4ume&#8220; &#8211; Cover\n\t\t\t\t<\/dd><\/dl><br style=\"clear: both\" \/><dl class='gallery-item'>\n\t\t\t<dt class='gallery-icon landscape'>\n\t\t\t\t<img loading=\"lazy\" decoding=\"async\" width=\"620\" height=\"408\" src=\"https:\/\/www.damianzimmermann.de\/blog\/wp-content\/uploads\/n2955-27_Eternit.jpg\" class=\"attachment-large size-large\" alt=\"\" aria-describedby=\"gallery-1-17558\" srcset=\"https:\/\/www.damianzimmermann.de\/blog\/wp-content\/uploads\/n2955-27_Eternit.jpg 900w, https:\/\/www.damianzimmermann.de\/blog\/wp-content\/uploads\/n2955-27_Eternit-200x131.jpg 200w, https:\/\/www.damianzimmermann.de\/blog\/wp-content\/uploads\/n2955-27_Eternit-400x263.jpg 400w\" sizes=\"auto, (max-width: 620px) 100vw, 620px\" \/>\n\t\t\t<\/dt>\n\t\t\t\t<dd class='wp-caption-text gallery-caption' id='gallery-1-17558'>\n\t\t\t\tMargherita Spiluttini: aus der Serie: Eternit. Kulturgeschichte eines Baustoffes. Fotos 1984\u201392 \u00a9 Architekturzentrum Wien, Sammlung. Courtesy die K\u00fcnstlerin und Christine K\u00f6nig Galerie 2015 \n\t\t\t\t<\/dd><\/dl><br style=\"clear: both\" \/><dl class='gallery-item'>\n\t\t\t<dt class='gallery-icon landscape'>\n\t\t\t\t<img loading=\"lazy\" decoding=\"async\" width=\"620\" height=\"485\" src=\"https:\/\/www.damianzimmermann.de\/blog\/wp-content\/uploads\/5745-b_DAltenburg.jpg\" class=\"attachment-large size-large\" alt=\"\" aria-describedby=\"gallery-1-17554\" srcset=\"https:\/\/www.damianzimmermann.de\/blog\/wp-content\/uploads\/5745-b_DAltenburg.jpg 900w, https:\/\/www.damianzimmermann.de\/blog\/wp-content\/uploads\/5745-b_DAltenburg-191x150.jpg 191w, https:\/\/www.damianzimmermann.de\/blog\/wp-content\/uploads\/5745-b_DAltenburg-400x312.jpg 400w\" sizes=\"auto, (max-width: 620px) 100vw, 620px\" \/>\n\t\t\t<\/dt>\n\t\t\t\t<dd class='wp-caption-text gallery-caption' id='gallery-1-17554'>\n\t\t\t\tMargherita Spiluttini: Bad Deutsch-Altenburg (Hollitzer Baustoffwerke), A. Foto 1992 \u00a9 Architekturzentrum Wien, Sammlung. Courtesy die K\u00fcnstlerin und Christine K\u00f6nig Galerie 2015 \n\t\t\t\t<\/dd><\/dl><br style=\"clear: both\" \/><dl class='gallery-item'>\n\t\t\t<dt class='gallery-icon landscape'>\n\t\t\t\t<img loading=\"lazy\" decoding=\"async\" width=\"620\" height=\"486\" src=\"https:\/\/www.damianzimmermann.de\/blog\/wp-content\/uploads\/12584-a_Hadid-Schanze.jpg\" class=\"attachment-large size-large\" alt=\"\" aria-describedby=\"gallery-1-17555\" srcset=\"https:\/\/www.damianzimmermann.de\/blog\/wp-content\/uploads\/12584-a_Hadid-Schanze.jpg 900w, https:\/\/www.damianzimmermann.de\/blog\/wp-content\/uploads\/12584-a_Hadid-Schanze-191x150.jpg 191w, https:\/\/www.damianzimmermann.de\/blog\/wp-content\/uploads\/12584-a_Hadid-Schanze-400x313.jpg 400w\" sizes=\"auto, (max-width: 620px) 100vw, 620px\" \/>\n\t\t\t<\/dt>\n\t\t\t\t<dd class='wp-caption-text gallery-caption' id='gallery-1-17555'>\n\t\t\t\tMargherita Spiluttini: Bergisel Sprungschanze 06, Innsbruck, A, Zaha Hadid. Foto 2005 \u00a9 Architekturzentrum Wien, Sammlung. Courtesy die K\u00fcnstlerin und Christine K\u00f6nig Galerie 2015 \n\t\t\t\t<\/dd><\/dl><br style=\"clear: both\" \/><dl class='gallery-item'>\n\t\t\t<dt class='gallery-icon landscape'>\n\t\t\t\t<img loading=\"lazy\" decoding=\"async\" width=\"620\" height=\"497\" src=\"https:\/\/www.damianzimmermann.de\/blog\/wp-content\/uploads\/MaS-9829-b_24x30.JPG\" class=\"attachment-large size-large\" alt=\"\" aria-describedby=\"gallery-1-17556\" srcset=\"https:\/\/www.damianzimmermann.de\/blog\/wp-content\/uploads\/MaS-9829-b_24x30.JPG 900w, https:\/\/www.damianzimmermann.de\/blog\/wp-content\/uploads\/MaS-9829-b_24x30-186x150.jpg 186w, https:\/\/www.damianzimmermann.de\/blog\/wp-content\/uploads\/MaS-9829-b_24x30-400x320.jpg 400w\" sizes=\"auto, (max-width: 620px) 100vw, 620px\" \/>\n\t\t\t<\/dt>\n\t\t\t\t<dd class='wp-caption-text gallery-caption' id='gallery-1-17556'>\n\t\t\t\tMargherita Spiluttini: Arbeitszimmer von Margarete Sch\u00fctte-Lihotzky kurz nach ihrem Tod, Wien, A. Foto 2000 \u00a9 Architekturzentrum Wien, Sammlung. Courtesy die K\u00fcnstlerin und Christine K\u00f6nig Galerie 2015 \n\t\t\t\t<\/dd><\/dl><br style=\"clear: both\" \/><dl class='gallery-item'>\n\t\t\t<dt class='gallery-icon landscape'>\n\t\t\t\t<img loading=\"lazy\" decoding=\"async\" width=\"620\" height=\"497\" src=\"https:\/\/www.damianzimmermann.de\/blog\/wp-content\/uploads\/MaS-11676-b_24x30.JPG\" class=\"attachment-large size-large\" alt=\"\" aria-describedby=\"gallery-1-17557\" srcset=\"https:\/\/www.damianzimmermann.de\/blog\/wp-content\/uploads\/MaS-11676-b_24x30.JPG 900w, https:\/\/www.damianzimmermann.de\/blog\/wp-content\/uploads\/MaS-11676-b_24x30-186x150.jpg 186w, https:\/\/www.damianzimmermann.de\/blog\/wp-content\/uploads\/MaS-11676-b_24x30-400x320.jpg 400w\" sizes=\"auto, (max-width: 620px) 100vw, 620px\" \/>\n\t\t\t<\/dt>\n\t\t\t\t<dd class='wp-caption-text gallery-caption' id='gallery-1-17557'>\n\t\t\t\tMargherita Spiluttini: Helvetia Patria, St Gallen, CH, Herzog &#038; de Meuron. Foto 1996 \u00a9 Architekturzentrum Wien, Sammlung. Courtesy die K\u00fcnstlerin und Christine K\u00f6nig Galerie 2015 \n\t\t\t\t<\/dd><\/dl><br style=\"clear: both\" \/>\n\t\t<\/div>\n\n","protected":false},"excerpt":{"rendered":"<p>Die \u00d6sterreicherin Margherita Spiluttini geh\u00f6rt zu den bedeutendsten Architekturfotografinnen Europas, die aber nicht nur im angewandten, sondern auch im k\u00fcnstlerischen Kontext arbeitet. Ihre Fotos sind meist mehr als&#8230;<\/p>\n","protected":false},"author":1,"featured_media":17559,"comment_status":"closed","ping_status":"open","sticky":false,"template":"","format":"standard","meta":{"footnotes":""},"categories":[6,7],"tags":[1013],"class_list":["post-17543","post","type-post","status-publish","format-standard","has-post-thumbnail","hentry","category-ausstellungen","category-fotobuecher","tag-margherita-spiluttini"],"_links":{"self":[{"href":"https:\/\/www.damianzimmermann.de\/blog\/wp-json\/wp\/v2\/posts\/17543","targetHints":{"allow":["GET"]}}],"collection":[{"href":"https:\/\/www.damianzimmermann.de\/blog\/wp-json\/wp\/v2\/posts"}],"about":[{"href":"https:\/\/www.damianzimmermann.de\/blog\/wp-json\/wp\/v2\/types\/post"}],"author":[{"embeddable":true,"href":"https:\/\/www.damianzimmermann.de\/blog\/wp-json\/wp\/v2\/users\/1"}],"replies":[{"embeddable":true,"href":"https:\/\/www.damianzimmermann.de\/blog\/wp-json\/wp\/v2\/comments?post=17543"}],"version-history":[{"count":27,"href":"https:\/\/www.damianzimmermann.de\/blog\/wp-json\/wp\/v2\/posts\/17543\/revisions"}],"predecessor-version":[{"id":20173,"href":"https:\/\/www.damianzimmermann.de\/blog\/wp-json\/wp\/v2\/posts\/17543\/revisions\/20173"}],"wp:featuredmedia":[{"embeddable":true,"href":"https:\/\/www.damianzimmermann.de\/blog\/wp-json\/wp\/v2\/media\/17559"}],"wp:attachment":[{"href":"https:\/\/www.damianzimmermann.de\/blog\/wp-json\/wp\/v2\/media?parent=17543"}],"wp:term":[{"taxonomy":"category","embeddable":true,"href":"https:\/\/www.damianzimmermann.de\/blog\/wp-json\/wp\/v2\/categories?post=17543"},{"taxonomy":"post_tag","embeddable":true,"href":"https:\/\/www.damianzimmermann.de\/blog\/wp-json\/wp\/v2\/tags?post=17543"}],"curies":[{"name":"wp","href":"https:\/\/api.w.org\/{rel}","templated":true}]}}