{"id":17436,"date":"2015-06-26T15:27:14","date_gmt":"2015-06-26T13:27:14","guid":{"rendered":"http:\/\/www.damianzimmermann.de\/blog\/?p=17436"},"modified":"2019-03-23T10:21:30","modified_gmt":"2019-03-23T09:21:30","slug":"wenders-lindbergh-und-rakete-im-gesprach","status":"publish","type":"post","link":"https:\/\/www.damianzimmermann.de\/blog\/wenders-lindbergh-und-rakete-im-gesprach\/","title":{"rendered":"Wenders, Lindbergh und Rakete im Gespr\u00e4ch"},"content":{"rendered":"<p style=\"text-align: justify;\">Gestern Abend fand im <strong>Museum Kunstpalast<\/strong> in D\u00fcsseldorf das K\u00fcnstlergespr\u00e4ch zwischen <strong>Wim Wenders<\/strong> und <strong>Peter Lindbergh<\/strong>, moderiert von <strong>Jim Rakete<\/strong>, statt. Rund 800 Leute kamen zu diesem durchaus unterhaltsamen Abend mit den drei sehr unterschiedlichen Charakterk\u00f6pfen. Es gab viele nette Anekdoten und etwas Philosophie, aber leider auch einige Allgemeinpl\u00e4tze \u00fcber Fotografie (Wim Wenders: \u201eEine Kamera kann auch zeigen, was nicht auf dem Foto ist\u201c; Peter Lindbergh: \u201eSch\u00f6nheit ist heute, wenn jede Erfahrung aus dem Gesicht retuschiert wird und eine leere H\u00fclle \u00fcbrig bleibt, die \u00fcberall gleich aussieht.\u201c). Daf\u00fcr gab es dann ausgerechnet aus der Mode- und Werbestadt D\u00fcsseldorf Applaus.<\/p>\n<p style=\"text-align: justify;\">Ansonsten haben sich die \u00e4lteren Herren die meiste Zeit \u00fcber gegenseitig versichert, wie sehr sie die Arbeit des anderen sch\u00e4tzen. Wim Wenders klopfte oder streichelte Peter Lindbergh in sentimentalen Situationen st\u00e4ndig onkelhaft \u00fcber den Arm oder die Hand, Peter Lindbergh war in seiner Schlichtheit sehr erfrischend und erntete den gr\u00f6\u00dften Lacher, wo er ihn gar nicht haben wollte, und Jim Rakete versuchte als Moderator seine pers\u00f6nlichen Anekdoten und Fragen unterzubringen, die dann doch h\u00e4ufig nur den Star-Status der beiden untermauerten. Das Wohlf\u00fchlprogramm eben.<\/p>\n<p style=\"text-align: justify;\">Vermisst habe ich allerdings, dass einige Behauptungen einfach stehen gelassen wurden. So sagte Wenders sinngem\u00e4\u00df, dass er in seinen Landschaftsfotografien die Wahrheit zeige und er gleichzeitig die nachkommende Fotografen-Generation bedauere, \u201eweil unsere Welt heute so viel komplexer\/komplizierter geworden ist, dass man die Wahrheit darin kaum noch finden kann.\u201c Da h\u00e4tte man doch prima nachhaken k\u00f6nnen, ob Wenders tats\u00e4chlich der Meinung sei, er k\u00f6nne in seinen Landschaftsfotografien die Wahrheit zeigen (oder ob nicht jede Fotografie immer auch die Wahrheit des Fotografen zeigt) und ob es die nachfolgende Generation deshalb nicht genauso leicht oder schwer habe wie die Generationen davor?<\/p>\n<p style=\"text-align: justify;\">Insgesamt war es ein unterhaltsamer Abend, der inhaltlich aber nicht so viel bot wie beispielsweise die <a href=\"https:\/\/www.damianzimmermann.de\/blog\/?p=11351\" target=\"_blank\" rel=\"noopener noreferrer\">Podiumsdiskussion drei Jahre zuvor<\/a> mit <strong>Andreas Gursky<\/strong>, <strong>Hilla Becher<\/strong>, <strong>Michael Schmidt<\/strong>, <strong>Moritz Wegwerth<\/strong>, <strong>Annette Kelm<\/strong>, <strong>Beat Wismer<\/strong> und <strong>Thomas Weski<\/strong>. Ich bin aber auf jeden Fall schon einmal auf die n\u00e4chste Veranstaltung gespannt!<\/p>\n<p style=\"text-align: justify;\">Die Ausstellung &#8222;4 Real &amp; True 2&#8220; von Wim Wenders ist noch bis zum 16. August im Museum Kunstpalast, D\u00fcsseldorf, zu sehen.<\/p>\n<p style=\"text-align: justify;\">Link: <a href=\"http:\/\/www.smkp.de\/\" target=\"_blank\" rel=\"noopener noreferrer\">Museum Kunstpalast<\/a><\/p>\n<div id=\"attachment_17444\" style=\"width: 760px\" class=\"wp-caption aligncenter\"><a href=\"https:\/\/www.damianzimmermann.de\/blog\/wp-content\/uploads\/DSC5442.jpg\"><img loading=\"lazy\" decoding=\"async\" aria-describedby=\"caption-attachment-17444\" class=\"wp-image-17444\" title=\"Podiumsgespr\u00e4ch mit Jim Rakete (l.), Peter Lindbergh (M.) und Wim Wenders (r.). Foto: Damian Zimmermann\" src=\"https:\/\/www.damianzimmermann.de\/blog\/wp-content\/uploads\/DSC5442.jpg\" alt=\"Podiumsgespr\u00e4ch mit Jim Rakete (l.), Peter Lindbergh (M.) und Wim Wenders (r.). Foto: Damian Zimmermann\" width=\"750\" height=\"416\" srcset=\"https:\/\/www.damianzimmermann.de\/blog\/wp-content\/uploads\/DSC5442.jpg 1000w, https:\/\/www.damianzimmermann.de\/blog\/wp-content\/uploads\/DSC5442-200x111.jpg 200w, https:\/\/www.damianzimmermann.de\/blog\/wp-content\/uploads\/DSC5442-400x222.jpg 400w\" sizes=\"auto, (max-width: 750px) 100vw, 750px\" \/><\/a><p id=\"caption-attachment-17444\" class=\"wp-caption-text\">Podiumsgespr\u00e4ch mit Jim Rakete (l.), Peter Lindbergh (M.) und Wim Wenders (r.). Foto: Damian Zimmermann<\/p><\/div>\n","protected":false},"excerpt":{"rendered":"<p>Gestern Abend fand im Museum Kunstpalast in D\u00fcsseldorf das K\u00fcnstlergespr\u00e4ch zwischen Wim Wenders und Peter Lindbergh, moderiert von Jim Rakete, statt. Rund 800 Leute kamen zu diesem durchaus&#8230;<\/p>\n","protected":false},"author":1,"featured_media":17444,"comment_status":"closed","ping_status":"open","sticky":false,"template":"","format":"standard","meta":{"footnotes":""},"categories":[1],"tags":[41,928,958,979,1296,790,980,616,686,644],"class_list":["post-17436","post","type-post","status-publish","format-standard","has-post-thumbnail","hentry","category-allgemein","tag-andreas-gursky","tag-annette-kelm","tag-beat-wismer","tag-hilla-becher","tag-jim-rakete","tag-michael-schmidt","tag-moritz-wegwerth","tag-peter-lindbergh","tag-thomas-weski","tag-wim-wenders"],"_links":{"self":[{"href":"https:\/\/www.damianzimmermann.de\/blog\/wp-json\/wp\/v2\/posts\/17436","targetHints":{"allow":["GET"]}}],"collection":[{"href":"https:\/\/www.damianzimmermann.de\/blog\/wp-json\/wp\/v2\/posts"}],"about":[{"href":"https:\/\/www.damianzimmermann.de\/blog\/wp-json\/wp\/v2\/types\/post"}],"author":[{"embeddable":true,"href":"https:\/\/www.damianzimmermann.de\/blog\/wp-json\/wp\/v2\/users\/1"}],"replies":[{"embeddable":true,"href":"https:\/\/www.damianzimmermann.de\/blog\/wp-json\/wp\/v2\/comments?post=17436"}],"version-history":[{"count":35,"href":"https:\/\/www.damianzimmermann.de\/blog\/wp-json\/wp\/v2\/posts\/17436\/revisions"}],"predecessor-version":[{"id":20180,"href":"https:\/\/www.damianzimmermann.de\/blog\/wp-json\/wp\/v2\/posts\/17436\/revisions\/20180"}],"wp:featuredmedia":[{"embeddable":true,"href":"https:\/\/www.damianzimmermann.de\/blog\/wp-json\/wp\/v2\/media\/17444"}],"wp:attachment":[{"href":"https:\/\/www.damianzimmermann.de\/blog\/wp-json\/wp\/v2\/media?parent=17436"}],"wp:term":[{"taxonomy":"category","embeddable":true,"href":"https:\/\/www.damianzimmermann.de\/blog\/wp-json\/wp\/v2\/categories?post=17436"},{"taxonomy":"post_tag","embeddable":true,"href":"https:\/\/www.damianzimmermann.de\/blog\/wp-json\/wp\/v2\/tags?post=17436"}],"curies":[{"name":"wp","href":"https:\/\/api.w.org\/{rel}","templated":true}]}}