{"id":16680,"date":"2014-12-06T15:03:08","date_gmt":"2014-12-06T14:03:08","guid":{"rendered":"http:\/\/www.damianzimmermann.de\/blog\/?p=16680"},"modified":"2019-03-24T14:13:50","modified_gmt":"2019-03-24T13:13:50","slug":"die-berliner-mauer-von-p-bosel-und-b-maus","status":"publish","type":"post","link":"https:\/\/www.damianzimmermann.de\/blog\/die-berliner-mauer-von-p-bosel-und-b-maus\/","title":{"rendered":"&#8222;Die Berliner Mauer&#8220; von P. B\u00f6sel und B. Maus"},"content":{"rendered":"<p>Streng, seriell, sachlich, schwarzwei\u00df &#8211; mit diesen vier S habe ich das Projekt &#8222;Die Berliner Mauer 1984 von Westen aus gesehen&#8220; zusammengefasst und es damit zugleich als &#8222;typisch deutsch&#8220; in der Umsetzung beschrieben. Aber genau deshalb funktioniert es meiner Meinung nach auch so gut.<\/p>\n<p style=\"margin-bottom: 0cm;\">Worum geht es? Vor 30 Jahren haben <strong>Philipp J. B\u00f6sel<\/strong> und <strong>Burkhard Maus<\/strong> gemeinsam die komplette westdeutsche Seite der Berliner Mauer abfotografiert. 30 Jahre sp\u00e4ter und 25 Jahre nach dem Fall der Mauer wurden diese Fotos nun als Buch ver\u00f6ffentlicht. Es ist im <strong>Verlag Kettler<\/strong> erschienen, hat 192 Seiten mit insgesamt 1144 Fotografien und kostet 75 Euro. Jedem Buch liegt zudem ein Print bei &#8211; so wird der K\u00e4ufer fast zum Berlin-Touristen, der sich von Souvenirh\u00e4ndlern ein St\u00fcck Mauer mit nach Hause nimmt. Allerdings mit dem Unterschied, dass man sich hier sicher sein kann, dass es \u201eecht\u201c ist.<\/p>\n<p>Meine Besprechung aus der <strong>Photonews <\/strong>gibt es\u00a0<a href=\"https:\/\/www.damianzimmermann.de\/blog\/wp-content\/uploads\/PHOTONEWS_12-14-1-15_S._24.pdf\" target=\"_blank\" rel=\"noopener noreferrer\">hier<\/a> als PDF.<\/p>\n<p>Link: <a href=\"http:\/\/www.verlag-kettler.de\/programm\/die-berliner-mauer-1984-von-westen-aus-gesehen\" target=\"_blank\" rel=\"noopener noreferrer\">Kettler<\/a><\/p>\n\n\t\t<style type=\"text\/css\">\n\t\t\t#gallery-1 {\n\t\t\t\tmargin: auto;\n\t\t\t}\n\t\t\t#gallery-1 .gallery-item {\n\t\t\t\tfloat: left;\n\t\t\t\tmargin-top: 10px;\n\t\t\t\ttext-align: center;\n\t\t\t\twidth: 100%;\n\t\t\t}\n\t\t\t#gallery-1 img {\n\t\t\t\tborder: 2px solid #cfcfcf;\n\t\t\t}\n\t\t\t#gallery-1 .gallery-caption {\n\t\t\t\tmargin-left: 0;\n\t\t\t}\n\t\t\t\/* see gallery_shortcode() in wp-includes\/media.php *\/\n\t\t<\/style>\n\t\t<div id='gallery-1' class='gallery galleryid-16680 gallery-columns-1 gallery-size-large'><dl class='gallery-item'>\n\t\t\t<dt class='gallery-icon portrait'>\n\t\t\t\t<img loading=\"lazy\" decoding=\"async\" width=\"620\" height=\"709\" src=\"https:\/\/www.damianzimmermann.de\/blog\/wp-content\/uploads\/Cover15.jpg\" class=\"attachment-large size-large\" alt=\"\" aria-describedby=\"gallery-1-16689\" srcset=\"https:\/\/www.damianzimmermann.de\/blog\/wp-content\/uploads\/Cover15.jpg 787w, https:\/\/www.damianzimmermann.de\/blog\/wp-content\/uploads\/Cover15-131x150.jpg 131w, https:\/\/www.damianzimmermann.de\/blog\/wp-content\/uploads\/Cover15-349x400.jpg 349w\" sizes=\"auto, (max-width: 620px) 100vw, 620px\" \/>\n\t\t\t<\/dt>\n\t\t\t\t<dd class='wp-caption-text gallery-caption' id='gallery-1-16689'>\n\t\t\t\tCover von &#8222;Die vermessene Mauer \/Die Berliner Mauer 1984 von Westen aus gesehen&#8220;\n\t\t\t\t<\/dd><\/dl><br style=\"clear: both\" \/><dl class='gallery-item'>\n\t\t\t<dt class='gallery-icon landscape'>\n\t\t\t\t<img loading=\"lazy\" decoding=\"async\" width=\"620\" height=\"394\" src=\"https:\/\/www.damianzimmermann.de\/blog\/wp-content\/uploads\/Die-Berliner-Mauer-Buchseite.jpg\" class=\"attachment-large size-large\" alt=\"\" aria-describedby=\"gallery-1-16690\" srcset=\"https:\/\/www.damianzimmermann.de\/blog\/wp-content\/uploads\/Die-Berliner-Mauer-Buchseite.jpg 1000w, https:\/\/www.damianzimmermann.de\/blog\/wp-content\/uploads\/Die-Berliner-Mauer-Buchseite-200x127.jpg 200w, https:\/\/www.damianzimmermann.de\/blog\/wp-content\/uploads\/Die-Berliner-Mauer-Buchseite-400x254.jpg 400w\" sizes=\"auto, (max-width: 620px) 100vw, 620px\" \/>\n\t\t\t<\/dt>\n\t\t\t\t<dd class='wp-caption-text gallery-caption' id='gallery-1-16690'>\n\t\t\t\tDie vermessene Mauer \/Die Berliner Mauer 1984 von Westen aus gesehen&#8220;\n\t\t\t\t<\/dd><\/dl><br style=\"clear: both\" \/><dl class='gallery-item'>\n\t\t\t<dt class='gallery-icon landscape'>\n\t\t\t\t<img loading=\"lazy\" decoding=\"async\" width=\"620\" height=\"469\" src=\"https:\/\/www.damianzimmermann.de\/blog\/wp-content\/uploads\/1984-12_25.jpg\" class=\"attachment-large size-large\" alt=\"\" aria-describedby=\"gallery-1-16706\" srcset=\"https:\/\/www.damianzimmermann.de\/blog\/wp-content\/uploads\/1984-12_25.jpg 900w, https:\/\/www.damianzimmermann.de\/blog\/wp-content\/uploads\/1984-12_25-198x150.jpg 198w, https:\/\/www.damianzimmermann.de\/blog\/wp-content\/uploads\/1984-12_25-400x302.jpg 400w\" sizes=\"auto, (max-width: 620px) 100vw, 620px\" \/>\n\t\t\t<\/dt>\n\t\t\t\t<dd class='wp-caption-text gallery-caption' id='gallery-1-16706'>\n\t\t\t\tDie vermessene Mauer \/ Die Berliner Mauer 1984 von Westen aus gesehen&#8220;\n\t\t\t\t<\/dd><\/dl><br style=\"clear: both\" \/><dl class='gallery-item'>\n\t\t\t<dt class='gallery-icon landscape'>\n\t\t\t\t<img loading=\"lazy\" decoding=\"async\" width=\"620\" height=\"466\" src=\"https:\/\/www.damianzimmermann.de\/blog\/wp-content\/uploads\/1984-07_14.jpg\" class=\"attachment-large size-large\" alt=\"\" aria-describedby=\"gallery-1-16703\" srcset=\"https:\/\/www.damianzimmermann.de\/blog\/wp-content\/uploads\/1984-07_14.jpg 900w, https:\/\/www.damianzimmermann.de\/blog\/wp-content\/uploads\/1984-07_14-199x150.jpg 199w, https:\/\/www.damianzimmermann.de\/blog\/wp-content\/uploads\/1984-07_14-400x300.jpg 400w\" sizes=\"auto, (max-width: 620px) 100vw, 620px\" \/>\n\t\t\t<\/dt>\n\t\t\t\t<dd class='wp-caption-text gallery-caption' id='gallery-1-16703'>\n\t\t\t\tDie vermessene Mauer \/ Die Berliner Mauer 1984 von Westen aus gesehen&#8220;\n\t\t\t\t<\/dd><\/dl><br style=\"clear: both\" \/><dl class='gallery-item'>\n\t\t\t<dt class='gallery-icon landscape'>\n\t\t\t\t<img loading=\"lazy\" decoding=\"async\" width=\"620\" height=\"471\" src=\"https:\/\/www.damianzimmermann.de\/blog\/wp-content\/uploads\/1984-14_03.jpg\" class=\"attachment-large size-large\" alt=\"\" aria-describedby=\"gallery-1-16707\" srcset=\"https:\/\/www.damianzimmermann.de\/blog\/wp-content\/uploads\/1984-14_03.jpg 900w, https:\/\/www.damianzimmermann.de\/blog\/wp-content\/uploads\/1984-14_03-197x150.jpg 197w, https:\/\/www.damianzimmermann.de\/blog\/wp-content\/uploads\/1984-14_03-400x303.jpg 400w\" sizes=\"auto, (max-width: 620px) 100vw, 620px\" \/>\n\t\t\t<\/dt>\n\t\t\t\t<dd class='wp-caption-text gallery-caption' id='gallery-1-16707'>\n\t\t\t\tDie vermessene Mauer \/ Die Berliner Mauer 1984 von Westen aus gesehen&#8220;\n\t\t\t\t<\/dd><\/dl><br style=\"clear: both\" \/><dl class='gallery-item'>\n\t\t\t<dt class='gallery-icon landscape'>\n\t\t\t\t<img loading=\"lazy\" decoding=\"async\" width=\"620\" height=\"467\" src=\"https:\/\/www.damianzimmermann.de\/blog\/wp-content\/uploads\/1984-14_04.jpg\" class=\"attachment-large size-large\" alt=\"\" aria-describedby=\"gallery-1-16708\" srcset=\"https:\/\/www.damianzimmermann.de\/blog\/wp-content\/uploads\/1984-14_04.jpg 900w, https:\/\/www.damianzimmermann.de\/blog\/wp-content\/uploads\/1984-14_04-199x150.jpg 199w, https:\/\/www.damianzimmermann.de\/blog\/wp-content\/uploads\/1984-14_04-400x301.jpg 400w\" sizes=\"auto, (max-width: 620px) 100vw, 620px\" \/>\n\t\t\t<\/dt>\n\t\t\t\t<dd class='wp-caption-text gallery-caption' id='gallery-1-16708'>\n\t\t\t\tDie vermessene Mauer \/ Die Berliner Mauer 1984 von Westen aus gesehen&#8220;\n\t\t\t\t<\/dd><\/dl><br style=\"clear: both\" \/><dl class='gallery-item'>\n\t\t\t<dt class='gallery-icon landscape'>\n\t\t\t\t<img loading=\"lazy\" decoding=\"async\" width=\"620\" height=\"468\" src=\"https:\/\/www.damianzimmermann.de\/blog\/wp-content\/uploads\/1984-10_14.jpg\" class=\"attachment-large size-large\" alt=\"\" aria-describedby=\"gallery-1-16704\" srcset=\"https:\/\/www.damianzimmermann.de\/blog\/wp-content\/uploads\/1984-10_14.jpg 900w, https:\/\/www.damianzimmermann.de\/blog\/wp-content\/uploads\/1984-10_14-198x150.jpg 198w, https:\/\/www.damianzimmermann.de\/blog\/wp-content\/uploads\/1984-10_14-400x301.jpg 400w\" sizes=\"auto, (max-width: 620px) 100vw, 620px\" \/>\n\t\t\t<\/dt>\n\t\t\t\t<dd class='wp-caption-text gallery-caption' id='gallery-1-16704'>\n\t\t\t\tDie vermessene Mauer \/ Die Berliner Mauer 1984 von Westen aus gesehen&#8220;\n\t\t\t\t<\/dd><\/dl><br style=\"clear: both\" \/><dl class='gallery-item'>\n\t\t\t<dt class='gallery-icon landscape'>\n\t\t\t\t<img loading=\"lazy\" decoding=\"async\" width=\"620\" height=\"467\" src=\"https:\/\/www.damianzimmermann.de\/blog\/wp-content\/uploads\/1984-10_15.jpg\" class=\"attachment-large size-large\" alt=\"\" aria-describedby=\"gallery-1-16705\" srcset=\"https:\/\/www.damianzimmermann.de\/blog\/wp-content\/uploads\/1984-10_15.jpg 900w, https:\/\/www.damianzimmermann.de\/blog\/wp-content\/uploads\/1984-10_15-199x150.jpg 199w, https:\/\/www.damianzimmermann.de\/blog\/wp-content\/uploads\/1984-10_15-400x301.jpg 400w\" sizes=\"auto, (max-width: 620px) 100vw, 620px\" \/>\n\t\t\t<\/dt>\n\t\t\t\t<dd class='wp-caption-text gallery-caption' id='gallery-1-16705'>\n\t\t\t\tDie vermessene Mauer \/ Die Berliner Mauer 1984 von Westen aus gesehen&#8220;\n\t\t\t\t<\/dd><\/dl><br style=\"clear: both\" \/><dl class='gallery-item'>\n\t\t\t<dt class='gallery-icon landscape'>\n\t\t\t\t<img loading=\"lazy\" decoding=\"async\" width=\"620\" height=\"453\" src=\"https:\/\/www.damianzimmermann.de\/blog\/wp-content\/uploads\/1984-36_19.jpg\" class=\"attachment-large size-large\" alt=\"\" aria-describedby=\"gallery-1-16701\" srcset=\"https:\/\/www.damianzimmermann.de\/blog\/wp-content\/uploads\/1984-36_19.jpg 900w, https:\/\/www.damianzimmermann.de\/blog\/wp-content\/uploads\/1984-36_19-200x146.jpg 200w, https:\/\/www.damianzimmermann.de\/blog\/wp-content\/uploads\/1984-36_19-400x292.jpg 400w\" sizes=\"auto, (max-width: 620px) 100vw, 620px\" \/>\n\t\t\t<\/dt>\n\t\t\t\t<dd class='wp-caption-text gallery-caption' id='gallery-1-16701'>\n\t\t\t\tDie vermessene Mauer \/ Die Berliner Mauer 1984 von Westen aus gesehen&#8220;\n\t\t\t\t<\/dd><\/dl><br style=\"clear: both\" \/><dl class='gallery-item'>\n\t\t\t<dt class='gallery-icon landscape'>\n\t\t\t\t<img loading=\"lazy\" decoding=\"async\" width=\"620\" height=\"453\" src=\"https:\/\/www.damianzimmermann.de\/blog\/wp-content\/uploads\/1984-03_08.jpg\" class=\"attachment-large size-large\" alt=\"\" aria-describedby=\"gallery-1-16702\" srcset=\"https:\/\/www.damianzimmermann.de\/blog\/wp-content\/uploads\/1984-03_08.jpg 900w, https:\/\/www.damianzimmermann.de\/blog\/wp-content\/uploads\/1984-03_08-200x146.jpg 200w, https:\/\/www.damianzimmermann.de\/blog\/wp-content\/uploads\/1984-03_08-400x292.jpg 400w\" sizes=\"auto, (max-width: 620px) 100vw, 620px\" \/>\n\t\t\t<\/dt>\n\t\t\t\t<dd class='wp-caption-text gallery-caption' id='gallery-1-16702'>\n\t\t\t\tDie vermessene Mauer \/ Die Berliner Mauer 1984 von Westen aus gesehen&#8220;\n\t\t\t\t<\/dd><\/dl><br style=\"clear: both\" \/>\n\t\t<\/div>\n\n","protected":false},"excerpt":{"rendered":"<p>Streng, seriell, sachlich, schwarzwei\u00df &#8211; mit diesen vier S habe ich das Projekt &#8222;Die Berliner Mauer 1984 von Westen aus gesehen&#8220; zusammengefasst und es damit zugleich als &#8222;typisch&#8230;<\/p>\n","protected":false},"author":1,"featured_media":16689,"comment_status":"closed","ping_status":"open","sticky":false,"template":"","format":"standard","meta":{"footnotes":""},"categories":[7],"tags":[1252,1253],"class_list":["post-16680","post","type-post","status-publish","format-standard","has-post-thumbnail","hentry","category-fotobuecher","tag-burkhard-maus","tag-philipp-j-bosel"],"_links":{"self":[{"href":"https:\/\/www.damianzimmermann.de\/blog\/wp-json\/wp\/v2\/posts\/16680","targetHints":{"allow":["GET"]}}],"collection":[{"href":"https:\/\/www.damianzimmermann.de\/blog\/wp-json\/wp\/v2\/posts"}],"about":[{"href":"https:\/\/www.damianzimmermann.de\/blog\/wp-json\/wp\/v2\/types\/post"}],"author":[{"embeddable":true,"href":"https:\/\/www.damianzimmermann.de\/blog\/wp-json\/wp\/v2\/users\/1"}],"replies":[{"embeddable":true,"href":"https:\/\/www.damianzimmermann.de\/blog\/wp-json\/wp\/v2\/comments?post=16680"}],"version-history":[{"count":25,"href":"https:\/\/www.damianzimmermann.de\/blog\/wp-json\/wp\/v2\/posts\/16680\/revisions"}],"predecessor-version":[{"id":20203,"href":"https:\/\/www.damianzimmermann.de\/blog\/wp-json\/wp\/v2\/posts\/16680\/revisions\/20203"}],"wp:featuredmedia":[{"embeddable":true,"href":"https:\/\/www.damianzimmermann.de\/blog\/wp-json\/wp\/v2\/media\/16689"}],"wp:attachment":[{"href":"https:\/\/www.damianzimmermann.de\/blog\/wp-json\/wp\/v2\/media?parent=16680"}],"wp:term":[{"taxonomy":"category","embeddable":true,"href":"https:\/\/www.damianzimmermann.de\/blog\/wp-json\/wp\/v2\/categories?post=16680"},{"taxonomy":"post_tag","embeddable":true,"href":"https:\/\/www.damianzimmermann.de\/blog\/wp-json\/wp\/v2\/tags?post=16680"}],"curies":[{"name":"wp","href":"https:\/\/api.w.org\/{rel}","templated":true}]}}