{"id":16441,"date":"2014-10-31T16:46:04","date_gmt":"2014-10-31T15:46:04","guid":{"rendered":"http:\/\/www.damianzimmermann.de\/blog\/?p=16441"},"modified":"2019-03-24T14:18:57","modified_gmt":"2019-03-24T13:18:57","slug":"wandbilder-und-portrats-von-richard-avedon","status":"publish","type":"post","link":"https:\/\/www.damianzimmermann.de\/blog\/wandbilder-und-portrats-von-richard-avedon\/","title":{"rendered":"&#8222;Wandbilder und Portr\u00e4ts&#8220; von Richard Avedon"},"content":{"rendered":"<p style=\"margin-bottom: 0cm; font-weight: normal;\"><strong>Richard Avedon<\/strong> hat zahlreiche gro\u00dfartige B\u00fccher in seinem Leben ver\u00f6ffentlicht. Zehn Jahre nach seinem Tod ist nun im <strong>Hirmer Verlag<\/strong> die erste deutschsprachige Publikation erschienen, die seine vier legend\u00e4ren Wandbilder beinhaltet: Zwischen 1969 und 1971 schuf Avedon diese monumentalen, vielfigurigen Portr\u00e4ts von Aktivisten der Friedens- und B\u00fcrgerrechtsbewegung, der Familie von <strong>Allen Ginsberg<\/strong>, <strong>Andy Warhols<\/strong> Factory sowie der Funktion\u00e4re des Vietnamkriegs. Da er diese Wandbilder aus zwei bis f\u00fcnf Einzelaufnahmen mit den f\u00fcr Avedon typischen Negativrahmen zu mitunter riesigen Panoramen zusammengesetzt hat (die Funktion\u00e4re des Vietnamkriegs sind zusammen zehn Meter lang!), werden sie in dem Buch entsprechend als Klapptafeln pr\u00e4sentiert, wobei ganz besonders das Familienportr\u00e4t der Ginsberg ein einziger visueller Genuss ist.<\/p>\n<p>Da man mit vier Klapptafeln alleine aber kein Buch f\u00fcllen kann, wurde es um bekannte Portr\u00e4ts erg\u00e4nzt. Unter anderem sehen wir Teile aus \u201eIn the American West\u201c, ersch\u00fctternde Aufnahmen aus der Psychatrie, aber auch Portr\u00e4ts von B\u00fcrgerrechtlern und K\u00fcnstlern wie jenes einer v\u00f6llig abwesend erscheinenden Marilyn Monroe. &#8222;Wandbilder und Portr\u00e4ts&#8220; (262 Seiten, 59 Euro) ist ein wunderbares Buch &#8211; aber an Richard Avedon kann ich mich ohnehin nicht sattsehen.<\/p>\n<p>Link: <a href=\"http:\/\/www.hirmerverlag.de\/de\/titel-1-1\/richard_avedon-1116\/\" target=\"_blank\" rel=\"noopener noreferrer\">Hirmer<\/a><\/p>\n\n\t\t<style type=\"text\/css\">\n\t\t\t#gallery-1 {\n\t\t\t\tmargin: auto;\n\t\t\t}\n\t\t\t#gallery-1 .gallery-item {\n\t\t\t\tfloat: left;\n\t\t\t\tmargin-top: 10px;\n\t\t\t\ttext-align: center;\n\t\t\t\twidth: 100%;\n\t\t\t}\n\t\t\t#gallery-1 img {\n\t\t\t\tborder: 2px solid #cfcfcf;\n\t\t\t}\n\t\t\t#gallery-1 .gallery-caption {\n\t\t\t\tmargin-left: 0;\n\t\t\t}\n\t\t\t\/* see gallery_shortcode() in wp-includes\/media.php *\/\n\t\t<\/style>\n\t\t<div id='gallery-1' class='gallery galleryid-16441 gallery-columns-1 gallery-size-large'><dl class='gallery-item'>\n\t\t\t<dt class='gallery-icon portrait'>\n\t\t\t\t<img loading=\"lazy\" decoding=\"async\" width=\"620\" height=\"778\" src=\"https:\/\/www.damianzimmermann.de\/blog\/wp-content\/uploads\/cover3.jpg\" class=\"attachment-large size-large\" alt=\"\" aria-describedby=\"gallery-1-16451\" srcset=\"https:\/\/www.damianzimmermann.de\/blog\/wp-content\/uploads\/cover3.jpg 717w, https:\/\/www.damianzimmermann.de\/blog\/wp-content\/uploads\/cover3-119x150.jpg 119w, https:\/\/www.damianzimmermann.de\/blog\/wp-content\/uploads\/cover3-318x400.jpg 318w\" sizes=\"auto, (max-width: 620px) 100vw, 620px\" \/>\n\t\t\t<\/dt>\n\t\t\t\t<dd class='wp-caption-text gallery-caption' id='gallery-1-16451'>\n\t\t\t\tRichard Avedon: &#8222;Wandbilder und Portr\u00e4ts&#8220; &#8211; Cover\n\t\t\t\t<\/dd><\/dl><br style=\"clear: both\" \/><dl class='gallery-item'>\n\t\t\t<dt class='gallery-icon landscape'>\n\t\t\t\t<img loading=\"lazy\" decoding=\"async\" width=\"620\" height=\"497\" src=\"https:\/\/www.damianzimmermann.de\/blog\/wp-content\/uploads\/68127_104086.jpg\" class=\"attachment-large size-large\" alt=\"\" aria-describedby=\"gallery-1-16450\" srcset=\"https:\/\/www.damianzimmermann.de\/blog\/wp-content\/uploads\/68127_104086.jpg 900w, https:\/\/www.damianzimmermann.de\/blog\/wp-content\/uploads\/68127_104086-187x150.jpg 187w, https:\/\/www.damianzimmermann.de\/blog\/wp-content\/uploads\/68127_104086-400x320.jpg 400w\" sizes=\"auto, (max-width: 620px) 100vw, 620px\" \/>\n\t\t\t<\/dt>\n\t\t\t\t<dd class='wp-caption-text gallery-caption' id='gallery-1-16450'>\n\t\t\t\tRichard Avedon: \u201eAndy Warhol und Mitglieder der Factory: Andy Warhol, K\u00fcnstler; Paul Morrissey, Regisseur; Joe Dallesandro, Schauspieler; Candy Darling,  Schauspieler; Candy Darling,  Schauspieler; New York, 21.  Mai 1970&#8243;, Sammlung Udo und Anette Brandhorst  \u00a9 The Richard Avedon Foundation\n\t\t\t\t<\/dd><\/dl><br style=\"clear: both\" \/><dl class='gallery-item'>\n\t\t\t<dt class='gallery-icon landscape'>\n\t\t\t\t<img loading=\"lazy\" decoding=\"async\" width=\"620\" height=\"387\" src=\"https:\/\/www.damianzimmermann.de\/blog\/wp-content\/uploads\/68127_104031.jpg\" class=\"attachment-large size-large\" alt=\"\" aria-describedby=\"gallery-1-16449\" srcset=\"https:\/\/www.damianzimmermann.de\/blog\/wp-content\/uploads\/68127_104031.jpg 900w, https:\/\/www.damianzimmermann.de\/blog\/wp-content\/uploads\/68127_104031-200x124.jpg 200w, https:\/\/www.damianzimmermann.de\/blog\/wp-content\/uploads\/68127_104031-400x249.jpg 400w\" sizes=\"auto, (max-width: 620px) 100vw, 620px\" \/>\n\t\t\t<\/dt>\n\t\t\t\t<dd class='wp-caption-text gallery-caption' id='gallery-1-16449'>\n\t\t\t\tRichard Avedon: \u201eSamuel Beckett, Schriftsteller, Paris, Frankreich, 13. April 1979&#8243;,  Sammlung Udo und Anette Brandhorst \u00a9 The Richard Avedon Foundation\n\t\t\t\t<\/dd><\/dl><br style=\"clear: both\" \/><dl class='gallery-item'>\n\t\t\t<dt class='gallery-icon landscape'>\n\t\t\t\t<img loading=\"lazy\" decoding=\"async\" width=\"620\" height=\"155\" src=\"https:\/\/www.damianzimmermann.de\/blog\/wp-content\/uploads\/68127_103987-1024x256.jpg\" class=\"attachment-large size-large\" alt=\"\" aria-describedby=\"gallery-1-16446\" srcset=\"https:\/\/www.damianzimmermann.de\/blog\/wp-content\/uploads\/68127_103987-1024x256.jpg 1024w, https:\/\/www.damianzimmermann.de\/blog\/wp-content\/uploads\/68127_103987-200x50.jpg 200w, https:\/\/www.damianzimmermann.de\/blog\/wp-content\/uploads\/68127_103987-400x100.jpg 400w, https:\/\/www.damianzimmermann.de\/blog\/wp-content\/uploads\/68127_103987.jpg 1300w\" sizes=\"auto, (max-width: 620px) 100vw, 620px\" \/>\n\t\t\t<\/dt>\n\t\t\t\t<dd class='wp-caption-text gallery-caption' id='gallery-1-16446'>\n\t\t\t\tRichard Avedon: &#8222;Der Missionsrat, Saigon, S\u00fcdvietnam, 28. April 1971&#8220;, Sammlung Udo und Anette Brandhorst \u00a9 The Richard Avedon Foundation\n\t\t\t\t<\/dd><\/dl><br style=\"clear: both\" \/><dl class='gallery-item'>\n\t\t\t<dt class='gallery-icon portrait'>\n\t\t\t\t<img loading=\"lazy\" decoding=\"async\" width=\"620\" height=\"750\" src=\"https:\/\/www.damianzimmermann.de\/blog\/wp-content\/uploads\/68127_104005.jpg\" class=\"attachment-large size-large\" alt=\"\" aria-describedby=\"gallery-1-16447\" srcset=\"https:\/\/www.damianzimmermann.de\/blog\/wp-content\/uploads\/68127_104005.jpg 744w, https:\/\/www.damianzimmermann.de\/blog\/wp-content\/uploads\/68127_104005-124x150.jpg 124w, https:\/\/www.damianzimmermann.de\/blog\/wp-content\/uploads\/68127_104005-330x400.jpg 330w\" sizes=\"auto, (max-width: 620px) 100vw, 620px\" \/>\n\t\t\t<\/dt>\n\t\t\t\t<dd class='wp-caption-text gallery-caption' id='gallery-1-16447'>\n\t\t\t\tRichard Avedon: \u201eMarilyn Monroe, Schauspielerin, New York City, 6. Mai 1957\u201c, Sammlung Udo und Anette Brandhorst \u00a9 The Richard Avedon Foundation\n\t\t\t\t<\/dd><\/dl><br style=\"clear: both\" \/><dl class='gallery-item'>\n\t\t\t<dt class='gallery-icon landscape'>\n\t\t\t\t<img loading=\"lazy\" decoding=\"async\" width=\"620\" height=\"485\" src=\"https:\/\/www.damianzimmermann.de\/blog\/wp-content\/uploads\/68127_103980.jpg\" class=\"attachment-large size-large\" alt=\"\" aria-describedby=\"gallery-1-16444\" srcset=\"https:\/\/www.damianzimmermann.de\/blog\/wp-content\/uploads\/68127_103980.jpg 900w, https:\/\/www.damianzimmermann.de\/blog\/wp-content\/uploads\/68127_103980-191x150.jpg 191w, https:\/\/www.damianzimmermann.de\/blog\/wp-content\/uploads\/68127_103980-400x312.jpg 400w\" sizes=\"auto, (max-width: 620px) 100vw, 620px\" \/>\n\t\t\t<\/dt>\n\t\t\t\t<dd class='wp-caption-text gallery-caption' id='gallery-1-16444'>\n\t\t\t\tRichard Avedon: \u201eAllen Ginsberg und Peter Orlovsky, Dichter, New York, 30. Dezember 1963\u201c, undatiert, Sammlung Udo und Anette Brandhorst  \u00a9 The Richard Avedon Foundation\n\t\t\t\t<\/dd><\/dl><br style=\"clear: both\" \/>\n\t\t<\/div>\n\n","protected":false},"excerpt":{"rendered":"<p>Richard Avedon hat zahlreiche gro\u00dfartige B\u00fccher in seinem Leben ver\u00f6ffentlicht. Zehn Jahre nach seinem Tod ist nun im Hirmer Verlag die erste deutschsprachige Publikation erschienen, die seine vier&#8230;<\/p>\n","protected":false},"author":1,"featured_media":16451,"comment_status":"closed","ping_status":"open","sticky":false,"template":"","format":"standard","meta":{"footnotes":""},"categories":[7],"tags":[1247,595,575],"class_list":["post-16441","post","type-post","status-publish","format-standard","has-post-thumbnail","hentry","category-fotobuecher","tag-allen-ginsberg","tag-andy-warhol","tag-richard-avedon"],"_links":{"self":[{"href":"https:\/\/www.damianzimmermann.de\/blog\/wp-json\/wp\/v2\/posts\/16441","targetHints":{"allow":["GET"]}}],"collection":[{"href":"https:\/\/www.damianzimmermann.de\/blog\/wp-json\/wp\/v2\/posts"}],"about":[{"href":"https:\/\/www.damianzimmermann.de\/blog\/wp-json\/wp\/v2\/types\/post"}],"author":[{"embeddable":true,"href":"https:\/\/www.damianzimmermann.de\/blog\/wp-json\/wp\/v2\/users\/1"}],"replies":[{"embeddable":true,"href":"https:\/\/www.damianzimmermann.de\/blog\/wp-json\/wp\/v2\/comments?post=16441"}],"version-history":[{"count":24,"href":"https:\/\/www.damianzimmermann.de\/blog\/wp-json\/wp\/v2\/posts\/16441\/revisions"}],"predecessor-version":[{"id":20208,"href":"https:\/\/www.damianzimmermann.de\/blog\/wp-json\/wp\/v2\/posts\/16441\/revisions\/20208"}],"wp:featuredmedia":[{"embeddable":true,"href":"https:\/\/www.damianzimmermann.de\/blog\/wp-json\/wp\/v2\/media\/16451"}],"wp:attachment":[{"href":"https:\/\/www.damianzimmermann.de\/blog\/wp-json\/wp\/v2\/media?parent=16441"}],"wp:term":[{"taxonomy":"category","embeddable":true,"href":"https:\/\/www.damianzimmermann.de\/blog\/wp-json\/wp\/v2\/categories?post=16441"},{"taxonomy":"post_tag","embeddable":true,"href":"https:\/\/www.damianzimmermann.de\/blog\/wp-json\/wp\/v2\/tags?post=16441"}],"curies":[{"name":"wp","href":"https:\/\/api.w.org\/{rel}","templated":true}]}}