{"id":16405,"date":"2014-10-24T09:00:13","date_gmt":"2014-10-24T07:00:13","guid":{"rendered":"http:\/\/www.damianzimmermann.de\/blog\/?p=16405"},"modified":"2019-03-24T14:19:43","modified_gmt":"2019-03-24T13:19:43","slug":"jai-perdu-ma-tete-von-peter-granser","status":"publish","type":"post","link":"https:\/\/www.damianzimmermann.de\/blog\/jai-perdu-ma-tete-von-peter-granser\/","title":{"rendered":"&#8222;J&#8217;ai perdu ma t\u00eate&#8220; von Peter Granser"},"content":{"rendered":"<p style=\"margin-bottom: 0cm;\"><span style=\"font-weight: normal;\"><strong>Peter Gransers<\/strong> neues Buch ist von der Stiftung Buchkunst zu einem der \u201ef\u00fcnf sch\u00f6nsten deutschen B\u00fccher 2014\u201c gew\u00e4hlt worden. Aus gutem Grund: Die zur\u00fcckhaltende Gestaltung erinnert an einen reizarmen Raum im Therapiebereich und genau darum geht es auch: \u201e<\/span><em><span style=\"font-style: normal;\"><span style=\"font-weight: normal;\">J\u00b4ai perdu ma t\u00eate\u201c, also \u201eIch habe den Verstand verloren\u201c, zeigt Aufnahmen aus einer Psychiatrie: <\/span><\/span><\/em><span style=\"font-style: normal;\"><span style=\"font-weight: normal;\">Wir sehen Detailaufnahmen wie die Delle in der Wand \u00fcber einem Stuhl, einen kleinen Plastikbecher f\u00fcr Medikamente, Kritzeleien, Kreuze und Kreise auf einem gefliesten Fu\u00dfboden, als h\u00e4tte jemand Tic Tac Toe ohne jegliche Begrenzung gespielt. Granser zeigt uns zudem einige Patientenportr\u00e4ts und Aufnahmen von Tonfiguren, die die Patienten in der Kunsttherapie angefertigt haben. Schnell stelle ich mir die Frage, ob man als Verr\u00fcckter eingeliefert wird oder erst dort verr\u00fcckt wird.<br \/>\n<\/span><\/span><\/p>\n<p style=\"margin-bottom: 0cm;\"><span style=\"font-style: normal;\"><span style=\"font-weight: normal;\">Konsequent ist auch, dass wir im gesamten Buch keinen einzigen Buchstaben finden, der von de<\/span><\/span><em><span style=\"font-style: normal;\"><span style=\"font-weight: normal;\">n Bildern ablenkt. Der einzige Text wurde auf eine Klappkarte ausgelagert und auch die wenigen Au\u00dfenaufnahmen sind herausnehmbar. Daf\u00fcr klebt auf dem C<\/span><\/span><\/em><span style=\"font-style: normal;\"><span style=\"font-weight: normal;\">over eine kleine Plastikh\u00fclle, in dem ein Foto steckt wie in den Kliniken normalerweise die Namen der Patienten am Bett. <\/span><\/span><em><span style=\"font-style: normal;\"><span style=\"font-weight: normal;\">Es zeigt einen leuchtend gelben Fu\u00dfball, ein<\/span><\/span><\/em><span style=\"font-style: normal;\"><span style=\"font-weight: normal;\">geklemmt zwischen rosa\u00fcberzogenen Matratzen und W\u00e4nden.<\/span><\/span><em><span style=\"font-style: normal;\"><span style=\"font-weight: normal;\"> Lebensfreude sieht anders aus.<br \/>\n<\/span><\/span><\/em><\/p>\n<p style=\"margin-bottom: 0cm;\"><em><span style=\"font-style: normal;\">&#8222;J\u00b4ai perdu ma t\u00eate&#8220; ist in der <strong>Edition Taube<\/strong> erschienen, hat<\/span><\/em><span style=\"font-style: normal;\"> 104 Seiten und koste<\/span><em><span style=\"font-style: normal;\">t 32 Euro.<strong><br \/>\n<\/strong><\/span><\/em><\/p>\n<p>Link: <a href=\"http:\/\/editiontaube.de\/jai-perdu-ma-tete\" target=\"_blank\" rel=\"noopener noreferrer\">Edition Taube<\/a><\/p>\n\n\t\t<style type=\"text\/css\">\n\t\t\t#gallery-1 {\n\t\t\t\tmargin: auto;\n\t\t\t}\n\t\t\t#gallery-1 .gallery-item {\n\t\t\t\tfloat: left;\n\t\t\t\tmargin-top: 10px;\n\t\t\t\ttext-align: center;\n\t\t\t\twidth: 100%;\n\t\t\t}\n\t\t\t#gallery-1 img {\n\t\t\t\tborder: 2px solid #cfcfcf;\n\t\t\t}\n\t\t\t#gallery-1 .gallery-caption {\n\t\t\t\tmargin-left: 0;\n\t\t\t}\n\t\t\t\/* see gallery_shortcode() in wp-includes\/media.php *\/\n\t\t<\/style>\n\t\t<div id='gallery-1' class='gallery galleryid-16405 gallery-columns-1 gallery-size-large'><dl class='gallery-item'>\n\t\t\t<dt class='gallery-icon portrait'>\n\t\t\t\t<img loading=\"lazy\" decoding=\"async\" width=\"620\" height=\"853\" src=\"https:\/\/www.damianzimmermann.de\/blog\/wp-content\/uploads\/Cover13.jpg\" class=\"attachment-large size-large\" alt=\"\" aria-describedby=\"gallery-1-16416\" srcset=\"https:\/\/www.damianzimmermann.de\/blog\/wp-content\/uploads\/Cover13.jpg 654w, https:\/\/www.damianzimmermann.de\/blog\/wp-content\/uploads\/Cover13-109x150.jpg 109w, https:\/\/www.damianzimmermann.de\/blog\/wp-content\/uploads\/Cover13-290x400.jpg 290w\" sizes=\"auto, (max-width: 620px) 100vw, 620px\" \/>\n\t\t\t<\/dt>\n\t\t\t\t<dd class='wp-caption-text gallery-caption' id='gallery-1-16416'>\n\t\t\t\tPeter Granser: &#8222;J&#8217;ai perdu ma t\u00eate&#8220; &#8211; Cover\n\t\t\t\t<\/dd><\/dl><br style=\"clear: both\" \/><dl class='gallery-item'>\n\t\t\t<dt class='gallery-icon landscape'>\n\t\t\t\t<img loading=\"lazy\" decoding=\"async\" width=\"620\" height=\"465\" src=\"https:\/\/www.damianzimmermann.de\/blog\/wp-content\/uploads\/Evreux_Stillleben_090318_CF001902.jpg\" class=\"attachment-large size-large\" alt=\"\" aria-describedby=\"gallery-1-16421\" srcset=\"https:\/\/www.damianzimmermann.de\/blog\/wp-content\/uploads\/Evreux_Stillleben_090318_CF001902.jpg 900w, https:\/\/www.damianzimmermann.de\/blog\/wp-content\/uploads\/Evreux_Stillleben_090318_CF001902-200x150.jpg 200w, https:\/\/www.damianzimmermann.de\/blog\/wp-content\/uploads\/Evreux_Stillleben_090318_CF001902-400x300.jpg 400w\" sizes=\"auto, (max-width: 620px) 100vw, 620px\" \/>\n\t\t\t<\/dt>\n\t\t\t\t<dd class='wp-caption-text gallery-caption' id='gallery-1-16421'>\n\t\t\t\tPeter Granser, aus dem Buch &#8222;J&#8217;ai perdu ma t\u00eate&#8220;\n\t\t\t\t<\/dd><\/dl><br style=\"clear: both\" \/><dl class='gallery-item'>\n\t\t\t<dt class='gallery-icon portrait'>\n\t\t\t\t<img loading=\"lazy\" decoding=\"async\" width=\"620\" height=\"827\" src=\"https:\/\/www.damianzimmermann.de\/blog\/wp-content\/uploads\/Evreux_Portraits_0903212024.jpg\" class=\"attachment-large size-large\" alt=\"\" aria-describedby=\"gallery-1-16420\" srcset=\"https:\/\/www.damianzimmermann.de\/blog\/wp-content\/uploads\/Evreux_Portraits_0903212024.jpg 675w, https:\/\/www.damianzimmermann.de\/blog\/wp-content\/uploads\/Evreux_Portraits_0903212024-112x150.jpg 112w, https:\/\/www.damianzimmermann.de\/blog\/wp-content\/uploads\/Evreux_Portraits_0903212024-300x400.jpg 300w\" sizes=\"auto, (max-width: 620px) 100vw, 620px\" \/>\n\t\t\t<\/dt>\n\t\t\t\t<dd class='wp-caption-text gallery-caption' id='gallery-1-16420'>\n\t\t\t\tPeter Granser, aus dem Buch &#8222;J&#8217;ai perdu ma t\u00eate&#8220;\n\t\t\t\t<\/dd><\/dl><br style=\"clear: both\" \/><dl class='gallery-item'>\n\t\t\t<dt class='gallery-icon landscape'>\n\t\t\t\t<img loading=\"lazy\" decoding=\"async\" width=\"620\" height=\"465\" src=\"https:\/\/www.damianzimmermann.de\/blog\/wp-content\/uploads\/Evreux_090314_CF001405_V1.jpg\" class=\"attachment-large size-large\" alt=\"\" aria-describedby=\"gallery-1-16419\" srcset=\"https:\/\/www.damianzimmermann.de\/blog\/wp-content\/uploads\/Evreux_090314_CF001405_V1.jpg 900w, https:\/\/www.damianzimmermann.de\/blog\/wp-content\/uploads\/Evreux_090314_CF001405_V1-200x150.jpg 200w, https:\/\/www.damianzimmermann.de\/blog\/wp-content\/uploads\/Evreux_090314_CF001405_V1-400x300.jpg 400w\" sizes=\"auto, (max-width: 620px) 100vw, 620px\" \/>\n\t\t\t<\/dt>\n\t\t\t\t<dd class='wp-caption-text gallery-caption' id='gallery-1-16419'>\n\t\t\t\tPeter Granser, aus dem Buch &#8222;J&#8217;ai perdu ma t\u00eate&#8220;\n\t\t\t\t<\/dd><\/dl><br style=\"clear: both\" \/><dl class='gallery-item'>\n\t\t\t<dt class='gallery-icon landscape'>\n\t\t\t\t<img loading=\"lazy\" decoding=\"async\" width=\"620\" height=\"443\" src=\"https:\/\/www.damianzimmermann.de\/blog\/wp-content\/uploads\/08_granser_j-\u00a6ai-perdu-ma-tete_edition-taube_7646.jpg\" class=\"attachment-large size-large\" alt=\"\" aria-describedby=\"gallery-1-16415\" srcset=\"https:\/\/www.damianzimmermann.de\/blog\/wp-content\/uploads\/08_granser_j-\u00a6ai-perdu-ma-tete_edition-taube_7646.jpg 900w, https:\/\/www.damianzimmermann.de\/blog\/wp-content\/uploads\/08_granser_j-\u00a6ai-perdu-ma-tete_edition-taube_7646-200x142.jpg 200w, https:\/\/www.damianzimmermann.de\/blog\/wp-content\/uploads\/08_granser_j-\u00a6ai-perdu-ma-tete_edition-taube_7646-400x285.jpg 400w\" sizes=\"auto, (max-width: 620px) 100vw, 620px\" \/>\n\t\t\t<\/dt>\n\t\t\t\t<dd class='wp-caption-text gallery-caption' id='gallery-1-16415'>\n\t\t\t\tPeter Granser, aus dem Buch &#8222;J&#8217;ai perdu ma t\u00eate&#8220;\n\t\t\t\t<\/dd><\/dl><br style=\"clear: both\" \/><dl class='gallery-item'>\n\t\t\t<dt class='gallery-icon landscape'>\n\t\t\t\t<img loading=\"lazy\" decoding=\"async\" width=\"620\" height=\"443\" src=\"https:\/\/www.damianzimmermann.de\/blog\/wp-content\/uploads\/02_granser_j-\u00a6ai-perdu-ma-tete_edition-taube_7622.jpg\" class=\"attachment-large size-large\" alt=\"\" aria-describedby=\"gallery-1-16412\" srcset=\"https:\/\/www.damianzimmermann.de\/blog\/wp-content\/uploads\/02_granser_j-\u00a6ai-perdu-ma-tete_edition-taube_7622.jpg 900w, https:\/\/www.damianzimmermann.de\/blog\/wp-content\/uploads\/02_granser_j-\u00a6ai-perdu-ma-tete_edition-taube_7622-200x142.jpg 200w, https:\/\/www.damianzimmermann.de\/blog\/wp-content\/uploads\/02_granser_j-\u00a6ai-perdu-ma-tete_edition-taube_7622-400x285.jpg 400w\" sizes=\"auto, (max-width: 620px) 100vw, 620px\" \/>\n\t\t\t<\/dt>\n\t\t\t\t<dd class='wp-caption-text gallery-caption' id='gallery-1-16412'>\n\t\t\t\tPeter Granser, aus dem Buch &#8222;J&#8217;ai perdu ma t\u00eate&#8220;\n\t\t\t\t<\/dd><\/dl><br style=\"clear: both\" \/><dl class='gallery-item'>\n\t\t\t<dt class='gallery-icon landscape'>\n\t\t\t\t<img loading=\"lazy\" decoding=\"async\" width=\"620\" height=\"414\" src=\"https:\/\/www.damianzimmermann.de\/blog\/wp-content\/uploads\/06_granser_j-\u00a6ai-perdu-ma-tete_edition-taube_7642.jpg\" class=\"attachment-large size-large\" alt=\"\" aria-describedby=\"gallery-1-16413\" srcset=\"https:\/\/www.damianzimmermann.de\/blog\/wp-content\/uploads\/06_granser_j-\u00a6ai-perdu-ma-tete_edition-taube_7642.jpg 900w, https:\/\/www.damianzimmermann.de\/blog\/wp-content\/uploads\/06_granser_j-\u00a6ai-perdu-ma-tete_edition-taube_7642-200x133.jpg 200w, https:\/\/www.damianzimmermann.de\/blog\/wp-content\/uploads\/06_granser_j-\u00a6ai-perdu-ma-tete_edition-taube_7642-400x267.jpg 400w\" sizes=\"auto, (max-width: 620px) 100vw, 620px\" \/>\n\t\t\t<\/dt>\n\t\t\t\t<dd class='wp-caption-text gallery-caption' id='gallery-1-16413'>\n\t\t\t\tPeter Granser, aus dem Buch &#8222;J&#8217;ai perdu ma t\u00eate&#8220;\n\t\t\t\t<\/dd><\/dl><br style=\"clear: both\" \/><dl class='gallery-item'>\n\t\t\t<dt class='gallery-icon landscape'>\n\t\t\t\t<img loading=\"lazy\" decoding=\"async\" width=\"620\" height=\"443\" src=\"https:\/\/www.damianzimmermann.de\/blog\/wp-content\/uploads\/07_granser_j-\u00a6ai-perdu-ma-tete_edition-taube_7643.jpg\" class=\"attachment-large size-large\" alt=\"\" aria-describedby=\"gallery-1-16414\" srcset=\"https:\/\/www.damianzimmermann.de\/blog\/wp-content\/uploads\/07_granser_j-\u00a6ai-perdu-ma-tete_edition-taube_7643.jpg 900w, https:\/\/www.damianzimmermann.de\/blog\/wp-content\/uploads\/07_granser_j-\u00a6ai-perdu-ma-tete_edition-taube_7643-200x142.jpg 200w, https:\/\/www.damianzimmermann.de\/blog\/wp-content\/uploads\/07_granser_j-\u00a6ai-perdu-ma-tete_edition-taube_7643-400x285.jpg 400w\" sizes=\"auto, (max-width: 620px) 100vw, 620px\" \/>\n\t\t\t<\/dt>\n\t\t\t\t<dd class='wp-caption-text gallery-caption' id='gallery-1-16414'>\n\t\t\t\tPeter Granser, aus dem Buch &#8222;J&#8217;ai perdu ma t\u00eate&#8220;\n\t\t\t\t<\/dd><\/dl><br style=\"clear: both\" \/>\n\t\t<\/div>\n\n","protected":false},"excerpt":{"rendered":"<p>Peter Gransers neues Buch ist von der Stiftung Buchkunst zu einem der \u201ef\u00fcnf sch\u00f6nsten deutschen B\u00fccher 2014\u201c gew\u00e4hlt worden. Aus gutem Grund: Die zur\u00fcckhaltende Gestaltung erinnert an einen&#8230;<\/p>\n","protected":false},"author":1,"featured_media":16416,"comment_status":"closed","ping_status":"open","sticky":false,"template":"","format":"standard","meta":{"footnotes":""},"categories":[7],"tags":[1246],"class_list":["post-16405","post","type-post","status-publish","format-standard","has-post-thumbnail","hentry","category-fotobuecher","tag-peter-granser"],"_links":{"self":[{"href":"https:\/\/www.damianzimmermann.de\/blog\/wp-json\/wp\/v2\/posts\/16405","targetHints":{"allow":["GET"]}}],"collection":[{"href":"https:\/\/www.damianzimmermann.de\/blog\/wp-json\/wp\/v2\/posts"}],"about":[{"href":"https:\/\/www.damianzimmermann.de\/blog\/wp-json\/wp\/v2\/types\/post"}],"author":[{"embeddable":true,"href":"https:\/\/www.damianzimmermann.de\/blog\/wp-json\/wp\/v2\/users\/1"}],"replies":[{"embeddable":true,"href":"https:\/\/www.damianzimmermann.de\/blog\/wp-json\/wp\/v2\/comments?post=16405"}],"version-history":[{"count":28,"href":"https:\/\/www.damianzimmermann.de\/blog\/wp-json\/wp\/v2\/posts\/16405\/revisions"}],"predecessor-version":[{"id":20209,"href":"https:\/\/www.damianzimmermann.de\/blog\/wp-json\/wp\/v2\/posts\/16405\/revisions\/20209"}],"wp:featuredmedia":[{"embeddable":true,"href":"https:\/\/www.damianzimmermann.de\/blog\/wp-json\/wp\/v2\/media\/16416"}],"wp:attachment":[{"href":"https:\/\/www.damianzimmermann.de\/blog\/wp-json\/wp\/v2\/media?parent=16405"}],"wp:term":[{"taxonomy":"category","embeddable":true,"href":"https:\/\/www.damianzimmermann.de\/blog\/wp-json\/wp\/v2\/categories?post=16405"},{"taxonomy":"post_tag","embeddable":true,"href":"https:\/\/www.damianzimmermann.de\/blog\/wp-json\/wp\/v2\/tags?post=16405"}],"curies":[{"name":"wp","href":"https:\/\/api.w.org\/{rel}","templated":true}]}}