{"id":16376,"date":"2014-10-22T19:52:24","date_gmt":"2014-10-22T17:52:24","guid":{"rendered":"http:\/\/www.damianzimmermann.de\/blog\/?p=16376"},"modified":"2023-12-04T10:19:24","modified_gmt":"2023-12-04T09:19:24","slug":"zum-tod-von-rene-burri","status":"publish","type":"post","link":"https:\/\/www.damianzimmermann.de\/blog\/zum-tod-von-rene-burri\/","title":{"rendered":"Zum Tod von Ren\u00e9 Burri"},"content":{"rendered":"<p>Am Montag ist Magnum-Legende <strong>Ren\u00e9 Burri<\/strong> im Alter von 81 Jahren in Z\u00fcrich gestorben. Mit seinem Portr\u00e4t von Ernesto &#8222;Che&#8220; Guevara hat er 1963 zwar eine Medienikone geschaffen, aber auch mit seinen anderen Fotos von K\u00fcnstlern und anderen Ber\u00fchmtheiten sowie mit seinem Werk &#8222;Die Deutschen&#8220; wird er uns in Erinnerung bleiben.<\/p>\n<p>Mein\u00a0<a href=\"https:\/\/www.damianzimmermann.de\/blog\/wp-content\/uploads\/DER-STANDARD-Burri.pdf\" target=\"_blank\" rel=\"noopener noreferrer\">Nachruf<\/a> auf diesen gro\u00dfen Fotografen des 20. Jahrhunderts ist im \u00f6sterreichischen Standard erschienen.<\/p>\n<div id=\"attachment_16384\" style=\"width: 760px\" class=\"wp-caption aligncenter\"><a href=\"https:\/\/www.damianzimmermann.de\/blog\/wp-content\/uploads\/Burri-Che-01.jpg\"><img loading=\"lazy\" decoding=\"async\" aria-describedby=\"caption-attachment-16384\" class=\"wp-image-16384\" title=\"Teil des Kontaktbogens von Ren\u00e9 Burri von Januar 1963, als er Ernesto &quot;Che&quot; Guevara fotografierte und mit Negativ 23 eine Ikone schuf. Der Kontaktbogen stammt aus dem Buch &quot;Magnum Contact Sheets&quot;, erschienen bei Schirmer\/Mosel. \u00a9 Ren\u00e9 Burri \/ Magnum Photos\" src=\"https:\/\/www.damianzimmermann.de\/blog\/wp-content\/uploads\/Burri-Che-01.jpg\" alt=\"Kontaktbogen von Ren\u00e9 Burri, als er 1963 Ernesto &quot;Che&quot; Guevara fotografierte und mit Negativ 23 eine Ikone schuf.\" width=\"750\" height=\"593\" srcset=\"https:\/\/www.damianzimmermann.de\/blog\/wp-content\/uploads\/Burri-Che-01.jpg 900w, https:\/\/www.damianzimmermann.de\/blog\/wp-content\/uploads\/Burri-Che-01-189x150.jpg 189w, https:\/\/www.damianzimmermann.de\/blog\/wp-content\/uploads\/Burri-Che-01-400x316.jpg 400w\" sizes=\"auto, (max-width: 750px) 100vw, 750px\" \/><\/a><p id=\"caption-attachment-16384\" class=\"wp-caption-text\">Kontaktbogen von Ren\u00e9 Burri, als er 1963 Ernesto &#8222;Che&#8220; Guevara fotografierte und mit Negativ 23 eine Ikone schuf.<\/p><\/div>\n","protected":false},"excerpt":{"rendered":"<p>Am Montag ist Magnum-Legende Ren\u00e9 Burri im Alter von 81 Jahren in Z\u00fcrich gestorben. Mit seinem Portr\u00e4t von Ernesto &#8222;Che&#8220; Guevara hat er 1963 zwar eine Medienikone geschaffen,&#8230;<\/p>\n","protected":false},"author":1,"featured_media":16384,"comment_status":"closed","ping_status":"closed","sticky":false,"template":"","format":"standard","meta":{"footnotes":""},"categories":[1,48],"tags":[1316,381],"class_list":["post-16376","post","type-post","status-publish","format-standard","has-post-thumbnail","hentry","category-allgemein","category-portrat","tag-nachruf","tag-rene-burri"],"_links":{"self":[{"href":"https:\/\/www.damianzimmermann.de\/blog\/wp-json\/wp\/v2\/posts\/16376","targetHints":{"allow":["GET"]}}],"collection":[{"href":"https:\/\/www.damianzimmermann.de\/blog\/wp-json\/wp\/v2\/posts"}],"about":[{"href":"https:\/\/www.damianzimmermann.de\/blog\/wp-json\/wp\/v2\/types\/post"}],"author":[{"embeddable":true,"href":"https:\/\/www.damianzimmermann.de\/blog\/wp-json\/wp\/v2\/users\/1"}],"replies":[{"embeddable":true,"href":"https:\/\/www.damianzimmermann.de\/blog\/wp-json\/wp\/v2\/comments?post=16376"}],"version-history":[{"count":28,"href":"https:\/\/www.damianzimmermann.de\/blog\/wp-json\/wp\/v2\/posts\/16376\/revisions"}],"predecessor-version":[{"id":20210,"href":"https:\/\/www.damianzimmermann.de\/blog\/wp-json\/wp\/v2\/posts\/16376\/revisions\/20210"}],"wp:featuredmedia":[{"embeddable":true,"href":"https:\/\/www.damianzimmermann.de\/blog\/wp-json\/wp\/v2\/media\/16384"}],"wp:attachment":[{"href":"https:\/\/www.damianzimmermann.de\/blog\/wp-json\/wp\/v2\/media?parent=16376"}],"wp:term":[{"taxonomy":"category","embeddable":true,"href":"https:\/\/www.damianzimmermann.de\/blog\/wp-json\/wp\/v2\/categories?post=16376"},{"taxonomy":"post_tag","embeddable":true,"href":"https:\/\/www.damianzimmermann.de\/blog\/wp-json\/wp\/v2\/tags?post=16376"}],"curies":[{"name":"wp","href":"https:\/\/api.w.org\/{rel}","templated":true}]}}