{"id":16343,"date":"2014-10-05T09:30:16","date_gmt":"2014-10-05T07:30:16","guid":{"rendered":"http:\/\/www.damianzimmermann.de\/blog\/?p=16343"},"modified":"2019-03-24T14:21:30","modified_gmt":"2019-03-24T13:21:30","slug":"chargesheimer-reloaded-koln-5-uhr-30-2","status":"publish","type":"post","link":"https:\/\/www.damianzimmermann.de\/blog\/chargesheimer-reloaded-koln-5-uhr-30-2\/","title":{"rendered":"Chargesheimer Reloaded &#8211; K\u00f6ln 5 Uhr 30"},"content":{"rendered":"<p><span id=\"fbPhotoSnowliftCaption\">Im Juli und August habe ich f\u00fcr die Photoszene den Fotowettbewerb <strong>Chargesheimer Reloaded &#8211; K\u00f6ln 5 Uhr 30<\/strong> organisiert, bei dem die K\u00f6lner aufgefordert wurden, ihre menschenleere Stadt zu fotografieren &#8211; und zwar morgens gegen 5.30 Uhr, wenn die Sonne langsam aufgeht, die Stadt aber noch schl\u00e4ft. Eine Jury, bestehend aus <strong>Markus Schaden<\/strong>, <strong>Wolfgang Zurborn<\/strong>, <strong>Tina Schelhorn<\/strong> und mir, hat unter mehr als 600 Einsendungen die besten 111 Fotografien von 81 Fotografen ausgew\u00e4hlt.<\/span><\/p>\n<p><span id=\"fbPhotoSnowliftCaption\">Nun erscheint das Buch dazu, gedruckt von unserem Partner Pixum. <\/span>Wer bis zum 31. Oktober per Mail an <a href=\"mailto:5uhr30@photoszene.de\" target=\"_blank\" rel=\"noopener noreferrer\">5uhr30@photoszene.de<\/a> bestellt, erh\u00e4lt das Buch f\u00fcr 25 Euro und hilft uns gleichzeitig, die Auflagenh\u00f6he besser zu kalkulieren. Danach wird das Buch 30 Euro kosten.<\/p>\n<p>Link: <a href=\"http:\/\/www.photoszene.de\/chargesheimer-reloaded\/\" target=\"_blank\" rel=\"noopener noreferrer\">Photoszene<\/a><\/p>\n\n\t\t<style type=\"text\/css\">\n\t\t\t#gallery-1 {\n\t\t\t\tmargin: auto;\n\t\t\t}\n\t\t\t#gallery-1 .gallery-item {\n\t\t\t\tfloat: left;\n\t\t\t\tmargin-top: 10px;\n\t\t\t\ttext-align: center;\n\t\t\t\twidth: 100%;\n\t\t\t}\n\t\t\t#gallery-1 img {\n\t\t\t\tborder: 2px solid #cfcfcf;\n\t\t\t}\n\t\t\t#gallery-1 .gallery-caption {\n\t\t\t\tmargin-left: 0;\n\t\t\t}\n\t\t\t\/* see gallery_shortcode() in wp-includes\/media.php *\/\n\t\t<\/style>\n\t\t<div id='gallery-1' class='gallery galleryid-16343 gallery-columns-1 gallery-size-large'><dl class='gallery-item'>\n\t\t\t<dt class='gallery-icon landscape'>\n\t\t\t\t<img loading=\"lazy\" decoding=\"async\" width=\"620\" height=\"458\" src=\"https:\/\/www.damianzimmermann.de\/blog\/wp-content\/uploads\/Chargesheimer-Reloaded-Buch-01.jpg\" class=\"attachment-large size-large\" alt=\"\" aria-describedby=\"gallery-1-16344\" srcset=\"https:\/\/www.damianzimmermann.de\/blog\/wp-content\/uploads\/Chargesheimer-Reloaded-Buch-01.jpg 900w, https:\/\/www.damianzimmermann.de\/blog\/wp-content\/uploads\/Chargesheimer-Reloaded-Buch-01-200x147.jpg 200w, https:\/\/www.damianzimmermann.de\/blog\/wp-content\/uploads\/Chargesheimer-Reloaded-Buch-01-400x295.jpg 400w\" sizes=\"auto, (max-width: 620px) 100vw, 620px\" \/>\n\t\t\t<\/dt>\n\t\t\t\t<dd class='wp-caption-text gallery-caption' id='gallery-1-16344'>\n\t\t\t\tDas Cover von &#8222;Chargesheimer Reloaded &#8211; K\u00f6ln 5 Uhr 30&#8220;\n\t\t\t\t<\/dd><\/dl><br style=\"clear: both\" \/><dl class='gallery-item'>\n\t\t\t<dt class='gallery-icon landscape'>\n\t\t\t\t<img loading=\"lazy\" decoding=\"async\" width=\"620\" height=\"458\" src=\"https:\/\/www.damianzimmermann.de\/blog\/wp-content\/uploads\/Chargesheimer-Reloaded-Buch-02.jpg\" class=\"attachment-large size-large\" alt=\"\" aria-describedby=\"gallery-1-16345\" srcset=\"https:\/\/www.damianzimmermann.de\/blog\/wp-content\/uploads\/Chargesheimer-Reloaded-Buch-02.jpg 900w, https:\/\/www.damianzimmermann.de\/blog\/wp-content\/uploads\/Chargesheimer-Reloaded-Buch-02-200x147.jpg 200w, https:\/\/www.damianzimmermann.de\/blog\/wp-content\/uploads\/Chargesheimer-Reloaded-Buch-02-400x295.jpg 400w\" sizes=\"auto, (max-width: 620px) 100vw, 620px\" \/>\n\t\t\t<\/dt>\n\t\t\t\t<dd class='wp-caption-text gallery-caption' id='gallery-1-16345'>\n\t\t\t\tDie R\u00fcckseite von &#8222;Chargesheimer Reloaded &#8211; K\u00f6ln 5 Uhr 30&#8220;\n\t\t\t\t<\/dd><\/dl><br style=\"clear: both\" \/><dl class='gallery-item'>\n\t\t\t<dt class='gallery-icon landscape'>\n\t\t\t\t<img loading=\"lazy\" decoding=\"async\" width=\"620\" height=\"356\" src=\"https:\/\/www.damianzimmermann.de\/blog\/wp-content\/uploads\/Chargesheimer-Reloaded-Buch-04.jpg\" class=\"attachment-large size-large\" alt=\"\" aria-describedby=\"gallery-1-16347\" srcset=\"https:\/\/www.damianzimmermann.de\/blog\/wp-content\/uploads\/Chargesheimer-Reloaded-Buch-04.jpg 900w, https:\/\/www.damianzimmermann.de\/blog\/wp-content\/uploads\/Chargesheimer-Reloaded-Buch-04-200x114.jpg 200w, https:\/\/www.damianzimmermann.de\/blog\/wp-content\/uploads\/Chargesheimer-Reloaded-Buch-04-400x229.jpg 400w\" sizes=\"auto, (max-width: 620px) 100vw, 620px\" \/>\n\t\t\t<\/dt>\n\t\t\t\t<dd class='wp-caption-text gallery-caption' id='gallery-1-16347'>\n\t\t\t\tInnenansicht von &#8222;Chargesheimer Reloaded &#8211; K\u00f6ln 5 Uhr 30&#8220;. Links: Anne-Marie Kuhn &#8218;Sch\u00e4l Sick 3&#8243; Rechts: Stephan Petrat &#8222;Ebertplatz&#8220;\n\t\t\t\t<\/dd><\/dl><br style=\"clear: both\" \/><dl class='gallery-item'>\n\t\t\t<dt class='gallery-icon landscape'>\n\t\t\t\t<img loading=\"lazy\" decoding=\"async\" width=\"620\" height=\"356\" src=\"https:\/\/www.damianzimmermann.de\/blog\/wp-content\/uploads\/Chargesheimer-Reloaded-Buch-03.jpg\" class=\"attachment-large size-large\" alt=\"\" aria-describedby=\"gallery-1-16346\" srcset=\"https:\/\/www.damianzimmermann.de\/blog\/wp-content\/uploads\/Chargesheimer-Reloaded-Buch-03.jpg 900w, https:\/\/www.damianzimmermann.de\/blog\/wp-content\/uploads\/Chargesheimer-Reloaded-Buch-03-200x114.jpg 200w, https:\/\/www.damianzimmermann.de\/blog\/wp-content\/uploads\/Chargesheimer-Reloaded-Buch-03-400x229.jpg 400w\" sizes=\"auto, (max-width: 620px) 100vw, 620px\" \/>\n\t\t\t<\/dt>\n\t\t\t\t<dd class='wp-caption-text gallery-caption' id='gallery-1-16346'>\n\t\t\t\tInnenansicht von &#8222;Chargesheimer Reloaded &#8211; K\u00f6ln 5 Uhr 30&#8220;. Links: Florian G\u00f6rner &#8222;Nippes S-Bahn&#8220; Rechts: Walter Schlage &#8222;Museum Ludwig&#8220;\n\t\t\t\t<\/dd><\/dl><br style=\"clear: both\" \/>\n\t\t<\/div>\n\n","protected":false},"excerpt":{"rendered":"<p>Im Juli und August habe ich f\u00fcr die Photoszene den Fotowettbewerb Chargesheimer Reloaded &#8211; K\u00f6ln 5 Uhr 30 organisiert, bei dem die K\u00f6lner aufgefordert wurden, ihre menschenleere Stadt&#8230;<\/p>\n","protected":false},"author":1,"featured_media":16344,"comment_status":"closed","ping_status":"open","sticky":false,"template":"","format":"standard","meta":{"footnotes":""},"categories":[1,7,1209],"tags":[1245,137,745,209],"class_list":["post-16343","post","type-post","status-publish","format-standard","has-post-thumbnail","hentry","category-allgemein","category-fotobuecher","category-photoszene","tag-chargesheimer-reloaded","tag-markus-schaden","tag-tina-schelhorn","tag-wolfgang-zurborn"],"_links":{"self":[{"href":"https:\/\/www.damianzimmermann.de\/blog\/wp-json\/wp\/v2\/posts\/16343","targetHints":{"allow":["GET"]}}],"collection":[{"href":"https:\/\/www.damianzimmermann.de\/blog\/wp-json\/wp\/v2\/posts"}],"about":[{"href":"https:\/\/www.damianzimmermann.de\/blog\/wp-json\/wp\/v2\/types\/post"}],"author":[{"embeddable":true,"href":"https:\/\/www.damianzimmermann.de\/blog\/wp-json\/wp\/v2\/users\/1"}],"replies":[{"embeddable":true,"href":"https:\/\/www.damianzimmermann.de\/blog\/wp-json\/wp\/v2\/comments?post=16343"}],"version-history":[{"count":17,"href":"https:\/\/www.damianzimmermann.de\/blog\/wp-json\/wp\/v2\/posts\/16343\/revisions"}],"predecessor-version":[{"id":20212,"href":"https:\/\/www.damianzimmermann.de\/blog\/wp-json\/wp\/v2\/posts\/16343\/revisions\/20212"}],"wp:featuredmedia":[{"embeddable":true,"href":"https:\/\/www.damianzimmermann.de\/blog\/wp-json\/wp\/v2\/media\/16344"}],"wp:attachment":[{"href":"https:\/\/www.damianzimmermann.de\/blog\/wp-json\/wp\/v2\/media?parent=16343"}],"wp:term":[{"taxonomy":"category","embeddable":true,"href":"https:\/\/www.damianzimmermann.de\/blog\/wp-json\/wp\/v2\/categories?post=16343"},{"taxonomy":"post_tag","embeddable":true,"href":"https:\/\/www.damianzimmermann.de\/blog\/wp-json\/wp\/v2\/tags?post=16343"}],"curies":[{"name":"wp","href":"https:\/\/api.w.org\/{rel}","templated":true}]}}