{"id":14887,"date":"2013-12-11T08:00:17","date_gmt":"2013-12-11T07:00:17","guid":{"rendered":"http:\/\/www.damianzimmermann.de\/blog\/?p=14887"},"modified":"2019-03-24T16:40:38","modified_gmt":"2019-03-24T15:40:38","slug":"fotobuchweihnachtsverlosung-36","status":"publish","type":"post","link":"https:\/\/www.damianzimmermann.de\/blog\/fotobuchweihnachtsverlosung-36\/","title":{"rendered":"Fotobuchweihnachtsverlosung 3\/6"},"content":{"rendered":"<p>Es geht in die dritte Runde bei meiner vorweihnachtlichen Fotobuchverlosungsaktion.\u00a0 Bis einschlie\u00dflich Samstag gibt es t\u00e4glich einen anderen Titel aus den Verlagsprogrammen von\u00a0<strong><strong><strong>Hatje Cantz<\/strong><\/strong><\/strong>,<strong><strong> Kehrer<\/strong><\/strong>,<strong> <strong>Peperoni Books<\/strong><\/strong>,<strong> <strong>Phaidon<\/strong><\/strong>,<strong> <strong>Prestel <\/strong><\/strong>sowie <strong><strong><strong>Scheidegger &amp; Spiess<\/strong><\/strong> <\/strong>zu gewinnen.<\/p>\n<p>Heute geht es um ein Exemplar von &#8222;Wall&#8220; von <strong>Josef Koudelka<\/strong> aus dem Hause <strong>Prestel<\/strong>. Das Buch tr\u00e4gt den Untertitel &#8222;<span id=\"btAsinTitle\">Israelische &amp; Pal\u00e4stinensische Landschaften 2008-2012&#8243; und man kann sich schon denken, dass das keine Postkartenmotive sind, die der 1938 geborene Magnum-Fotograf uns da pr\u00e4sentiert. Auf m\u00e4chtigen Doppelseiten breiten sich Koudelkas gro\u00dfformatige Ansichten aus, doch gleichzeitig spielt er mit der Form des Panoramas, das in der Regel dem \u00dcberblick dient. Hier jedoch wird der Blick durch Mauern und Hindernisse und Barrieren versperren und der Mehrwert des Panoramas ad absurdum gef\u00fchrt. Das Buch hat <\/span>128 Seiten mit 54 Fotografien und kostet 49,95 Euro.<\/p>\n<p><em>Wenn ihr <em> ein Exemplar von <\/em>\u201cWall\u201d gewinnen wollt, m\u00fcsst ihr unter diesem Beitrag nur einen Kommentar mit eurem vollst\u00e4ndigen Namen und eurer E-Mail-Adresse bis heute um 23.59 Uhr hinterlassen. Unter allen Teilnehmern wird per Zufallsgenerator ein Exemplar verlost. Der Gewinner wird unter dem Beitrag genannt und erh\u00e4lt das Buch direkt vom Verlag zugesendet \u2013 allerdings nur an Postadressen in Deutschland, \u00d6sterreich und der Schweiz. Der Rechtsweg ist ausgeschlossen. Gewinne k\u00f6nnen nicht in bar ausgezahlt werden. Viel Gl\u00fcck und viel Spa\u00df!<\/em><\/p>\n<p><em><em><em><strong>UPDATE:<\/strong> Gewinner von \u201cWall\u201d von Josef Koudelka, erschienen bei Prestel, ist Kommentar Nummer 11: Thomas Krannich. Herzlichen Gl\u00fcckwunsch und viel Spa\u00df mit dem Buch!<\/em><\/em><\/em><\/p>\n\n\t\t<style type=\"text\/css\">\n\t\t\t#gallery-1 {\n\t\t\t\tmargin: auto;\n\t\t\t}\n\t\t\t#gallery-1 .gallery-item {\n\t\t\t\tfloat: left;\n\t\t\t\tmargin-top: 10px;\n\t\t\t\ttext-align: center;\n\t\t\t\twidth: 100%;\n\t\t\t}\n\t\t\t#gallery-1 img {\n\t\t\t\tborder: 2px solid #cfcfcf;\n\t\t\t}\n\t\t\t#gallery-1 .gallery-caption {\n\t\t\t\tmargin-left: 0;\n\t\t\t}\n\t\t\t\/* see gallery_shortcode() in wp-includes\/media.php *\/\n\t\t<\/style>\n\t\t<div id='gallery-1' class='gallery galleryid-14887 gallery-columns-1 gallery-size-large'><dl class='gallery-item'>\n\t\t\t<dt class='gallery-icon landscape'>\n\t\t\t\t<img loading=\"lazy\" decoding=\"async\" width=\"620\" height=\"437\" src=\"https:\/\/www.damianzimmermann.de\/blog\/wp-content\/uploads\/Koudelka_Wall_137919.jpg\" class=\"attachment-large size-large\" alt=\"\" aria-describedby=\"gallery-1-14902\" srcset=\"https:\/\/www.damianzimmermann.de\/blog\/wp-content\/uploads\/Koudelka_Wall_137919.jpg 900w, https:\/\/www.damianzimmermann.de\/blog\/wp-content\/uploads\/Koudelka_Wall_137919-200x140.jpg 200w, https:\/\/www.damianzimmermann.de\/blog\/wp-content\/uploads\/Koudelka_Wall_137919-400x281.jpg 400w\" sizes=\"auto, (max-width: 620px) 100vw, 620px\" \/>\n\t\t\t<\/dt>\n\t\t\t\t<dd class='wp-caption-text gallery-caption' id='gallery-1-14902'>\n\t\t\t\tJosef Koudelka: &#8222;Wall&#8220; &#8211; Cover\n\t\t\t\t<\/dd><\/dl><br style=\"clear: both\" \/><dl class='gallery-item'>\n\t\t\t<dt class='gallery-icon landscape'>\n\t\t\t\t<img loading=\"lazy\" decoding=\"async\" width=\"620\" height=\"206\" src=\"https:\/\/www.damianzimmermann.de\/blog\/wp-content\/uploads\/7-Route-60.jpg\" class=\"attachment-large size-large\" alt=\"\" aria-describedby=\"gallery-1-14901\" srcset=\"https:\/\/www.damianzimmermann.de\/blog\/wp-content\/uploads\/7-Route-60.jpg 1000w, https:\/\/www.damianzimmermann.de\/blog\/wp-content\/uploads\/7-Route-60-200x66.jpg 200w, https:\/\/www.damianzimmermann.de\/blog\/wp-content\/uploads\/7-Route-60-400x133.jpg 400w\" sizes=\"auto, (max-width: 620px) 100vw, 620px\" \/>\n\t\t\t<\/dt>\n\t\t\t\t<dd class='wp-caption-text gallery-caption' id='gallery-1-14901'>\n\t\t\t\t Route 60, Bait Dschala bei Bethlehem. Entlang wichtiger Transportstrecken wie der Route 60 werden  speziell konzipierte Betonplatten eingebaut, um Angriffe auf israelische Fahrzeuge zu verhindern. \n\t\t\t\t<\/dd><\/dl><br style=\"clear: both\" \/><dl class='gallery-item'>\n\t\t\t<dt class='gallery-icon landscape'>\n\t\t\t\t<img loading=\"lazy\" decoding=\"async\" width=\"620\" height=\"206\" src=\"https:\/\/www.damianzimmermann.de\/blog\/wp-content\/uploads\/6-Ash-Shuhada-Stra.jpg\" class=\"attachment-large size-large\" alt=\"\" aria-describedby=\"gallery-1-14900\" srcset=\"https:\/\/www.damianzimmermann.de\/blog\/wp-content\/uploads\/6-Ash-Shuhada-Stra.jpg 1000w, https:\/\/www.damianzimmermann.de\/blog\/wp-content\/uploads\/6-Ash-Shuhada-Stra-200x66.jpg 200w, https:\/\/www.damianzimmermann.de\/blog\/wp-content\/uploads\/6-Ash-Shuhada-Stra-400x133.jpg 400w\" sizes=\"auto, (max-width: 620px) 100vw, 620px\" \/>\n\t\t\t<\/dt>\n\t\t\t\t<dd class='wp-caption-text gallery-caption' id='gallery-1-14900'>\n\t\t\t\t Ash-Shuhada-Stra\u00dfe, Hebron. Die Mehrzahl der pal\u00e4stinensischen Gesch\u00e4fte in der fr\u00fcher einmal  florierenden Ash-Shuhada-Stra\u00dfe musste aufgrund der Zugangsbeschr\u00e4nkungen durch die israelische  Armee und Schikanen durch j\u00fcdische Siedler schlie\u00dfen. \n\t\t\t\t<\/dd><\/dl><br style=\"clear: both\" \/><dl class='gallery-item'>\n\t\t\t<dt class='gallery-icon landscape'>\n\t\t\t\t<img loading=\"lazy\" decoding=\"async\" width=\"620\" height=\"206\" src=\"https:\/\/www.damianzimmermann.de\/blog\/wp-content\/uploads\/5-Al-Ram.jpg\" class=\"attachment-large size-large\" alt=\"\" aria-describedby=\"gallery-1-14899\" srcset=\"https:\/\/www.damianzimmermann.de\/blog\/wp-content\/uploads\/5-Al-Ram.jpg 1000w, https:\/\/www.damianzimmermann.de\/blog\/wp-content\/uploads\/5-Al-Ram-200x66.jpg 200w, https:\/\/www.damianzimmermann.de\/blog\/wp-content\/uploads\/5-Al-Ram-400x133.jpg 400w\" sizes=\"auto, (max-width: 620px) 100vw, 620px\" \/>\n\t\t\t<\/dt>\n\t\t\t\t<dd class='wp-caption-text gallery-caption' id='gallery-1-14899'>\n\t\t\t\t A-Ram, Ostjerusalem. In Ostjerusalem verl\u00e4uft die Mauer mitten durch pal\u00e4stinensische  Wohngebiete. \n\t\t\t\t<\/dd><\/dl><br style=\"clear: both\" \/><dl class='gallery-item'>\n\t\t\t<dt class='gallery-icon landscape'>\n\t\t\t\t<img loading=\"lazy\" decoding=\"async\" width=\"620\" height=\"206\" src=\"https:\/\/www.damianzimmermann.de\/blog\/wp-content\/uploads\/4-AlEizariya.jpg\" class=\"attachment-large size-large\" alt=\"\" aria-describedby=\"gallery-1-14898\" srcset=\"https:\/\/www.damianzimmermann.de\/blog\/wp-content\/uploads\/4-AlEizariya.jpg 1000w, https:\/\/www.damianzimmermann.de\/blog\/wp-content\/uploads\/4-AlEizariya-200x66.jpg 200w, https:\/\/www.damianzimmermann.de\/blog\/wp-content\/uploads\/4-AlEizariya-400x132.jpg 400w\" sizes=\"auto, (max-width: 620px) 100vw, 620px\" \/>\n\t\t\t<\/dt>\n\t\t\t\t<dd class='wp-caption-text gallery-caption' id='gallery-1-14898'>\n\t\t\t\t Al-Eizariya (Bethanien), Ostjerusalem. Obwohl die Mauer das gr\u00f6\u00dfte Infrastrukturprojekt Israels  darstellt, gibt es keine Studien zu ihren Auswirkungen auf die Umwelt. \n\t\t\t\t<\/dd><\/dl><br style=\"clear: both\" \/><dl class='gallery-item'>\n\t\t\t<dt class='gallery-icon landscape'>\n\t\t\t\t<img loading=\"lazy\" decoding=\"async\" width=\"620\" height=\"206\" src=\"https:\/\/www.damianzimmermann.de\/blog\/wp-content\/uploads\/1-Flchtlingslager-Shu.jpg\" class=\"attachment-large size-large\" alt=\"\" aria-describedby=\"gallery-1-14897\" srcset=\"https:\/\/www.damianzimmermann.de\/blog\/wp-content\/uploads\/1-Flchtlingslager-Shu.jpg 1000w, https:\/\/www.damianzimmermann.de\/blog\/wp-content\/uploads\/1-Flchtlingslager-Shu-200x66.jpg 200w, https:\/\/www.damianzimmermann.de\/blog\/wp-content\/uploads\/1-Flchtlingslager-Shu-400x132.jpg 400w\" sizes=\"auto, (max-width: 620px) 100vw, 620px\" \/>\n\t\t\t<\/dt>\n\t\t\t\t<dd class='wp-caption-text gallery-caption' id='gallery-1-14897'>\n\t\t\t\tFl\u00fcchtlingslager Shu\u2019fat mit Blick auf Al-Issawiya, Ostjerusalem. Wenn die Mauer entsprechend den  bisherigen Pl\u00e4nen fertiggestellt wird, misst sie circa 700 Kilometer und damit mehr als doppelt so viel  wie die 320 Kilometer lange Demarkationslinie oder Gr\u00fcne Linie zwischen Israel und dem  Westjordanland. \n\t\t\t\t<\/dd><\/dl><br style=\"clear: both\" \/>\n\t\t<\/div>\n\n<p><img loading=\"lazy\" decoding=\"async\" class=\"oapwzdptgtycdxnzvpsh gcvldcfosyigqzrdkcbj\" style=\"border: none !important; margin: 0px !important;\" src=\"http:\/\/ir-de.amazon-adsystem.com\/e\/ir?t=wwwdamianzimm-21&amp;l=as2&amp;o=3&amp;a=3791348620\" alt=\"\" width=\"1\" height=\"1\" border=\"0\" \/><\/p>\n","protected":false},"excerpt":{"rendered":"<p>Es geht in die dritte Runde bei meiner vorweihnachtlichen Fotobuchverlosungsaktion.\u00a0 Bis einschlie\u00dflich Samstag gibt es t\u00e4glich einen anderen Titel aus den Verlagsprogrammen von\u00a0Hatje Cantz, Kehrer, Peperoni Books, Phaidon,&#8230;<\/p>\n","protected":false},"author":1,"featured_media":14902,"comment_status":"closed","ping_status":"open","sticky":false,"template":"","format":"standard","meta":{"footnotes":""},"categories":[7,1174],"tags":[961],"class_list":["post-14887","post","type-post","status-publish","format-standard","has-post-thumbnail","hentry","category-fotobuecher","category-verlosung","tag-josef-koudelka"],"_links":{"self":[{"href":"https:\/\/www.damianzimmermann.de\/blog\/wp-json\/wp\/v2\/posts\/14887","targetHints":{"allow":["GET"]}}],"collection":[{"href":"https:\/\/www.damianzimmermann.de\/blog\/wp-json\/wp\/v2\/posts"}],"about":[{"href":"https:\/\/www.damianzimmermann.de\/blog\/wp-json\/wp\/v2\/types\/post"}],"author":[{"embeddable":true,"href":"https:\/\/www.damianzimmermann.de\/blog\/wp-json\/wp\/v2\/users\/1"}],"replies":[{"embeddable":true,"href":"https:\/\/www.damianzimmermann.de\/blog\/wp-json\/wp\/v2\/comments?post=14887"}],"version-history":[{"count":27,"href":"https:\/\/www.damianzimmermann.de\/blog\/wp-json\/wp\/v2\/posts\/14887\/revisions"}],"predecessor-version":[{"id":20271,"href":"https:\/\/www.damianzimmermann.de\/blog\/wp-json\/wp\/v2\/posts\/14887\/revisions\/20271"}],"wp:featuredmedia":[{"embeddable":true,"href":"https:\/\/www.damianzimmermann.de\/blog\/wp-json\/wp\/v2\/media\/14902"}],"wp:attachment":[{"href":"https:\/\/www.damianzimmermann.de\/blog\/wp-json\/wp\/v2\/media?parent=14887"}],"wp:term":[{"taxonomy":"category","embeddable":true,"href":"https:\/\/www.damianzimmermann.de\/blog\/wp-json\/wp\/v2\/categories?post=14887"},{"taxonomy":"post_tag","embeddable":true,"href":"https:\/\/www.damianzimmermann.de\/blog\/wp-json\/wp\/v2\/tags?post=14887"}],"curies":[{"name":"wp","href":"https:\/\/api.w.org\/{rel}","templated":true}]}}