{"id":13851,"date":"2013-10-11T08:28:00","date_gmt":"2013-10-11T06:28:00","guid":{"rendered":"http:\/\/www.damianzimmermann.de\/blog\/?p=13851"},"modified":"2019-03-24T17:48:40","modified_gmt":"2019-03-24T16:48:40","slug":"taksim-calling-von-frederic-lezmi","status":"publish","type":"post","link":"https:\/\/www.damianzimmermann.de\/blog\/taksim-calling-von-frederic-lezmi\/","title":{"rendered":"#Taksim Calling von Frederic Lezmi"},"content":{"rendered":"<p>Mit gro\u00dfem Interesse und ebenso gro\u00dfer Sorge und Fassungslosigkeit habe ich im Juni die Proteste rund um den Gezi-Park und dem angrenzenden Taksim-Platz verfolgt &#8211; nicht zuletzt auch deshalb, weil ich Freunde habe, die in Istanbul leben.<\/p>\n<p>Nun hat einer von ihnen die Auseinandersetzungen in einer besonderen Publikation verarbeitet: &#8222;#Taksim Calling&#8220; hat <strong>Frederic Lezmi<\/strong> dieses Fotobuch genannt,das er gemeinsam mit <strong>Markus Schaden<\/strong> und <strong>Wolfgang Zurborn<\/strong> editiert hat und das in seinem kleinen Eigenverlag <strong>Sunday Books<\/strong> erschienen ist. Eigentlich ist es gar kein richtiges Buch, sondern eher eine Art zusammengelegte Postersammlung: Gro\u00df wie eine Tageszeitung beinhaltet es Vergr\u00f6\u00dferungen von Postkarten mit alten Ansichten vom Taksim-Platz. Auf der R\u00fcckseite hat Lezmi dann seine pers\u00f6nlichen Gr\u00fc\u00dfe zu den idyllischen Ansichten verfasst &#8211; in Form von Fotos, die er vor Ort von den Demonstrationen, Tr\u00e4nengasangriffen, provisorischen Barrikaden und \u00fcbermalten Parolen an H\u00e4userw\u00e4nden gemacht hat, aufgenommen mit seinem Handy und versehen mit dem f\u00fcr heute typischen digitalen Polaroid-Rand. &#8222;#Taksim Calling&#8220; wirkt dadurch leicht und verspielt, hat es mit seinen Andeutungen und Doppeldeutigkeiten aber in sich: Das Zeitungsformat als Kritik an den t\u00fcrkischen Medien, die nahezu nichts \u00fcber die Proteste gebracht haben; die Postkarten-Idylle, die es l\u00e4ngst nicht mehr gibt; und die eigentlichen Fotos im Look eines harmlosen Facebook-Urlaubsfoto-Albums vom letzten Istanbul-Trip.<\/p>\n<p>Als zus\u00e4tzliches Zeichen der Solidarit\u00e4t hat sich Lezmi au\u00dferdem dazu entschieden, sein Fotobuch jedem zu schenken, der einen t\u00fcrkischen Pass besitzt. Alle anderen m\u00fcssen 15 Euro f\u00fcr dieses besondere St\u00fcck bezahlen.<\/p>\n<p>Link: <a href=\"http:\/\/lezmi.de\/\" target=\"_blank\" rel=\"noopener noreferrer\">Frederic Lezmi<\/a><\/p>\n\n\t\t<style type=\"text\/css\">\n\t\t\t#gallery-1 {\n\t\t\t\tmargin: auto;\n\t\t\t}\n\t\t\t#gallery-1 .gallery-item {\n\t\t\t\tfloat: left;\n\t\t\t\tmargin-top: 10px;\n\t\t\t\ttext-align: center;\n\t\t\t\twidth: 100%;\n\t\t\t}\n\t\t\t#gallery-1 img {\n\t\t\t\tborder: 2px solid #cfcfcf;\n\t\t\t}\n\t\t\t#gallery-1 .gallery-caption {\n\t\t\t\tmargin-left: 0;\n\t\t\t}\n\t\t\t\/* see gallery_shortcode() in wp-includes\/media.php *\/\n\t\t<\/style>\n\t\t<div id='gallery-1' class='gallery galleryid-13851 gallery-columns-1 gallery-size-large'><dl class='gallery-item'>\n\t\t\t<dt class='gallery-icon landscape'>\n\t\t\t\t<img loading=\"lazy\" decoding=\"async\" width=\"620\" height=\"475\" src=\"https:\/\/www.damianzimmermann.de\/blog\/wp-content\/uploads\/taksim-calling_magazineview_01.jpg\" class=\"attachment-large size-large\" alt=\"\" aria-describedby=\"gallery-1-13854\" srcset=\"https:\/\/www.damianzimmermann.de\/blog\/wp-content\/uploads\/taksim-calling_magazineview_01.jpg 950w, https:\/\/www.damianzimmermann.de\/blog\/wp-content\/uploads\/taksim-calling_magazineview_01-195x150.jpg 195w, https:\/\/www.damianzimmermann.de\/blog\/wp-content\/uploads\/taksim-calling_magazineview_01-400x306.jpg 400w\" sizes=\"auto, (max-width: 620px) 100vw, 620px\" \/>\n\t\t\t<\/dt>\n\t\t\t\t<dd class='wp-caption-text gallery-caption' id='gallery-1-13854'>\n\t\t\t\tFrederic Lezmi: &#8222;Taksim Calling&#8220; &#8211; Cover\n\t\t\t\t<\/dd><\/dl><br style=\"clear: both\" \/><dl class='gallery-item'>\n\t\t\t<dt class='gallery-icon landscape'>\n\t\t\t\t<img loading=\"lazy\" decoding=\"async\" width=\"620\" height=\"475\" src=\"https:\/\/www.damianzimmermann.de\/blog\/wp-content\/uploads\/taksim-calling_magazineview_02.jpg\" class=\"attachment-large size-large\" alt=\"\" aria-describedby=\"gallery-1-13855\" srcset=\"https:\/\/www.damianzimmermann.de\/blog\/wp-content\/uploads\/taksim-calling_magazineview_02.jpg 950w, https:\/\/www.damianzimmermann.de\/blog\/wp-content\/uploads\/taksim-calling_magazineview_02-195x150.jpg 195w, https:\/\/www.damianzimmermann.de\/blog\/wp-content\/uploads\/taksim-calling_magazineview_02-400x306.jpg 400w\" sizes=\"auto, (max-width: 620px) 100vw, 620px\" \/>\n\t\t\t<\/dt>\n\t\t\t\t<dd class='wp-caption-text gallery-caption' id='gallery-1-13855'>\n\t\t\t\tFrederic Lezmi: &#8222;Taksim Calling&#8220;\n\t\t\t\t<\/dd><\/dl><br style=\"clear: both\" \/><dl class='gallery-item'>\n\t\t\t<dt class='gallery-icon landscape'>\n\t\t\t\t<img loading=\"lazy\" decoding=\"async\" width=\"620\" height=\"475\" src=\"https:\/\/www.damianzimmermann.de\/blog\/wp-content\/uploads\/taksim-calling_magazineview_07.jpg\" class=\"attachment-large size-large\" alt=\"\" aria-describedby=\"gallery-1-13856\" srcset=\"https:\/\/www.damianzimmermann.de\/blog\/wp-content\/uploads\/taksim-calling_magazineview_07.jpg 950w, https:\/\/www.damianzimmermann.de\/blog\/wp-content\/uploads\/taksim-calling_magazineview_07-195x150.jpg 195w, https:\/\/www.damianzimmermann.de\/blog\/wp-content\/uploads\/taksim-calling_magazineview_07-400x306.jpg 400w\" sizes=\"auto, (max-width: 620px) 100vw, 620px\" \/>\n\t\t\t<\/dt>\n\t\t\t\t<dd class='wp-caption-text gallery-caption' id='gallery-1-13856'>\n\t\t\t\tFrederic Lezmi: &#8222;Taksim Calling&#8220;\n\t\t\t\t<\/dd><\/dl><br style=\"clear: both\" \/><dl class='gallery-item'>\n\t\t\t<dt class='gallery-icon landscape'>\n\t\t\t\t<img loading=\"lazy\" decoding=\"async\" width=\"620\" height=\"475\" src=\"https:\/\/www.damianzimmermann.de\/blog\/wp-content\/uploads\/taksim-calling_magazineview_08.jpg\" class=\"attachment-large size-large\" alt=\"\" aria-describedby=\"gallery-1-13857\" srcset=\"https:\/\/www.damianzimmermann.de\/blog\/wp-content\/uploads\/taksim-calling_magazineview_08.jpg 950w, https:\/\/www.damianzimmermann.de\/blog\/wp-content\/uploads\/taksim-calling_magazineview_08-195x150.jpg 195w, https:\/\/www.damianzimmermann.de\/blog\/wp-content\/uploads\/taksim-calling_magazineview_08-400x306.jpg 400w\" sizes=\"auto, (max-width: 620px) 100vw, 620px\" \/>\n\t\t\t<\/dt>\n\t\t\t\t<dd class='wp-caption-text gallery-caption' id='gallery-1-13857'>\n\t\t\t\tFrederic Lezmi: &#8222;Taksim Calling&#8220;\n\t\t\t\t<\/dd><\/dl><br style=\"clear: both\" \/><dl class='gallery-item'>\n\t\t\t<dt class='gallery-icon landscape'>\n\t\t\t\t<img loading=\"lazy\" decoding=\"async\" width=\"620\" height=\"471\" src=\"https:\/\/www.damianzimmermann.de\/blog\/wp-content\/uploads\/taksim-calling_posterview_01.jpg\" class=\"attachment-large size-large\" alt=\"\" aria-describedby=\"gallery-1-13864\" srcset=\"https:\/\/www.damianzimmermann.de\/blog\/wp-content\/uploads\/taksim-calling_posterview_01.jpg 921w, https:\/\/www.damianzimmermann.de\/blog\/wp-content\/uploads\/taksim-calling_posterview_01-197x150.jpg 197w, https:\/\/www.damianzimmermann.de\/blog\/wp-content\/uploads\/taksim-calling_posterview_01-400x303.jpg 400w\" sizes=\"auto, (max-width: 620px) 100vw, 620px\" \/>\n\t\t\t<\/dt>\n\t\t\t\t<dd class='wp-caption-text gallery-caption' id='gallery-1-13864'>\n\t\t\t\tFrederic Lezmi: &#8222;Taksim Calling&#8220;\n\t\t\t\t<\/dd><\/dl><br style=\"clear: both\" \/><dl class='gallery-item'>\n\t\t\t<dt class='gallery-icon landscape'>\n\t\t\t\t<img loading=\"lazy\" decoding=\"async\" width=\"620\" height=\"606\" src=\"https:\/\/www.damianzimmermann.de\/blog\/wp-content\/uploads\/taksim-calling_polaroid_6.jpg\" class=\"attachment-large size-large\" alt=\"\" aria-describedby=\"gallery-1-13859\" srcset=\"https:\/\/www.damianzimmermann.de\/blog\/wp-content\/uploads\/taksim-calling_polaroid_6.jpg 900w, https:\/\/www.damianzimmermann.de\/blog\/wp-content\/uploads\/taksim-calling_polaroid_6-153x150.jpg 153w, https:\/\/www.damianzimmermann.de\/blog\/wp-content\/uploads\/taksim-calling_polaroid_6-400x390.jpg 400w\" sizes=\"auto, (max-width: 620px) 100vw, 620px\" \/>\n\t\t\t<\/dt>\n\t\t\t\t<dd class='wp-caption-text gallery-caption' id='gallery-1-13859'>\n\t\t\t\tFrederic Lezmi: &#8222;Taksim Calling&#8220;\n\t\t\t\t<\/dd><\/dl><br style=\"clear: both\" \/><dl class='gallery-item'>\n\t\t\t<dt class='gallery-icon landscape'>\n\t\t\t\t<img loading=\"lazy\" decoding=\"async\" width=\"620\" height=\"606\" src=\"https:\/\/www.damianzimmermann.de\/blog\/wp-content\/uploads\/taksim-calling_polaroid_1.jpg\" class=\"attachment-large size-large\" alt=\"\" aria-describedby=\"gallery-1-13858\" srcset=\"https:\/\/www.damianzimmermann.de\/blog\/wp-content\/uploads\/taksim-calling_polaroid_1.jpg 900w, https:\/\/www.damianzimmermann.de\/blog\/wp-content\/uploads\/taksim-calling_polaroid_1-153x150.jpg 153w, https:\/\/www.damianzimmermann.de\/blog\/wp-content\/uploads\/taksim-calling_polaroid_1-400x390.jpg 400w\" sizes=\"auto, (max-width: 620px) 100vw, 620px\" \/>\n\t\t\t<\/dt>\n\t\t\t\t<dd class='wp-caption-text gallery-caption' id='gallery-1-13858'>\n\t\t\t\tFrederic Lezmi: &#8222;Taksim Calling&#8220;\n\t\t\t\t<\/dd><\/dl><br style=\"clear: both\" \/><dl class='gallery-item'>\n\t\t\t<dt class='gallery-icon landscape'>\n\t\t\t\t<img loading=\"lazy\" decoding=\"async\" width=\"620\" height=\"471\" src=\"https:\/\/www.damianzimmermann.de\/blog\/wp-content\/uploads\/taksim-calling_posterview_02.jpg\" class=\"attachment-large size-large\" alt=\"\" aria-describedby=\"gallery-1-13860\" srcset=\"https:\/\/www.damianzimmermann.de\/blog\/wp-content\/uploads\/taksim-calling_posterview_02.jpg 921w, https:\/\/www.damianzimmermann.de\/blog\/wp-content\/uploads\/taksim-calling_posterview_02-197x150.jpg 197w, https:\/\/www.damianzimmermann.de\/blog\/wp-content\/uploads\/taksim-calling_posterview_02-400x303.jpg 400w\" sizes=\"auto, (max-width: 620px) 100vw, 620px\" \/>\n\t\t\t<\/dt>\n\t\t\t\t<dd class='wp-caption-text gallery-caption' id='gallery-1-13860'>\n\t\t\t\tFrederic Lezmi: &#8222;Taksim Calling&#8220;\n\t\t\t\t<\/dd><\/dl><br style=\"clear: both\" \/>\n\t\t<\/div>\n\n","protected":false},"excerpt":{"rendered":"<p>Mit gro\u00dfem Interesse und ebenso gro\u00dfer Sorge und Fassungslosigkeit habe ich im Juni die Proteste rund um den Gezi-Park und dem angrenzenden Taksim-Platz verfolgt &#8211; nicht zuletzt auch&#8230;<\/p>\n","protected":false},"author":1,"featured_media":16141,"comment_status":"closed","ping_status":"open","sticky":false,"template":"","format":"standard","meta":{"footnotes":""},"categories":[7],"tags":[208,137,209],"class_list":["post-13851","post","type-post","status-publish","format-standard","has-post-thumbnail","hentry","category-fotobuecher","tag-frederic-lezmi","tag-markus-schaden","tag-wolfgang-zurborn"],"_links":{"self":[{"href":"https:\/\/www.damianzimmermann.de\/blog\/wp-json\/wp\/v2\/posts\/13851","targetHints":{"allow":["GET"]}}],"collection":[{"href":"https:\/\/www.damianzimmermann.de\/blog\/wp-json\/wp\/v2\/posts"}],"about":[{"href":"https:\/\/www.damianzimmermann.de\/blog\/wp-json\/wp\/v2\/types\/post"}],"author":[{"embeddable":true,"href":"https:\/\/www.damianzimmermann.de\/blog\/wp-json\/wp\/v2\/users\/1"}],"replies":[{"embeddable":true,"href":"https:\/\/www.damianzimmermann.de\/blog\/wp-json\/wp\/v2\/comments?post=13851"}],"version-history":[{"count":47,"href":"https:\/\/www.damianzimmermann.de\/blog\/wp-json\/wp\/v2\/posts\/13851\/revisions"}],"predecessor-version":[{"id":20295,"href":"https:\/\/www.damianzimmermann.de\/blog\/wp-json\/wp\/v2\/posts\/13851\/revisions\/20295"}],"wp:featuredmedia":[{"embeddable":true,"href":"https:\/\/www.damianzimmermann.de\/blog\/wp-json\/wp\/v2\/media\/16141"}],"wp:attachment":[{"href":"https:\/\/www.damianzimmermann.de\/blog\/wp-json\/wp\/v2\/media?parent=13851"}],"wp:term":[{"taxonomy":"category","embeddable":true,"href":"https:\/\/www.damianzimmermann.de\/blog\/wp-json\/wp\/v2\/categories?post=13851"},{"taxonomy":"post_tag","embeddable":true,"href":"https:\/\/www.damianzimmermann.de\/blog\/wp-json\/wp\/v2\/tags?post=13851"}],"curies":[{"name":"wp","href":"https:\/\/api.w.org\/{rel}","templated":true}]}}