{"id":13818,"date":"2013-10-07T08:03:46","date_gmt":"2013-10-07T06:03:46","guid":{"rendered":"http:\/\/www.damianzimmermann.de\/blog\/?p=13818"},"modified":"2019-03-24T17:51:00","modified_gmt":"2019-03-24T16:51:00","slug":"concrete-poetry-im-kunstmuseum-bochum","status":"publish","type":"post","link":"https:\/\/www.damianzimmermann.de\/blog\/concrete-poetry-im-kunstmuseum-bochum\/","title":{"rendered":"&#8222;Concrete Poetry&#8220; im Kunstmuseum Bochum"},"content":{"rendered":"<p>Noch bis zum 27. Oktober ist im <strong>Kunstmuseum Bochum<\/strong> die Ausstellung &#8222;Concrete Poetry&#8220; zum sehr ehrgeizigen Bridges-Projekt der <strong>Emschergenossenschaft <\/strong>zu sehen: Der Abwasserentsorger hat es sich zur Aufgabe gemacht, die Ver\u00e4nderungen in der Region durch ein auf 15 Jahre angelegtes Fotografie-Projekt festzuhalten und so eine eigenst\u00e4ndige Sammlung aufzubauen, die einen hohen dokumentarischen sowie k\u00fcnstlerischen Wert besitzt. In der Ausstellung zieht das Projekt nun eine Art Halbzeitbilanz und zeigt unter anderem Arbeiten von <strong>Brigitte Kraemer<\/strong>, <strong>Daniel Hofer<\/strong>, <strong>Axel J. Scherer, Werner K\u00f6ntopp, Benjamin Zibner<\/strong>, <strong>Stefan Bayer, Winfried Labus<\/strong>, <strong>Rosa Maria R\u00fchling<\/strong>, <strong>Stefan Becker<\/strong>, <strong>Christine Steiner<\/strong>, <strong>Maurice Kohl<\/strong>, <strong>Gerald von Foris<\/strong>, <strong>Sarah Appel<\/strong>, <strong>J\u00e9rome Gerull<\/strong>, <strong>Mark Hermenau<\/strong> und <strong>Olaf\u00a0 Unverzart<\/strong>.<\/p>\n<p>Meinen ausf\u00fchrlichen Artikel aus der Photonews gibt es <a href=\"https:\/\/www.damianzimmermann.de\/blog\/wp-content\/uploads\/Photonews_10-13_Concrete-Poetry.pdf\" target=\"_blank\" rel=\"noopener noreferrer\">hier<\/a>.<\/p>\n<p>Link: <a href=\"http:\/\/www.bridges-projects.com\/\" target=\"_blank\" rel=\"noopener noreferrer\">Bridges<\/a><\/p>\n\n\t\t<style type=\"text\/css\">\n\t\t\t#gallery-1 {\n\t\t\t\tmargin: auto;\n\t\t\t}\n\t\t\t#gallery-1 .gallery-item {\n\t\t\t\tfloat: left;\n\t\t\t\tmargin-top: 10px;\n\t\t\t\ttext-align: center;\n\t\t\t\twidth: 100%;\n\t\t\t}\n\t\t\t#gallery-1 img {\n\t\t\t\tborder: 2px solid #cfcfcf;\n\t\t\t}\n\t\t\t#gallery-1 .gallery-caption {\n\t\t\t\tmargin-left: 0;\n\t\t\t}\n\t\t\t\/* see gallery_shortcode() in wp-includes\/media.php *\/\n\t\t<\/style>\n\t\t<div id='gallery-1' class='gallery galleryid-13818 gallery-columns-1 gallery-size-large'><dl class='gallery-item'>\n\t\t\t<dt class='gallery-icon landscape'>\n\t\t\t\t<img loading=\"lazy\" decoding=\"async\" width=\"620\" height=\"350\" src=\"https:\/\/www.damianzimmermann.de\/blog\/wp-content\/uploads\/Installationsansicht.jpg\" class=\"attachment-large size-large\" alt=\"\" aria-describedby=\"gallery-1-13841\" srcset=\"https:\/\/www.damianzimmermann.de\/blog\/wp-content\/uploads\/Installationsansicht.jpg 1000w, https:\/\/www.damianzimmermann.de\/blog\/wp-content\/uploads\/Installationsansicht-200x112.jpg 200w, https:\/\/www.damianzimmermann.de\/blog\/wp-content\/uploads\/Installationsansicht-400x225.jpg 400w\" sizes=\"auto, (max-width: 620px) 100vw, 620px\" \/>\n\t\t\t<\/dt>\n\t\t\t\t<dd class='wp-caption-text gallery-caption' id='gallery-1-13841'>\n\t\t\t\tInstallationsansicht \u00a9 Damian Zimmermann\n\t\t\t\t<\/dd><\/dl><br style=\"clear: both\" \/><dl class='gallery-item'>\n\t\t\t<dt class='gallery-icon portrait'>\n\t\t\t\t<img loading=\"lazy\" decoding=\"async\" width=\"620\" height=\"745\" src=\"https:\/\/www.damianzimmermann.de\/blog\/wp-content\/uploads\/Axel_J_-Scherer2008.jpg\" class=\"attachment-large size-large\" alt=\"\" aria-describedby=\"gallery-1-13838\" srcset=\"https:\/\/www.damianzimmermann.de\/blog\/wp-content\/uploads\/Axel_J_-Scherer2008.jpg 749w, https:\/\/www.damianzimmermann.de\/blog\/wp-content\/uploads\/Axel_J_-Scherer2008-124x150.jpg 124w, https:\/\/www.damianzimmermann.de\/blog\/wp-content\/uploads\/Axel_J_-Scherer2008-332x400.jpg 332w\" sizes=\"auto, (max-width: 620px) 100vw, 620px\" \/>\n\t\t\t<\/dt>\n\t\t\t\t<dd class='wp-caption-text gallery-caption' id='gallery-1-13838'>\n\t\t\t\tAxel J. Scherer, aus der Serie &#8222;Zeitschichten&#8220;\n\t\t\t\t<\/dd><\/dl><br style=\"clear: both\" \/><dl class='gallery-item'>\n\t\t\t<dt class='gallery-icon portrait'>\n\t\t\t\t<img loading=\"lazy\" decoding=\"async\" width=\"600\" height=\"900\" src=\"https:\/\/www.damianzimmermann.de\/blog\/wp-content\/uploads\/BeckerSteiner2009.jpg\" class=\"attachment-large size-large\" alt=\"\" aria-describedby=\"gallery-1-13839\" srcset=\"https:\/\/www.damianzimmermann.de\/blog\/wp-content\/uploads\/BeckerSteiner2009.jpg 600w, https:\/\/www.damianzimmermann.de\/blog\/wp-content\/uploads\/BeckerSteiner2009-100x150.jpg 100w, https:\/\/www.damianzimmermann.de\/blog\/wp-content\/uploads\/BeckerSteiner2009-266x400.jpg 266w\" sizes=\"auto, (max-width: 600px) 100vw, 600px\" \/>\n\t\t\t<\/dt>\n\t\t\t\t<dd class='wp-caption-text gallery-caption' id='gallery-1-13839'>\n\t\t\t\tStefan Becker &#038; Christine Steiner, aus der Serie &#8222;Weiterbauen&#8220;\n\t\t\t\t<\/dd><\/dl><br style=\"clear: both\" \/><dl class='gallery-item'>\n\t\t\t<dt class='gallery-icon portrait'>\n\t\t\t\t<img loading=\"lazy\" decoding=\"async\" width=\"620\" height=\"660\" src=\"https:\/\/www.damianzimmermann.de\/blog\/wp-content\/uploads\/MauriceKohl2007.jpg\" class=\"attachment-large size-large\" alt=\"\" aria-describedby=\"gallery-1-13842\" srcset=\"https:\/\/www.damianzimmermann.de\/blog\/wp-content\/uploads\/MauriceKohl2007.jpg 845w, https:\/\/www.damianzimmermann.de\/blog\/wp-content\/uploads\/MauriceKohl2007-140x150.jpg 140w, https:\/\/www.damianzimmermann.de\/blog\/wp-content\/uploads\/MauriceKohl2007-375x400.jpg 375w\" sizes=\"auto, (max-width: 620px) 100vw, 620px\" \/>\n\t\t\t<\/dt>\n\t\t\t\t<dd class='wp-caption-text gallery-caption' id='gallery-1-13842'>\n\t\t\t\tMaurice Kohl, aus der Serie &#8222;Garten Ebel&#8220;\n\t\t\t\t<\/dd><\/dl><br style=\"clear: both\" \/><dl class='gallery-item'>\n\t\t\t<dt class='gallery-icon landscape'>\n\t\t\t\t<img loading=\"lazy\" decoding=\"async\" width=\"620\" height=\"415\" src=\"https:\/\/www.damianzimmermann.de\/blog\/wp-content\/uploads\/WinfriedLabus2007.jpg\" class=\"attachment-large size-large\" alt=\"\" aria-describedby=\"gallery-1-13845\" srcset=\"https:\/\/www.damianzimmermann.de\/blog\/wp-content\/uploads\/WinfriedLabus2007.jpg 900w, https:\/\/www.damianzimmermann.de\/blog\/wp-content\/uploads\/WinfriedLabus2007-200x134.jpg 200w, https:\/\/www.damianzimmermann.de\/blog\/wp-content\/uploads\/WinfriedLabus2007-400x268.jpg 400w\" sizes=\"auto, (max-width: 620px) 100vw, 620px\" \/>\n\t\t\t<\/dt>\n\t\t\t\t<dd class='wp-caption-text gallery-caption' id='gallery-1-13845'>\n\t\t\t\tWinfried Labus, aus der Serie &#8222;Freilandarchitektur auf dem Grabeland&#8220;\n\t\t\t\t<\/dd><\/dl><br style=\"clear: both\" \/><dl class='gallery-item'>\n\t\t\t<dt class='gallery-icon portrait'>\n\t\t\t\t<img loading=\"lazy\" decoding=\"async\" width=\"620\" height=\"827\" src=\"https:\/\/www.damianzimmermann.de\/blog\/wp-content\/uploads\/DanielHofer2010.jpg\" class=\"attachment-large size-large\" alt=\"\" aria-describedby=\"gallery-1-13840\" srcset=\"https:\/\/www.damianzimmermann.de\/blog\/wp-content\/uploads\/DanielHofer2010.jpg 675w, https:\/\/www.damianzimmermann.de\/blog\/wp-content\/uploads\/DanielHofer2010-112x150.jpg 112w, https:\/\/www.damianzimmermann.de\/blog\/wp-content\/uploads\/DanielHofer2010-300x400.jpg 300w\" sizes=\"auto, (max-width: 620px) 100vw, 620px\" \/>\n\t\t\t<\/dt>\n\t\t\t\t<dd class='wp-caption-text gallery-caption' id='gallery-1-13840'>\n\t\t\t\tDaniel Hofer, aus der Serie &#8222;Sunday Morning&#8220;\n\t\t\t\t<\/dd><\/dl><br style=\"clear: both\" \/><dl class='gallery-item'>\n\t\t\t<dt class='gallery-icon landscape'>\n\t\t\t\t<img loading=\"lazy\" decoding=\"async\" width=\"620\" height=\"601\" src=\"https:\/\/www.damianzimmermann.de\/blog\/wp-content\/uploads\/WernerKoentopp2006.jpg\" class=\"attachment-large size-large\" alt=\"\" aria-describedby=\"gallery-1-13844\" srcset=\"https:\/\/www.damianzimmermann.de\/blog\/wp-content\/uploads\/WernerKoentopp2006.jpg 900w, https:\/\/www.damianzimmermann.de\/blog\/wp-content\/uploads\/WernerKoentopp2006-154x150.jpg 154w, https:\/\/www.damianzimmermann.de\/blog\/wp-content\/uploads\/WernerKoentopp2006-400x387.jpg 400w\" sizes=\"auto, (max-width: 620px) 100vw, 620px\" \/>\n\t\t\t<\/dt>\n\t\t\t\t<dd class='wp-caption-text gallery-caption' id='gallery-1-13844'>\n\t\t\t\tWerner K\u00f6ntopp, aus der Serie &#8222;Emscherland&#8220;\n\t\t\t\t<\/dd><\/dl><br style=\"clear: both\" \/><dl class='gallery-item'>\n\t\t\t<dt class='gallery-icon portrait'>\n\t\t\t\t<img loading=\"lazy\" decoding=\"async\" width=\"620\" height=\"791\" src=\"https:\/\/www.damianzimmermann.de\/blog\/wp-content\/uploads\/StefanBayer2005.jpg\" class=\"attachment-large size-large\" alt=\"\" aria-describedby=\"gallery-1-13843\" srcset=\"https:\/\/www.damianzimmermann.de\/blog\/wp-content\/uploads\/StefanBayer2005.jpg 705w, https:\/\/www.damianzimmermann.de\/blog\/wp-content\/uploads\/StefanBayer2005-117x150.jpg 117w, https:\/\/www.damianzimmermann.de\/blog\/wp-content\/uploads\/StefanBayer2005-313x400.jpg 313w\" sizes=\"auto, (max-width: 620px) 100vw, 620px\" \/>\n\t\t\t<\/dt>\n\t\t\t\t<dd class='wp-caption-text gallery-caption' id='gallery-1-13843'>\n\t\t\t\tStefan Bayer, aus der Serie &#8222;Fluss.Weg&#8220;\n\t\t\t\t<\/dd><\/dl><br style=\"clear: both\" \/>\n\t\t<\/div>\n\n","protected":false},"excerpt":{"rendered":"<p>Noch bis zum 27. Oktober ist im Kunstmuseum Bochum die Ausstellung &#8222;Concrete Poetry&#8220; zum sehr ehrgeizigen Bridges-Projekt der Emschergenossenschaft zu sehen: Der Abwasserentsorger hat es sich zur Aufgabe&#8230;<\/p>\n","protected":false},"author":1,"featured_media":13844,"comment_status":"closed","ping_status":"open","sticky":false,"template":"","format":"standard","meta":{"footnotes":""},"categories":[6],"tags":[1121,1111,1109,1110,1114,421,1116,1118,1119,1115,142,1112,1117,1123,1113,1122,1120],"class_list":["post-13818","post","type-post","status-publish","format-standard","has-post-thumbnail","hentry","category-ausstellungen","tag-axel-j-scherer","tag-benjamin-zibner","tag-bridges","tag-brigitte-kraemer","tag-christine-steiner","tag-daniel-hofer","tag-gerald-von-foris","tag-jerome-gerull","tag-mark-hermenau","tag-maurice-kohl","tag-olaf-unverzart","tag-rosa-maria-ruhling","tag-sarah-appel","tag-stefan-bayer","tag-stefan-becker","tag-werner-kontopp","tag-winfried-labus"],"_links":{"self":[{"href":"https:\/\/www.damianzimmermann.de\/blog\/wp-json\/wp\/v2\/posts\/13818","targetHints":{"allow":["GET"]}}],"collection":[{"href":"https:\/\/www.damianzimmermann.de\/blog\/wp-json\/wp\/v2\/posts"}],"about":[{"href":"https:\/\/www.damianzimmermann.de\/blog\/wp-json\/wp\/v2\/types\/post"}],"author":[{"embeddable":true,"href":"https:\/\/www.damianzimmermann.de\/blog\/wp-json\/wp\/v2\/users\/1"}],"replies":[{"embeddable":true,"href":"https:\/\/www.damianzimmermann.de\/blog\/wp-json\/wp\/v2\/comments?post=13818"}],"version-history":[{"count":25,"href":"https:\/\/www.damianzimmermann.de\/blog\/wp-json\/wp\/v2\/posts\/13818\/revisions"}],"predecessor-version":[{"id":20296,"href":"https:\/\/www.damianzimmermann.de\/blog\/wp-json\/wp\/v2\/posts\/13818\/revisions\/20296"}],"wp:featuredmedia":[{"embeddable":true,"href":"https:\/\/www.damianzimmermann.de\/blog\/wp-json\/wp\/v2\/media\/13844"}],"wp:attachment":[{"href":"https:\/\/www.damianzimmermann.de\/blog\/wp-json\/wp\/v2\/media?parent=13818"}],"wp:term":[{"taxonomy":"category","embeddable":true,"href":"https:\/\/www.damianzimmermann.de\/blog\/wp-json\/wp\/v2\/categories?post=13818"},{"taxonomy":"post_tag","embeddable":true,"href":"https:\/\/www.damianzimmermann.de\/blog\/wp-json\/wp\/v2\/tags?post=13818"}],"curies":[{"name":"wp","href":"https:\/\/api.w.org\/{rel}","templated":true}]}}