{"id":13640,"date":"2013-09-24T09:15:22","date_gmt":"2013-09-24T07:15:22","guid":{"rendered":"http:\/\/www.damianzimmermann.de\/blog\/?p=13640"},"modified":"2019-03-24T18:01:05","modified_gmt":"2019-03-24T17:01:05","slug":"1914-welt-in-farb-im-lvr-landesmuseum","status":"publish","type":"post","link":"https:\/\/www.damianzimmermann.de\/blog\/1914-welt-in-farb-im-lvr-landesmuseum\/","title":{"rendered":"&#8222;1914 &#8211; Welt in Farbe&#8220; im LVR-Landesmuseum"},"content":{"rendered":"<p>Von den \u201eArchives de la plan\u00e8te\u201c des <strong>Albert Kahn<\/strong> hatte ich bereits mehrfach geh\u00f6rt \u2013 nun konnte ich mir einen klitzekleinen Anteil dieser Farbfotografiesammlung aus der Zeit VOR dem Ersten Weltkrieg anschauen. Im LVR-Landesmuseum in Bonn wurde gestern die von <strong>Lothar Altringer<\/strong>, <strong>Rolf Sachsse<\/strong> und <strong>Thomas Schleper<\/strong> kuratierte Ausstellung \u201c1914 \u2013 Welt in Farbe\u201d er\u00f6ffnet. Es ist die erste Ausstellung zum ambitionierten Verbundprojekt \u201c1914 \u2013 Mitten in Europa. Das Rheinland und der Erste Weltkrieg\u201d, in dem in elf Ausstellungen, 100 Veranstaltungen und einem dreit\u00e4gigen Kongress der Frage nachgegangen wird, welche Rolle das Rheinland damals politisch, wirtschaftlich und kulturell spielte.<\/p>\n<p>\u201c1914 \u2013 Welt in Farbe\u201d f\u00e4llt dabei ein wenig aus dem Rahmen, weil sie nicht den Ersten Weltkrieg, die \u201cUrkatastrophe des 20. Jahrhunderts\u201d, behandelt, sondern die Versuche Albert Kahns, kriegerische Auseinandersetzungen durch die Fotografie zu verhindern. Inspiriert durch das von den Br\u00fcdern <strong>Auguste und Louis Lumi\u00e8re<\/strong> entwickelte Autochromverfahren zur Herstellung von Farbfotografien beauftragte Kahn mehrere Fotografen, die in seinem Auftrag um die Welt reisen sollten, um V\u00f6lker und Kulturen zu dokumentieren, um das Verst\u00e4ndnis f\u00fcreinander zu f\u00f6rdern. Allerdings zeigt die Ausstellung noch weit mehr Farbfotos aus dieser Zeit \u2013 zum Beispiel die von <strong>Sergei M. Prokudin-Gorskii<\/strong>, der im Auftrag von <strong>Zar Nikolaus II.<\/strong> das Russische Reich fotografierte.<\/p>\n<p>Mehr erfahrt ihr in meinem\u00a0<a href=\"https:\/\/www.damianzimmermann.de\/blog\/wp-content\/uploads\/257dmz-Welt-in-Farbe.pdf\" target=\"_blank\" rel=\"noopener noreferrer\">Artikel<\/a> aus dem K\u00f6lner Stadt-Anzeiger.<\/p>\n<p>Au\u00dferdem will ich noch auf den Katalog zur Ausstellung hinweisen, der \u00fcberwiegend die Bilder von Albert Kahn zeigt und ebenfalls sehr eindrucksvoll ist. Er ist bei<strong> Hatje Cantz<\/strong> erschienen, hat 144 Seiten, 135 Abbildungen und kostet im Buchhandel 24,80 Euro, im Museumsshop 19,80 Euro.<\/p>\n<p>Link: <a href=\"http:\/\/www.rlmb.lvr.de\/ausstellungen\/\" target=\"_blank\" rel=\"noopener noreferrer\">LVR-Landesmuseum<\/a>, <a href=\"http:\/\/www.hatjecantz.de\/1914-welt-in-farbe-5673-0.html\" target=\"_blank\" rel=\"noopener noreferrer\">Hatje Cantz<\/a><\/p>\n\n\t\t<style type=\"text\/css\">\n\t\t\t#gallery-1 {\n\t\t\t\tmargin: auto;\n\t\t\t}\n\t\t\t#gallery-1 .gallery-item {\n\t\t\t\tfloat: left;\n\t\t\t\tmargin-top: 10px;\n\t\t\t\ttext-align: center;\n\t\t\t\twidth: 100%;\n\t\t\t}\n\t\t\t#gallery-1 img {\n\t\t\t\tborder: 2px solid #cfcfcf;\n\t\t\t}\n\t\t\t#gallery-1 .gallery-caption {\n\t\t\t\tmargin-left: 0;\n\t\t\t}\n\t\t\t\/* see gallery_shortcode() in wp-includes\/media.php *\/\n\t\t<\/style>\n\t\t<div id='gallery-1' class='gallery galleryid-13640 gallery-columns-1 gallery-size-large'><dl class='gallery-item'>\n\t\t\t<dt class='gallery-icon portrait'>\n\t\t\t\t<img loading=\"lazy\" decoding=\"async\" width=\"620\" height=\"724\" src=\"https:\/\/www.damianzimmermann.de\/blog\/wp-content\/uploads\/Cover8.jpg\" class=\"attachment-large size-large\" alt=\"\" aria-describedby=\"gallery-1-13651\" srcset=\"https:\/\/www.damianzimmermann.de\/blog\/wp-content\/uploads\/Cover8.jpg 771w, https:\/\/www.damianzimmermann.de\/blog\/wp-content\/uploads\/Cover8-128x150.jpg 128w, https:\/\/www.damianzimmermann.de\/blog\/wp-content\/uploads\/Cover8-342x400.jpg 342w\" sizes=\"auto, (max-width: 620px) 100vw, 620px\" \/>\n\t\t\t<\/dt>\n\t\t\t\t<dd class='wp-caption-text gallery-caption' id='gallery-1-13651'>\n\t\t\t\t&#8222;1914 &#8211; Welt in Farbe. Farbfotografie vor dem Krieg&#8220; &#8211; Cover\n\t\t\t\t<\/dd><\/dl><br style=\"clear: both\" \/><dl class='gallery-item'>\n\t\t\t<dt class='gallery-icon landscape'>\n\t\t\t\t<img loading=\"lazy\" decoding=\"async\" width=\"620\" height=\"460\" src=\"https:\/\/www.damianzimmermann.de\/blog\/wp-content\/uploads\/mongolei__ulaanbaatar._der_finanzminister_des_unabhaengigen_staats_mongolei_auf_dem_marktplatz__stephane_passet__22._juli_1913.jpg\" class=\"attachment-large size-large\" alt=\"\" aria-describedby=\"gallery-1-13654\" srcset=\"https:\/\/www.damianzimmermann.de\/blog\/wp-content\/uploads\/mongolei__ulaanbaatar._der_finanzminister_des_unabhaengigen_staats_mongolei_auf_dem_marktplatz__stephane_passet__22._juli_1913.jpg 900w, https:\/\/www.damianzimmermann.de\/blog\/wp-content\/uploads\/mongolei__ulaanbaatar._der_finanzminister_des_unabhaengigen_staats_mongolei_auf_dem_marktplatz__stephane_passet__22._juli_1913-200x148.jpg 200w, https:\/\/www.damianzimmermann.de\/blog\/wp-content\/uploads\/mongolei__ulaanbaatar._der_finanzminister_des_unabhaengigen_staats_mongolei_auf_dem_marktplatz__stephane_passet__22._juli_1913-400x296.jpg 400w\" sizes=\"auto, (max-width: 620px) 100vw, 620px\" \/>\n\t\t\t<\/dt>\n\t\t\t\t<dd class='wp-caption-text gallery-caption' id='gallery-1-13654'>\n\t\t\t\tAlbert Kahn: &#8222;Les Archives de la plan\u00e8te&#8220;, Mongolei, Ulaanbaatar. Der Finanzminister des unabhaengigen Staats Mongolei auf dem Marktplatz, St\u00e9phane Passet, 22. Juli 1913 \u00a9 Mus\u00e9e Albert-Kahn, D\u00e9partement des Hauts-de-Seine\n\t\t\t\t<\/dd><\/dl><br style=\"clear: both\" \/><dl class='gallery-item'>\n\t\t\t<dt class='gallery-icon landscape'>\n\t\t\t\t<img loading=\"lazy\" decoding=\"async\" width=\"620\" height=\"453\" src=\"https:\/\/www.damianzimmermann.de\/blog\/wp-content\/uploads\/indien__uttar_pradesh__agra._mausoleum_taj_mahal_von_shah_jahan_fuer_mumtaz_mahal__stephane_passet__19.-21._januar_1914.jpg\" class=\"attachment-large size-large\" alt=\"\" aria-describedby=\"gallery-1-13652\" srcset=\"https:\/\/www.damianzimmermann.de\/blog\/wp-content\/uploads\/indien__uttar_pradesh__agra._mausoleum_taj_mahal_von_shah_jahan_fuer_mumtaz_mahal__stephane_passet__19.-21._januar_1914.jpg 900w, https:\/\/www.damianzimmermann.de\/blog\/wp-content\/uploads\/indien__uttar_pradesh__agra._mausoleum_taj_mahal_von_shah_jahan_fuer_mumtaz_mahal__stephane_passet__19.-21._januar_1914-200x146.jpg 200w, https:\/\/www.damianzimmermann.de\/blog\/wp-content\/uploads\/indien__uttar_pradesh__agra._mausoleum_taj_mahal_von_shah_jahan_fuer_mumtaz_mahal__stephane_passet__19.-21._januar_1914-400x292.jpg 400w\" sizes=\"auto, (max-width: 620px) 100vw, 620px\" \/>\n\t\t\t<\/dt>\n\t\t\t\t<dd class='wp-caption-text gallery-caption' id='gallery-1-13652'>\n\t\t\t\tAlbert Kahn: &#8222;Les Archives de la plan\u00e8te&#8220;, Indien, Uttar Pradesh, Agra. Mausoleum Taj Mahal von Shah Jahan fuer Mumtaz Mahal, St\u00e9phane Passet, 19.-21. Januar 1914 \u00a9 Mus\u00e9e Albert-Kahn, D\u00e9partement des Hauts-de-Seine\n\t\t\t\t<\/dd><\/dl><br style=\"clear: both\" \/><dl class='gallery-item'>\n\t\t\t<dt class='gallery-icon portrait'>\n\t\t\t\t<img loading=\"lazy\" decoding=\"async\" width=\"620\" height=\"844\" src=\"https:\/\/www.damianzimmermann.de\/blog\/wp-content\/uploads\/1914_Welt-in-Farbe_Abb.03.JPG\" class=\"attachment-large size-large\" alt=\"\" aria-describedby=\"gallery-1-13646\" srcset=\"https:\/\/www.damianzimmermann.de\/blog\/wp-content\/uploads\/1914_Welt-in-Farbe_Abb.03.JPG 661w, https:\/\/www.damianzimmermann.de\/blog\/wp-content\/uploads\/1914_Welt-in-Farbe_Abb.03-110x150.jpg 110w, https:\/\/www.damianzimmermann.de\/blog\/wp-content\/uploads\/1914_Welt-in-Farbe_Abb.03-293x400.jpg 293w\" sizes=\"auto, (max-width: 620px) 100vw, 620px\" \/>\n\t\t\t<\/dt>\n\t\t\t\t<dd class='wp-caption-text gallery-caption' id='gallery-1-13646'>\n\t\t\t\tAlbert Kahn: &#8222;Les Archives de la plan\u00e8te&#8220;, Auguste L\u00e9on, Schweden, Laksund, Karinberget, Frisch verheiratetes Paar im Fotoatelier von Gerda S\u00f6derland 28. August 1910 \u00a9 Mus\u00e9e Albert-Kahn, D\u00e9partement des Hauts-de-Seine\n\t\t\t\t<\/dd><\/dl><br style=\"clear: both\" \/><dl class='gallery-item'>\n\t\t\t<dt class='gallery-icon portrait'>\n\t\t\t\t<img loading=\"lazy\" decoding=\"async\" width=\"620\" height=\"869\" src=\"https:\/\/www.damianzimmermann.de\/blog\/wp-content\/uploads\/1914_Welt-in-Farbe_Abb.22.JPG\" class=\"attachment-large size-large\" alt=\"\" aria-describedby=\"gallery-1-13650\" srcset=\"https:\/\/www.damianzimmermann.de\/blog\/wp-content\/uploads\/1914_Welt-in-Farbe_Abb.22.JPG 642w, https:\/\/www.damianzimmermann.de\/blog\/wp-content\/uploads\/1914_Welt-in-Farbe_Abb.22-107x150.jpg 107w, https:\/\/www.damianzimmermann.de\/blog\/wp-content\/uploads\/1914_Welt-in-Farbe_Abb.22-285x400.jpg 285w\" sizes=\"auto, (max-width: 620px) 100vw, 620px\" \/>\n\t\t\t<\/dt>\n\t\t\t\t<dd class='wp-caption-text gallery-caption' id='gallery-1-13650'>\n\t\t\t\tAlbert Kahn: &#8222;Les Archives de la plan\u00e8te&#8220;, Auguste L\u00e9on, Griechenland, Korfu, Drei Frauen in traditioneller Kleidung 1913 \u00a9 Mus\u00e9e Albert-Kahn, D\u00e9partement des Hauts-de-Seine\n\t\t\t\t<\/dd><\/dl><br style=\"clear: both\" \/><dl class='gallery-item'>\n\t\t\t<dt class='gallery-icon landscape'>\n\t\t\t\t<img loading=\"lazy\" decoding=\"async\" width=\"620\" height=\"448\" src=\"https:\/\/www.damianzimmermann.de\/blog\/wp-content\/uploads\/1914_Welt-in-Farbe_Abb.10.JPG\" class=\"attachment-large size-large\" alt=\"\" aria-describedby=\"gallery-1-13648\" srcset=\"https:\/\/www.damianzimmermann.de\/blog\/wp-content\/uploads\/1914_Welt-in-Farbe_Abb.10.JPG 900w, https:\/\/www.damianzimmermann.de\/blog\/wp-content\/uploads\/1914_Welt-in-Farbe_Abb.10-200x144.jpg 200w, https:\/\/www.damianzimmermann.de\/blog\/wp-content\/uploads\/1914_Welt-in-Farbe_Abb.10-400x288.jpg 400w\" sizes=\"auto, (max-width: 620px) 100vw, 620px\" \/>\n\t\t\t<\/dt>\n\t\t\t\t<dd class='wp-caption-text gallery-caption' id='gallery-1-13648'>\n\t\t\t\tAlbert Kahn: &#8222;Les Archives de la plan\u00e8te&#8220;, Auguste L\u00e9on, Bosnien-Herzegowina, Sarajevo, Broth\u00e4ndler auf dem Markt 15. Oktober 1912 \u00a9 Mus\u00e9e Albert-Kahn, D\u00e9partement des Hauts-de-Seine\n\t\t\t\t<\/dd><\/dl><br style=\"clear: both\" \/><dl class='gallery-item'>\n\t\t\t<dt class='gallery-icon landscape'>\n\t\t\t\t<img loading=\"lazy\" decoding=\"async\" width=\"620\" height=\"448\" src=\"https:\/\/www.damianzimmermann.de\/blog\/wp-content\/uploads\/1914_Welt-in-Farbe_Abb.13.JPG\" class=\"attachment-large size-large\" alt=\"\" aria-describedby=\"gallery-1-13649\" srcset=\"https:\/\/www.damianzimmermann.de\/blog\/wp-content\/uploads\/1914_Welt-in-Farbe_Abb.13.JPG 900w, https:\/\/www.damianzimmermann.de\/blog\/wp-content\/uploads\/1914_Welt-in-Farbe_Abb.13-200x144.jpg 200w, https:\/\/www.damianzimmermann.de\/blog\/wp-content\/uploads\/1914_Welt-in-Farbe_Abb.13-400x288.jpg 400w\" sizes=\"auto, (max-width: 620px) 100vw, 620px\" \/>\n\t\t\t<\/dt>\n\t\t\t\t<dd class='wp-caption-text gallery-caption' id='gallery-1-13649'>\n\t\t\t\tAlbert Kahn: &#8222;Les Archives de la plan\u00e8te&#8220;, Auguste L\u00e9on, Serbien, Krusevac, Gefl\u00fcgelverk\u00e4uferinnen auf dem Markt 29. April 1913 \u00a9 Mus\u00e9e Albert-Kahn, D\u00e9partement des Hauts-de-Seine\n\t\t\t\t<\/dd><\/dl><br style=\"clear: both\" \/><dl class='gallery-item'>\n\t\t\t<dt class='gallery-icon portrait'>\n\t\t\t\t<img loading=\"lazy\" decoding=\"async\" width=\"620\" height=\"851\" src=\"https:\/\/www.damianzimmermann.de\/blog\/wp-content\/uploads\/irland__galway__marguerite_mespoulet__26._mai_1913.JPG\" class=\"attachment-large size-large\" alt=\"\" aria-describedby=\"gallery-1-13653\" srcset=\"https:\/\/www.damianzimmermann.de\/blog\/wp-content\/uploads\/irland__galway__marguerite_mespoulet__26._mai_1913.JPG 656w, https:\/\/www.damianzimmermann.de\/blog\/wp-content\/uploads\/irland__galway__marguerite_mespoulet__26._mai_1913-109x150.jpg 109w, https:\/\/www.damianzimmermann.de\/blog\/wp-content\/uploads\/irland__galway__marguerite_mespoulet__26._mai_1913-291x400.jpg 291w\" sizes=\"auto, (max-width: 620px) 100vw, 620px\" \/>\n\t\t\t<\/dt>\n\t\t\t\t<dd class='wp-caption-text gallery-caption' id='gallery-1-13653'>\n\t\t\t\tAlbert Kahn: &#8222;Les Archives de la plan\u00e8te&#8220;, Irland, Galway, Marguerite Mespoulet, 26. Mai 1913 \u00a9 Mus\u00e9e Albert-Kahn, D\u00e9partement des Hauts-de-Seine\n\t\t\t\t<\/dd><\/dl><br style=\"clear: both\" \/><dl class='gallery-item'>\n\t\t\t<dt class='gallery-icon portrait'>\n\t\t\t\t<img loading=\"lazy\" decoding=\"async\" width=\"620\" height=\"852\" src=\"https:\/\/www.damianzimmermann.de\/blog\/wp-content\/uploads\/oesterreich__wien__judengasse__fotograf_unbekannt__23._april_1913.JPG\" class=\"attachment-large size-large\" alt=\"\" aria-describedby=\"gallery-1-13655\" srcset=\"https:\/\/www.damianzimmermann.de\/blog\/wp-content\/uploads\/oesterreich__wien__judengasse__fotograf_unbekannt__23._april_1913.JPG 655w, https:\/\/www.damianzimmermann.de\/blog\/wp-content\/uploads\/oesterreich__wien__judengasse__fotograf_unbekannt__23._april_1913-109x150.jpg 109w, https:\/\/www.damianzimmermann.de\/blog\/wp-content\/uploads\/oesterreich__wien__judengasse__fotograf_unbekannt__23._april_1913-291x400.jpg 291w\" sizes=\"auto, (max-width: 620px) 100vw, 620px\" \/>\n\t\t\t<\/dt>\n\t\t\t\t<dd class='wp-caption-text gallery-caption' id='gallery-1-13655'>\n\t\t\t\tAlbert Kahn: &#8222;Les Archives de la plan\u00e8te&#8220;, \u00d6sterreich, Wien, Judengasse, Fotograf unbekannt, 23. April 1913 \u00a9 Mus\u00e9e Albert-Kahn, D\u00e9partement des Hauts-de-Seine\n\t\t\t\t<\/dd><\/dl><br style=\"clear: both\" \/><dl class='gallery-item'>\n\t\t\t<dt class='gallery-icon landscape'>\n\t\t\t\t<img loading=\"lazy\" decoding=\"async\" width=\"620\" height=\"449\" src=\"https:\/\/www.damianzimmermann.de\/blog\/wp-content\/uploads\/1914_Welt-in-Farbe_Abb.09.JPG\" class=\"attachment-large size-large\" alt=\"\" aria-describedby=\"gallery-1-13647\" srcset=\"https:\/\/www.damianzimmermann.de\/blog\/wp-content\/uploads\/1914_Welt-in-Farbe_Abb.09.JPG 900w, https:\/\/www.damianzimmermann.de\/blog\/wp-content\/uploads\/1914_Welt-in-Farbe_Abb.09-200x144.jpg 200w, https:\/\/www.damianzimmermann.de\/blog\/wp-content\/uploads\/1914_Welt-in-Farbe_Abb.09-400x289.jpg 400w\" sizes=\"auto, (max-width: 620px) 100vw, 620px\" \/>\n\t\t\t<\/dt>\n\t\t\t\t<dd class='wp-caption-text gallery-caption' id='gallery-1-13647'>\n\t\t\t\tAlbert Kahn: &#8222;Les Archives de la plan\u00e8te&#8220;, St\u00e9phane Passet, T\u00fcrkei, Istanbul, Gruppe armenischer Frauen und M\u00e4dchen September 1912 \u00a9 Mus\u00e9e Albert-Kahn, D\u00e9partement des Hauts-de-Seine\n\t\t\t\t<\/dd><\/dl><br style=\"clear: both\" \/>\n\t\t<\/div>\n\n","protected":false},"excerpt":{"rendered":"<p>Von den \u201eArchives de la plan\u00e8te\u201c des Albert Kahn hatte ich bereits mehrfach geh\u00f6rt \u2013 nun konnte ich mir einen klitzekleinen Anteil dieser Farbfotografiesammlung aus der Zeit VOR&#8230;<\/p>\n","protected":false},"author":1,"featured_media":13651,"comment_status":"closed","ping_status":"open","sticky":false,"template":"","format":"standard","meta":{"footnotes":""},"categories":[6,7],"tags":[1102,1101,1104,1105,1103,216,1106],"class_list":["post-13640","post","type-post","status-publish","format-standard","has-post-thumbnail","hentry","category-ausstellungen","category-fotobuecher","tag-albert-kahn","tag-auguste-und-louis-lumiere","tag-lothar-altringer","tag-rolf-sachsse","tag-sergei-m-prokudin-gorskii","tag-the-family-of-man","tag-thomas-schleper"],"_links":{"self":[{"href":"https:\/\/www.damianzimmermann.de\/blog\/wp-json\/wp\/v2\/posts\/13640","targetHints":{"allow":["GET"]}}],"collection":[{"href":"https:\/\/www.damianzimmermann.de\/blog\/wp-json\/wp\/v2\/posts"}],"about":[{"href":"https:\/\/www.damianzimmermann.de\/blog\/wp-json\/wp\/v2\/types\/post"}],"author":[{"embeddable":true,"href":"https:\/\/www.damianzimmermann.de\/blog\/wp-json\/wp\/v2\/users\/1"}],"replies":[{"embeddable":true,"href":"https:\/\/www.damianzimmermann.de\/blog\/wp-json\/wp\/v2\/comments?post=13640"}],"version-history":[{"count":64,"href":"https:\/\/www.damianzimmermann.de\/blog\/wp-json\/wp\/v2\/posts\/13640\/revisions"}],"predecessor-version":[{"id":20300,"href":"https:\/\/www.damianzimmermann.de\/blog\/wp-json\/wp\/v2\/posts\/13640\/revisions\/20300"}],"wp:featuredmedia":[{"embeddable":true,"href":"https:\/\/www.damianzimmermann.de\/blog\/wp-json\/wp\/v2\/media\/13651"}],"wp:attachment":[{"href":"https:\/\/www.damianzimmermann.de\/blog\/wp-json\/wp\/v2\/media?parent=13640"}],"wp:term":[{"taxonomy":"category","embeddable":true,"href":"https:\/\/www.damianzimmermann.de\/blog\/wp-json\/wp\/v2\/categories?post=13640"},{"taxonomy":"post_tag","embeddable":true,"href":"https:\/\/www.damianzimmermann.de\/blog\/wp-json\/wp\/v2\/tags?post=13640"}],"curies":[{"name":"wp","href":"https:\/\/api.w.org\/{rel}","templated":true}]}}