{"id":13517,"date":"2013-09-16T09:46:04","date_gmt":"2013-09-16T07:46:04","guid":{"rendered":"http:\/\/www.damianzimmermann.de\/blog\/?p=13517"},"modified":"2019-03-25T09:33:59","modified_gmt":"2019-03-25T08:33:59","slug":"candida-hofer-im-museum-kunstpalast","status":"publish","type":"post","link":"https:\/\/www.damianzimmermann.de\/blog\/candida-hofer-im-museum-kunstpalast\/","title":{"rendered":"Candida H\u00f6fer im Museum Kunstpalast"},"content":{"rendered":"<p>Im <strong>Museum Kunstpalast<\/strong> in D\u00fcsseldorf ist noch bis zum 9. Februar 2014 eine umfangreiche Ausstellung von <strong>Candida H\u00f6fer<\/strong> zu sehen. Das Besondere: Es werden 70 Fotos aus den vergangenen 40 Jahren gezeigt, die auch alle in D\u00fcsseldorf entstanden sind. Das macht ihre aktuellen Bilder f\u00fcr mich zwar nicht interessanter, aber immerhin bekommt man auch ein paar fr\u00fche Aufnahmen von ihr zu sehen (leider auch mal wieder ihre in letzter Zeit gerne herausgekramte Serie &#8222;T\u00fcrken in Deutschland&#8220;, mit der sie sich Mitte der 70er f\u00fcr die Fotoklasse von <strong>Bernd Becher<\/strong> an der Kunstakademie D\u00fcsseldorf beworben hat). Einzig die Projektion von elf fr\u00fchen Fotografien, die D\u00fcsseldorfer Schaufenster zeigen, in denen sich H\u00f6fer selbst spiegelt, bleibt mir sehr positiv in Erinnerung.<\/p>\n<p>Meine vollst\u00e4ndige Besprechung ist heute im K\u00f6lner Stadt-Anzeiger erschienen und gibt es <a href=\"https:\/\/www.damianzimmermann.de\/blog\/wp-content\/uploads\/255dmz-CandidaH\u00f6fer.pdf\" target=\"_blank\" rel=\"noopener noreferrer\">hier<\/a>.<\/p>\n<p>Link: <a href=\"http:\/\/www.smkp.de\/\" target=\"_blank\" rel=\"noopener noreferrer\">Museum Kunstpalast<\/a><\/p>\n\n\t\t<style type=\"text\/css\">\n\t\t\t#gallery-1 {\n\t\t\t\tmargin: auto;\n\t\t\t}\n\t\t\t#gallery-1 .gallery-item {\n\t\t\t\tfloat: left;\n\t\t\t\tmargin-top: 10px;\n\t\t\t\ttext-align: center;\n\t\t\t\twidth: 100%;\n\t\t\t}\n\t\t\t#gallery-1 img {\n\t\t\t\tborder: 2px solid #cfcfcf;\n\t\t\t}\n\t\t\t#gallery-1 .gallery-caption {\n\t\t\t\tmargin-left: 0;\n\t\t\t}\n\t\t\t\/* see gallery_shortcode() in wp-includes\/media.php *\/\n\t\t<\/style>\n\t\t<div id='gallery-1' class='gallery galleryid-13517 gallery-columns-1 gallery-size-large'><dl class='gallery-item'>\n\t\t\t<dt class='gallery-icon landscape'>\n\t\t\t\t<img loading=\"lazy\" decoding=\"async\" width=\"620\" height=\"421\" src=\"https:\/\/www.damianzimmermann.de\/blog\/wp-content\/uploads\/6_Hoefer__Benrather_Schloss_Duesseldorf_IV.JPG\" class=\"attachment-large size-large\" alt=\"\" aria-describedby=\"gallery-1-13526\" srcset=\"https:\/\/www.damianzimmermann.de\/blog\/wp-content\/uploads\/6_Hoefer__Benrather_Schloss_Duesseldorf_IV.JPG 768w, https:\/\/www.damianzimmermann.de\/blog\/wp-content\/uploads\/6_Hoefer__Benrather_Schloss_Duesseldorf_IV-200x135.jpg 200w, https:\/\/www.damianzimmermann.de\/blog\/wp-content\/uploads\/6_Hoefer__Benrather_Schloss_Duesseldorf_IV-400x271.jpg 400w\" sizes=\"auto, (max-width: 620px) 100vw, 620px\" \/>\n\t\t\t<\/dt>\n\t\t\t\t<dd class='wp-caption-text gallery-caption' id='gallery-1-13526'>\n\t\t\t\tBenrather Schloss D\u00fcsseldorf IV 2011, 180 x 246 cm, C-Print, \u00a9 Candida H\u00f6fer, K\u00f6ln \/ VG Bild-Kunst Bonn 2013 \n\t\t\t\t<\/dd><\/dl><br style=\"clear: both\" \/><dl class='gallery-item'>\n\t\t\t<dt class='gallery-icon landscape'>\n\t\t\t\t<img loading=\"lazy\" decoding=\"async\" width=\"620\" height=\"449\" src=\"https:\/\/www.damianzimmermann.de\/blog\/wp-content\/uploads\/5__Hoefer__Neuer_Stahlhof_Duesseldorf_II.JPG\" class=\"attachment-large size-large\" alt=\"\" aria-describedby=\"gallery-1-13525\" srcset=\"https:\/\/www.damianzimmermann.de\/blog\/wp-content\/uploads\/5__Hoefer__Neuer_Stahlhof_Duesseldorf_II.JPG 768w, https:\/\/www.damianzimmermann.de\/blog\/wp-content\/uploads\/5__Hoefer__Neuer_Stahlhof_Duesseldorf_II-200x144.jpg 200w, https:\/\/www.damianzimmermann.de\/blog\/wp-content\/uploads\/5__Hoefer__Neuer_Stahlhof_Duesseldorf_II-400x289.jpg 400w\" sizes=\"auto, (max-width: 620px) 100vw, 620px\" \/>\n\t\t\t<\/dt>\n\t\t\t\t<dd class='wp-caption-text gallery-caption' id='gallery-1-13525'>\n\t\t\t\tStahlhof D\u00fcsseldorf II 2012, 180 x 209 cm, C-Print, \u00a9 Candida H\u00f6fer, VG Bild-Kunst, 2013 \n\t\t\t\t<\/dd><\/dl><br style=\"clear: both\" \/><dl class='gallery-item'>\n\t\t\t<dt class='gallery-icon portrait'>\n\t\t\t\t<img loading=\"lazy\" decoding=\"async\" width=\"620\" height=\"698\" src=\"https:\/\/www.damianzimmermann.de\/blog\/wp-content\/uploads\/1a_Dreischeibenhaus_Duesseldorf_IX_2011.JPG\" class=\"attachment-large size-large\" alt=\"\" aria-describedby=\"gallery-1-13521\" srcset=\"https:\/\/www.damianzimmermann.de\/blog\/wp-content\/uploads\/1a_Dreischeibenhaus_Duesseldorf_IX_2011.JPG 682w, https:\/\/www.damianzimmermann.de\/blog\/wp-content\/uploads\/1a_Dreischeibenhaus_Duesseldorf_IX_2011-133x150.jpg 133w, https:\/\/www.damianzimmermann.de\/blog\/wp-content\/uploads\/1a_Dreischeibenhaus_Duesseldorf_IX_2011-355x400.jpg 355w\" sizes=\"auto, (max-width: 620px) 100vw, 620px\" \/>\n\t\t\t<\/dt>\n\t\t\t\t<dd class='wp-caption-text gallery-caption' id='gallery-1-13521'>\n\t\t\t\tDreischeibenhaus D\u00fcsseldorf IX 2011, 180 x 164,4 cm, C-Print, \u00a9 Candida H\u00f6fer, K\u00f6ln \/ VG Bild-Kunst Bonn 2013 \n\t\t\t\t<\/dd><\/dl><br style=\"clear: both\" \/><dl class='gallery-item'>\n\t\t\t<dt class='gallery-icon landscape'>\n\t\t\t\t<img loading=\"lazy\" decoding=\"async\" width=\"620\" height=\"422\" src=\"https:\/\/www.damianzimmermann.de\/blog\/wp-content\/uploads\/1_Dreischeibenhaus_Duesseldorf_IV.JPG\" class=\"attachment-large size-large\" alt=\"\" aria-describedby=\"gallery-1-13520\" srcset=\"https:\/\/www.damianzimmermann.de\/blog\/wp-content\/uploads\/1_Dreischeibenhaus_Duesseldorf_IV.JPG 768w, https:\/\/www.damianzimmermann.de\/blog\/wp-content\/uploads\/1_Dreischeibenhaus_Duesseldorf_IV-200x136.jpg 200w, https:\/\/www.damianzimmermann.de\/blog\/wp-content\/uploads\/1_Dreischeibenhaus_Duesseldorf_IV-400x272.jpg 400w\" sizes=\"auto, (max-width: 620px) 100vw, 620px\" \/>\n\t\t\t<\/dt>\n\t\t\t\t<dd class='wp-caption-text gallery-caption' id='gallery-1-13520'>\n\t\t\t\tDreischeibenhaus D\u00fcsseldorf IV 2011, 180 x 245 cm, C-Print, \u00a9 Candida H\u00f6fer, K\u00f6ln \/ VG Bild-Kunst Bonn 2013 \n\t\t\t\t<\/dd><\/dl><br style=\"clear: both\" \/><dl class='gallery-item'>\n\t\t\t<dt class='gallery-icon portrait'>\n\t\t\t\t<img loading=\"lazy\" decoding=\"async\" width=\"617\" height=\"768\" src=\"https:\/\/www.damianzimmermann.de\/blog\/wp-content\/uploads\/2_Hoefer__Kunstakademie_Duesseldorf_III.JPG\" class=\"attachment-large size-large\" alt=\"\" aria-describedby=\"gallery-1-13522\" srcset=\"https:\/\/www.damianzimmermann.de\/blog\/wp-content\/uploads\/2_Hoefer__Kunstakademie_Duesseldorf_III.JPG 617w, https:\/\/www.damianzimmermann.de\/blog\/wp-content\/uploads\/2_Hoefer__Kunstakademie_Duesseldorf_III-120x150.jpg 120w, https:\/\/www.damianzimmermann.de\/blog\/wp-content\/uploads\/2_Hoefer__Kunstakademie_Duesseldorf_III-321x400.jpg 321w\" sizes=\"auto, (max-width: 617px) 100vw, 617px\" \/>\n\t\t\t<\/dt>\n\t\t\t\t<dd class='wp-caption-text gallery-caption' id='gallery-1-13522'>\n\t\t\t\tKunstakademie D\u00fcsseldorf III 2011, 180 x 159 cm, C-Print, \u00a9 Candida H\u00f6fer, K\u00f6ln \/ VG Bild-Kunst Bonn 2013 \n\t\t\t\t<\/dd><\/dl><br style=\"clear: both\" \/><dl class='gallery-item'>\n\t\t\t<dt class='gallery-icon landscape'>\n\t\t\t\t<img loading=\"lazy\" decoding=\"async\" width=\"620\" height=\"449\" src=\"https:\/\/www.damianzimmermann.de\/blog\/wp-content\/uploads\/3_Hoefer__Museum_Kunstpalast_Duesseldorf_I.JPG\" class=\"attachment-large size-large\" alt=\"\" aria-describedby=\"gallery-1-13523\" srcset=\"https:\/\/www.damianzimmermann.de\/blog\/wp-content\/uploads\/3_Hoefer__Museum_Kunstpalast_Duesseldorf_I.JPG 768w, https:\/\/www.damianzimmermann.de\/blog\/wp-content\/uploads\/3_Hoefer__Museum_Kunstpalast_Duesseldorf_I-200x144.jpg 200w, https:\/\/www.damianzimmermann.de\/blog\/wp-content\/uploads\/3_Hoefer__Museum_Kunstpalast_Duesseldorf_I-400x289.jpg 400w\" sizes=\"auto, (max-width: 620px) 100vw, 620px\" \/>\n\t\t\t<\/dt>\n\t\t\t\t<dd class='wp-caption-text gallery-caption' id='gallery-1-13523'>\n\t\t\t\tMuseum Kunstpalast D\u00fcsseldorf I 2011, 180 x 234 cm, C-Print, \u00a9 Candida H\u00f6fer, K\u00f6ln \/ VG Bild-Kunst Bonn 2013 \n\t\t\t\t<\/dd><\/dl><br style=\"clear: both\" \/><dl class='gallery-item'>\n\t\t\t<dt class='gallery-icon landscape'>\n\t\t\t\t<img loading=\"lazy\" decoding=\"async\" width=\"620\" height=\"559\" src=\"https:\/\/www.damianzimmermann.de\/blog\/wp-content\/uploads\/4__Hoefer__Malkasten_Duesseldorf_I.JPG\" class=\"attachment-large size-large\" alt=\"\" aria-describedby=\"gallery-1-13524\" srcset=\"https:\/\/www.damianzimmermann.de\/blog\/wp-content\/uploads\/4__Hoefer__Malkasten_Duesseldorf_I.JPG 768w, https:\/\/www.damianzimmermann.de\/blog\/wp-content\/uploads\/4__Hoefer__Malkasten_Duesseldorf_I-166x150.jpg 166w, https:\/\/www.damianzimmermann.de\/blog\/wp-content\/uploads\/4__Hoefer__Malkasten_Duesseldorf_I-400x360.jpg 400w\" sizes=\"auto, (max-width: 620px) 100vw, 620px\" \/>\n\t\t\t<\/dt>\n\t\t\t\t<dd class='wp-caption-text gallery-caption' id='gallery-1-13524'>\n\t\t\t\tMalkasten D\u00fcsseldorf I 2011, 180 x 195 cm, C-Print, \u00a9 Candida H\u00f6fer, K\u00f6ln \/ VG Bild-Kunst Bonn 2013 \n\t\t\t\t<\/dd><\/dl><br style=\"clear: both\" \/><dl class='gallery-item'>\n\t\t\t<dt class='gallery-icon portrait'>\n\t\t\t\t<img loading=\"lazy\" decoding=\"async\" width=\"620\" height=\"649\" src=\"https:\/\/www.damianzimmermann.de\/blog\/wp-content\/uploads\/7_Hoefer__Julia_Stoschek_Collection_Duesseldorf_X.JPG\" class=\"attachment-large size-large\" alt=\"\" aria-describedby=\"gallery-1-13527\" srcset=\"https:\/\/www.damianzimmermann.de\/blog\/wp-content\/uploads\/7_Hoefer__Julia_Stoschek_Collection_Duesseldorf_X.JPG 734w, https:\/\/www.damianzimmermann.de\/blog\/wp-content\/uploads\/7_Hoefer__Julia_Stoschek_Collection_Duesseldorf_X-143x150.jpg 143w, https:\/\/www.damianzimmermann.de\/blog\/wp-content\/uploads\/7_Hoefer__Julia_Stoschek_Collection_Duesseldorf_X-382x400.jpg 382w\" sizes=\"auto, (max-width: 620px) 100vw, 620px\" \/>\n\t\t\t<\/dt>\n\t\t\t\t<dd class='wp-caption-text gallery-caption' id='gallery-1-13527'>\n\t\t\t\tJulia Stoschek Collection D\u00fcsseldorf X 2008, 85 x 82,4 cm, Silbergelatine-Print, \u00a9 Candida H\u00f6fer, K\u00f6ln \/ VG Bild-Kunst Bonn 2013 \n\t\t\t\t<\/dd><\/dl><br style=\"clear: both\" \/>\n\t\t<\/div>\n\n","protected":false},"excerpt":{"rendered":"<p>Im Museum Kunstpalast in D\u00fcsseldorf ist noch bis zum 9. Februar 2014 eine umfangreiche Ausstellung von Candida H\u00f6fer zu sehen. Das Besondere: Es werden 70 Fotos aus den&#8230;<\/p>\n","protected":false},"author":1,"featured_media":13526,"comment_status":"closed","ping_status":"open","sticky":false,"template":"","format":"standard","meta":{"footnotes":""},"categories":[6],"tags":[255,251],"class_list":["post-13517","post","type-post","status-publish","format-standard","has-post-thumbnail","hentry","category-ausstellungen","tag-bernd-und-hilla-becher","tag-candida-hofer"],"_links":{"self":[{"href":"https:\/\/www.damianzimmermann.de\/blog\/wp-json\/wp\/v2\/posts\/13517","targetHints":{"allow":["GET"]}}],"collection":[{"href":"https:\/\/www.damianzimmermann.de\/blog\/wp-json\/wp\/v2\/posts"}],"about":[{"href":"https:\/\/www.damianzimmermann.de\/blog\/wp-json\/wp\/v2\/types\/post"}],"author":[{"embeddable":true,"href":"https:\/\/www.damianzimmermann.de\/blog\/wp-json\/wp\/v2\/users\/1"}],"replies":[{"embeddable":true,"href":"https:\/\/www.damianzimmermann.de\/blog\/wp-json\/wp\/v2\/comments?post=13517"}],"version-history":[{"count":32,"href":"https:\/\/www.damianzimmermann.de\/blog\/wp-json\/wp\/v2\/posts\/13517\/revisions"}],"predecessor-version":[{"id":20305,"href":"https:\/\/www.damianzimmermann.de\/blog\/wp-json\/wp\/v2\/posts\/13517\/revisions\/20305"}],"wp:featuredmedia":[{"embeddable":true,"href":"https:\/\/www.damianzimmermann.de\/blog\/wp-json\/wp\/v2\/media\/13526"}],"wp:attachment":[{"href":"https:\/\/www.damianzimmermann.de\/blog\/wp-json\/wp\/v2\/media?parent=13517"}],"wp:term":[{"taxonomy":"category","embeddable":true,"href":"https:\/\/www.damianzimmermann.de\/blog\/wp-json\/wp\/v2\/categories?post=13517"},{"taxonomy":"post_tag","embeddable":true,"href":"https:\/\/www.damianzimmermann.de\/blog\/wp-json\/wp\/v2\/tags?post=13517"}],"curies":[{"name":"wp","href":"https:\/\/api.w.org\/{rel}","templated":true}]}}