{"id":12815,"date":"2013-07-02T23:44:09","date_gmt":"2013-07-02T21:44:09","guid":{"rendered":"http:\/\/www.damianzimmermann.de\/blog\/?p=12815"},"modified":"2019-03-25T10:00:23","modified_gmt":"2019-03-25T09:00:23","slug":"philip-lorca-dicorcia-in-der-schirn-kunsthalle","status":"publish","type":"post","link":"https:\/\/www.damianzimmermann.de\/blog\/philip-lorca-dicorcia-in-der-schirn-kunsthalle\/","title":{"rendered":"Philip-Lorca diCorcia in der Schirn Kunsthalle"},"content":{"rendered":"<p>Die erste <strong>Philip-Lorca diCorcia<\/strong>-Retrospektive in Europa? Ich kann es eigentlich kaum glauben, schlie\u00dflich z\u00e4hlt der 1951 geborene Amerikaner zu den gro\u00dfen Fotografen unserer Zeit. Aber offensichtlich ist es so. Die <strong>Schirn Kunsthalle Frankfurt<\/strong> zeigt in einer gro\u00dfangelegten Ausstellung die wesentlichen Serien diCorcias, der vor allem durch &#8222;Hustlers&#8220; und &#8222;Streetwork&#8220; bekannt geworden ist. In der letztgenannten Werkreihe hatte diCorcia seine Blitzanlage auf der Stra\u00dfe von gro\u00dfen Metropolen aufgebaut und ahnungslose Passanten somit &#8222;ins rechte Licht ger\u00fcckt&#8220;. Das dazugeh\u00f6rige Buch habe ich bei Amazon f\u00fcr knapp unter 500 Euro entdeckt. Nicht schlecht.<\/p>\n<p>Aber die Schau, die von <strong>Katharina Dohm<\/strong> kuratiert wurde, zeigt nat\u00fcrlich noch mehr: Die an der Stange h\u00e4ngenden Striptease-T\u00e4nzerinnen von &#8222;Lucky 13&#8220; etwa, seine &#8222;Heads&#8220; und auch sein fr\u00fches &#8222;A Storybook Life&#8220;, das meiner Meinung nach als Zickzack-Wandausstellung eher schlecht funktioniert. Aber nat\u00fcrlich auch den Beginn seiner neuesten Serie &#8222;East of Eden&#8220;, mit der ich ein bisschen meine Probleme habe, weil ich das alles schon zu oft gesehen habe &#8211; zum Beispiel bei <strong>Mitch Epstein<\/strong> und <strong>Joel Sternfeld<\/strong>.<\/p>\n<p>Meinen Artikel, erschienen in der taz, gibt es als PDF <a href=\"https:\/\/www.damianzimmermann.de\/blog\/wp-content\/uploads\/taz-Philip-Lorca-diCorcia.pdf\" target=\"_blank\" rel=\"noopener noreferrer\">hier<\/a>. Wer die Besprechung online lesen will, schaut auf der Seite vom <a href=\"http:\/\/derstandard.at\/1371171202484\/Inszenierte-Wirklichkeit-Wahrer-als-wahr\" target=\"_blank\" rel=\"noopener noreferrer\">Standard<\/a> nach.<\/p>\n<p>Au\u00dferdem m\u00f6chte ich auf den Katalog zur Ausstellung hinweisen, der neben allen Serien u.a. auch ein Interview mit diCorcia enth\u00e4lt und so einen sehr guten \u00dcberblick \u00fcber sein Schaffen gibt. Das Buch ist im <strong>Kerber Verlag<\/strong> erschienen, hat 208 Seiten und kostet 36 Euro.<\/p>\n<p>Link: <a href=\"http:\/\/www.schirn-kunsthalle.de\/Page2977.html\" target=\"_blank\" rel=\"noopener noreferrer\">Schirn<\/a>, <a href=\"https:\/\/www.kerberverlag.com\/de\/detailansicht\/controller\/Shop\/action\/show\/product\/2540.html\" target=\"_blank\" rel=\"noopener noreferrer\">Kerber<\/a><\/p>\n\n\t\t<style type=\"text\/css\">\n\t\t\t#gallery-1 {\n\t\t\t\tmargin: auto;\n\t\t\t}\n\t\t\t#gallery-1 .gallery-item {\n\t\t\t\tfloat: left;\n\t\t\t\tmargin-top: 10px;\n\t\t\t\ttext-align: center;\n\t\t\t\twidth: 100%;\n\t\t\t}\n\t\t\t#gallery-1 img {\n\t\t\t\tborder: 2px solid #cfcfcf;\n\t\t\t}\n\t\t\t#gallery-1 .gallery-caption {\n\t\t\t\tmargin-left: 0;\n\t\t\t}\n\t\t\t\/* see gallery_shortcode() in wp-includes\/media.php *\/\n\t\t<\/style>\n\t\t<div id='gallery-1' class='gallery galleryid-12815 gallery-columns-1 gallery-size-large'><dl class='gallery-item'>\n\t\t\t<dt class='gallery-icon landscape'>\n\t\t\t\t<img loading=\"lazy\" decoding=\"async\" width=\"620\" height=\"489\" src=\"https:\/\/www.damianzimmermann.de\/blog\/wp-content\/uploads\/Schirn_Presse_diCorcia_Sylmar_California_2008.jpg\" class=\"attachment-large size-large\" alt=\"\" aria-describedby=\"gallery-1-12828\" srcset=\"https:\/\/www.damianzimmermann.de\/blog\/wp-content\/uploads\/Schirn_Presse_diCorcia_Sylmar_California_2008.jpg 900w, https:\/\/www.damianzimmermann.de\/blog\/wp-content\/uploads\/Schirn_Presse_diCorcia_Sylmar_California_2008-190x150.jpg 190w, https:\/\/www.damianzimmermann.de\/blog\/wp-content\/uploads\/Schirn_Presse_diCorcia_Sylmar_California_2008-400x315.jpg 400w\" sizes=\"auto, (max-width: 620px) 100vw, 620px\" \/>\n\t\t\t<\/dt>\n\t\t\t\t<dd class='wp-caption-text gallery-caption' id='gallery-1-12828'>\n\t\t\t\tPhilip Lorca diCorcia: &#8222;Sylmar, California, 2008&#8220;, Courtesy the artist und David Zwirner, New York\/London\n\t\t\t\t<\/dd><\/dl><br style=\"clear: both\" \/><dl class='gallery-item'>\n\t\t\t<dt class='gallery-icon landscape'>\n\t\t\t\t<img loading=\"lazy\" decoding=\"async\" width=\"620\" height=\"413\" src=\"https:\/\/www.damianzimmermann.de\/blog\/wp-content\/uploads\/Schirn_Presse_diCorcia_The_Hamptons_2008.jpg\" class=\"attachment-large size-large\" alt=\"\" aria-describedby=\"gallery-1-12829\" srcset=\"https:\/\/www.damianzimmermann.de\/blog\/wp-content\/uploads\/Schirn_Presse_diCorcia_The_Hamptons_2008.jpg 900w, https:\/\/www.damianzimmermann.de\/blog\/wp-content\/uploads\/Schirn_Presse_diCorcia_The_Hamptons_2008-200x133.jpg 200w, https:\/\/www.damianzimmermann.de\/blog\/wp-content\/uploads\/Schirn_Presse_diCorcia_The_Hamptons_2008-400x266.jpg 400w\" sizes=\"auto, (max-width: 620px) 100vw, 620px\" \/>\n\t\t\t<\/dt>\n\t\t\t\t<dd class='wp-caption-text gallery-caption' id='gallery-1-12829'>\n\t\t\t\tPhilip Lorca diCorcia: &#8222;The Hamptons, 2008&#8220;,  Courtesy the artist und David Zwirner, New York\/London\n\t\t\t\t<\/dd><\/dl><br style=\"clear: both\" \/><dl class='gallery-item'>\n\t\t\t<dt class='gallery-icon portrait'>\n\t\t\t\t<img loading=\"lazy\" decoding=\"async\" width=\"600\" height=\"900\" src=\"https:\/\/www.damianzimmermann.de\/blog\/wp-content\/uploads\/Schirn_Presse_diCorcia_Lola_2004.jpg\" class=\"attachment-large size-large\" alt=\"\" aria-describedby=\"gallery-1-12826\" srcset=\"https:\/\/www.damianzimmermann.de\/blog\/wp-content\/uploads\/Schirn_Presse_diCorcia_Lola_2004.jpg 600w, https:\/\/www.damianzimmermann.de\/blog\/wp-content\/uploads\/Schirn_Presse_diCorcia_Lola_2004-100x150.jpg 100w, https:\/\/www.damianzimmermann.de\/blog\/wp-content\/uploads\/Schirn_Presse_diCorcia_Lola_2004-266x400.jpg 266w\" sizes=\"auto, (max-width: 600px) 100vw, 600px\" \/>\n\t\t\t<\/dt>\n\t\t\t\t<dd class='wp-caption-text gallery-caption' id='gallery-1-12826'>\n\t\t\t\tPhilip Lorca diCorcia: &#8222;Lola, 2004&#8220; Courtesy the artist und David Zwirner, New York\/London\n\t\t\t\t<\/dd><\/dl><br style=\"clear: both\" \/><dl class='gallery-item'>\n\t\t\t<dt class='gallery-icon portrait'>\n\t\t\t\t<img loading=\"lazy\" decoding=\"async\" width=\"600\" height=\"900\" src=\"https:\/\/www.damianzimmermann.de\/blog\/wp-content\/uploads\/Schirn_Presse_diCorcia_Juliet_Ms_Muse_2004.jpg\" class=\"attachment-large size-large\" alt=\"\" aria-describedby=\"gallery-1-12825\" srcset=\"https:\/\/www.damianzimmermann.de\/blog\/wp-content\/uploads\/Schirn_Presse_diCorcia_Juliet_Ms_Muse_2004.jpg 600w, https:\/\/www.damianzimmermann.de\/blog\/wp-content\/uploads\/Schirn_Presse_diCorcia_Juliet_Ms_Muse_2004-100x150.jpg 100w, https:\/\/www.damianzimmermann.de\/blog\/wp-content\/uploads\/Schirn_Presse_diCorcia_Juliet_Ms_Muse_2004-266x400.jpg 266w\" sizes=\"auto, (max-width: 600px) 100vw, 600px\" \/>\n\t\t\t<\/dt>\n\t\t\t\t<dd class='wp-caption-text gallery-caption' id='gallery-1-12825'>\n\t\t\t\tPhilip Lorca diCorcia: &#8222;Juliet Ms. Muse, 2004&#8220; Courtesy the artist und David Zwirner, New York\/London\n\t\t\t\t<\/dd><\/dl><br style=\"clear: both\" \/><dl class='gallery-item'>\n\t\t\t<dt class='gallery-icon landscape'>\n\t\t\t\t<img loading=\"lazy\" decoding=\"async\" width=\"620\" height=\"496\" src=\"https:\/\/www.damianzimmermann.de\/blog\/wp-content\/uploads\/Schirn_Presse_diCorcia_Head_11_2001.jpg\" class=\"attachment-large size-large\" alt=\"\" aria-describedby=\"gallery-1-12822\" srcset=\"https:\/\/www.damianzimmermann.de\/blog\/wp-content\/uploads\/Schirn_Presse_diCorcia_Head_11_2001.jpg 900w, https:\/\/www.damianzimmermann.de\/blog\/wp-content\/uploads\/Schirn_Presse_diCorcia_Head_11_2001-187x150.jpg 187w, https:\/\/www.damianzimmermann.de\/blog\/wp-content\/uploads\/Schirn_Presse_diCorcia_Head_11_2001-400x320.jpg 400w\" sizes=\"auto, (max-width: 620px) 100vw, 620px\" \/>\n\t\t\t<\/dt>\n\t\t\t\t<dd class='wp-caption-text gallery-caption' id='gallery-1-12822'>\n\t\t\t\tPhilip Lorca diCorcia: &#8222;Head #11&#8220;, 2001, Courtesy the artist und David Zwirner, New York\/London\n\t\t\t\t<\/dd><\/dl><br style=\"clear: both\" \/><dl class='gallery-item'>\n\t\t\t<dt class='gallery-icon landscape'>\n\t\t\t\t<img loading=\"lazy\" decoding=\"async\" width=\"620\" height=\"496\" src=\"https:\/\/www.damianzimmermann.de\/blog\/wp-content\/uploads\/Schirn_Presse_diCorcia_Head_10_2001.jpg\" class=\"attachment-large size-large\" alt=\"\" aria-describedby=\"gallery-1-12821\" srcset=\"https:\/\/www.damianzimmermann.de\/blog\/wp-content\/uploads\/Schirn_Presse_diCorcia_Head_10_2001.jpg 900w, https:\/\/www.damianzimmermann.de\/blog\/wp-content\/uploads\/Schirn_Presse_diCorcia_Head_10_2001-187x150.jpg 187w, https:\/\/www.damianzimmermann.de\/blog\/wp-content\/uploads\/Schirn_Presse_diCorcia_Head_10_2001-400x320.jpg 400w\" sizes=\"auto, (max-width: 620px) 100vw, 620px\" \/>\n\t\t\t<\/dt>\n\t\t\t\t<dd class='wp-caption-text gallery-caption' id='gallery-1-12821'>\n\t\t\t\tPhilip Lorca diCorcia: &#8222;Head #10&#8220;, 2001, Courtesy the artist und David Zwirner, New York\/London\n\t\t\t\t<\/dd><\/dl><br style=\"clear: both\" \/><dl class='gallery-item'>\n\t\t\t<dt class='gallery-icon landscape'>\n\t\t\t\t<img loading=\"lazy\" decoding=\"async\" width=\"620\" height=\"425\" src=\"https:\/\/www.damianzimmermann.de\/blog\/wp-content\/uploads\/Schirn_Presse_diCorcia_Hong_Kong_1996.jpg\" class=\"attachment-large size-large\" alt=\"\" aria-describedby=\"gallery-1-12823\" srcset=\"https:\/\/www.damianzimmermann.de\/blog\/wp-content\/uploads\/Schirn_Presse_diCorcia_Hong_Kong_1996.jpg 900w, https:\/\/www.damianzimmermann.de\/blog\/wp-content\/uploads\/Schirn_Presse_diCorcia_Hong_Kong_1996-200x137.jpg 200w, https:\/\/www.damianzimmermann.de\/blog\/wp-content\/uploads\/Schirn_Presse_diCorcia_Hong_Kong_1996-400x274.jpg 400w\" sizes=\"auto, (max-width: 620px) 100vw, 620px\" \/>\n\t\t\t<\/dt>\n\t\t\t\t<dd class='wp-caption-text gallery-caption' id='gallery-1-12823'>\n\t\t\t\tPhilip Lorca diCorcia: &#8222;Hong Kong, 1996&#8220;,  Courtesy the artist und David Zwirner, New York\/London\n\t\t\t\t<\/dd><\/dl><br style=\"clear: both\" \/><dl class='gallery-item'>\n\t\t\t<dt class='gallery-icon landscape'>\n\t\t\t\t<img loading=\"lazy\" decoding=\"async\" width=\"620\" height=\"409\" src=\"https:\/\/www.damianzimmermann.de\/blog\/wp-content\/uploads\/Schirn_Presse_diCorcia_New_York_City_1993.jpg\" class=\"attachment-large size-large\" alt=\"\" aria-describedby=\"gallery-1-12827\" srcset=\"https:\/\/www.damianzimmermann.de\/blog\/wp-content\/uploads\/Schirn_Presse_diCorcia_New_York_City_1993.jpg 900w, https:\/\/www.damianzimmermann.de\/blog\/wp-content\/uploads\/Schirn_Presse_diCorcia_New_York_City_1993-200x132.jpg 200w, https:\/\/www.damianzimmermann.de\/blog\/wp-content\/uploads\/Schirn_Presse_diCorcia_New_York_City_1993-400x264.jpg 400w\" sizes=\"auto, (max-width: 620px) 100vw, 620px\" \/>\n\t\t\t<\/dt>\n\t\t\t\t<dd class='wp-caption-text gallery-caption' id='gallery-1-12827'>\n\t\t\t\tPhilip Lorca diCorcia: &#8222;New York, 1993&#8220;,  Courtesy the artist und David Zwirner, New York\/London\n\t\t\t\t<\/dd><\/dl><br style=\"clear: both\" \/><dl class='gallery-item'>\n\t\t\t<dt class='gallery-icon landscape'>\n\t\t\t\t<img loading=\"lazy\" decoding=\"async\" width=\"620\" height=\"411\" src=\"https:\/\/www.damianzimmermann.de\/blog\/wp-content\/uploads\/Schirn_Presse_diCorcia_Ike_Cole_1990-92.jpg\" class=\"attachment-large size-large\" alt=\"\" aria-describedby=\"gallery-1-12824\" srcset=\"https:\/\/www.damianzimmermann.de\/blog\/wp-content\/uploads\/Schirn_Presse_diCorcia_Ike_Cole_1990-92.jpg 900w, https:\/\/www.damianzimmermann.de\/blog\/wp-content\/uploads\/Schirn_Presse_diCorcia_Ike_Cole_1990-92-200x132.jpg 200w, https:\/\/www.damianzimmermann.de\/blog\/wp-content\/uploads\/Schirn_Presse_diCorcia_Ike_Cole_1990-92-400x265.jpg 400w\" sizes=\"auto, (max-width: 620px) 100vw, 620px\" \/>\n\t\t\t<\/dt>\n\t\t\t\t<dd class='wp-caption-text gallery-caption' id='gallery-1-12824'>\n\t\t\t\tPhilip Lorca diCorcia: &#8222;Ike Cole, 38 years old, Los Angeles, California, $ 25&#8220;, 1990-92 \u00a9 Courtesy of the artist und David Zwirner, New York und Spr\u00fcth Magers, London\/Berlin\n\t\t\t\t<\/dd><\/dl><br style=\"clear: both\" \/><dl class='gallery-item'>\n\t\t\t<dt class='gallery-icon landscape'>\n\t\t\t\t<img loading=\"lazy\" decoding=\"async\" width=\"620\" height=\"418\" src=\"https:\/\/www.damianzimmermann.de\/blog\/wp-content\/uploads\/Schirn_Presse_diCorcia_Eddie_Anderson_2001.jpg\" class=\"attachment-large size-large\" alt=\"\" aria-describedby=\"gallery-1-12820\" srcset=\"https:\/\/www.damianzimmermann.de\/blog\/wp-content\/uploads\/Schirn_Presse_diCorcia_Eddie_Anderson_2001.jpg 900w, https:\/\/www.damianzimmermann.de\/blog\/wp-content\/uploads\/Schirn_Presse_diCorcia_Eddie_Anderson_2001-200x134.jpg 200w, https:\/\/www.damianzimmermann.de\/blog\/wp-content\/uploads\/Schirn_Presse_diCorcia_Eddie_Anderson_2001-400x269.jpg 400w\" sizes=\"auto, (max-width: 620px) 100vw, 620px\" \/>\n\t\t\t<\/dt>\n\t\t\t\t<dd class='wp-caption-text gallery-caption' id='gallery-1-12820'>\n\t\t\t\tPhilip Lorca diCorcia: &#8222;Eddie Anderson, 21 years old, Houston, Texas, $ 20&#8220;, 1990-92,  Courtesy the artist und David Zwirner, New York\/London\n\t\t\t\t<\/dd><\/dl><br style=\"clear: both\" \/>\n\t\t<\/div>\n\n","protected":false},"excerpt":{"rendered":"<p>Die erste Philip-Lorca diCorcia-Retrospektive in Europa? Ich kann es eigentlich kaum glauben, schlie\u00dflich z\u00e4hlt der 1951 geborene Amerikaner zu den gro\u00dfen Fotografen unserer Zeit. Aber offensichtlich ist es&#8230;<\/p>\n","protected":false},"author":1,"featured_media":12821,"comment_status":"closed","ping_status":"open","sticky":false,"template":"","format":"standard","meta":{"footnotes":""},"categories":[6,7],"tags":[1078,1077,935,1076],"class_list":["post-12815","post","type-post","status-publish","format-standard","has-post-thumbnail","hentry","category-ausstellungen","category-fotobuecher","tag-joel-sternfeld","tag-katharina-dohm","tag-mitch-epstein","tag-philip-lorca-dicorcia"],"_links":{"self":[{"href":"https:\/\/www.damianzimmermann.de\/blog\/wp-json\/wp\/v2\/posts\/12815","targetHints":{"allow":["GET"]}}],"collection":[{"href":"https:\/\/www.damianzimmermann.de\/blog\/wp-json\/wp\/v2\/posts"}],"about":[{"href":"https:\/\/www.damianzimmermann.de\/blog\/wp-json\/wp\/v2\/types\/post"}],"author":[{"embeddable":true,"href":"https:\/\/www.damianzimmermann.de\/blog\/wp-json\/wp\/v2\/users\/1"}],"replies":[{"embeddable":true,"href":"https:\/\/www.damianzimmermann.de\/blog\/wp-json\/wp\/v2\/comments?post=12815"}],"version-history":[{"count":67,"href":"https:\/\/www.damianzimmermann.de\/blog\/wp-json\/wp\/v2\/posts\/12815\/revisions"}],"predecessor-version":[{"id":20320,"href":"https:\/\/www.damianzimmermann.de\/blog\/wp-json\/wp\/v2\/posts\/12815\/revisions\/20320"}],"wp:featuredmedia":[{"embeddable":true,"href":"https:\/\/www.damianzimmermann.de\/blog\/wp-json\/wp\/v2\/media\/12821"}],"wp:attachment":[{"href":"https:\/\/www.damianzimmermann.de\/blog\/wp-json\/wp\/v2\/media?parent=12815"}],"wp:term":[{"taxonomy":"category","embeddable":true,"href":"https:\/\/www.damianzimmermann.de\/blog\/wp-json\/wp\/v2\/categories?post=12815"},{"taxonomy":"post_tag","embeddable":true,"href":"https:\/\/www.damianzimmermann.de\/blog\/wp-json\/wp\/v2\/tags?post=12815"}],"curies":[{"name":"wp","href":"https:\/\/api.w.org\/{rel}","templated":true}]}}