{"id":12791,"date":"2013-06-28T09:00:27","date_gmt":"2013-06-28T07:00:27","guid":{"rendered":"http:\/\/www.damianzimmermann.de\/blog\/?p=12791"},"modified":"2019-03-25T10:01:09","modified_gmt":"2019-03-25T09:01:09","slug":"streulicht","status":"publish","type":"post","link":"https:\/\/www.damianzimmermann.de\/blog\/streulicht\/","title":{"rendered":"Streulicht"},"content":{"rendered":"<p>Nach <a href=\"https:\/\/www.damianzimmermann.de\/blog\/?p=12742\" target=\"_blank\" rel=\"noopener noreferrer\">Album<\/a> m\u00f6chte ich noch ein zweites, junges Magazin vorstellen: <strong>Streulicht \u2013 Magazin f\u00fcr Fotografie und Artverwandtes<\/strong> lautet der vollst\u00e4ndige Titel. Im Gegensatz zu Album, das ja als \u00fcbergro\u00dfe Tageszeitung daherkommt, sieht Streulicht fast schon wie ein gebundenes Buch aus. Ein Buch, mit einem kreisrunden Loch in der Mitte, durch das man auf die dahinterliegende Seite schauen kann\/soll\/muss. Das gef\u00e4llt mir sehr gut, ist es doch ein konsequentes Spiel sowohl mit den technischen als auch mit den gestalterischen M\u00f6glichkeiten des Mediums Fotografie.<\/p>\n<p>Herausgegeben wird Streulicht von <strong>Amelie Zadeh<\/strong> und <strong>Roland Fischer-Briand<\/strong> aus Wien, die Artdirektion hat <strong>Mario Kiesenhofer<\/strong> \u00fcbernommen. Zwei monothematische Ausgaben (1. Performance, 2. Order\/Disorder) sind bislang erschienen, und w\u00e4hrend man sich bei Album aussuchen kann, ob man lieber die deutsche oder die englische Ausgabe hat, ist Streulicht komplett bilingual. Inhaltlich versteht sich Streulicht selbst als \u201cAusstellungsformat, um sich innerhalb fotografischer Bildpraxis zu artikulieren. Durch die Verschaltung von Theorie und Praxis verstehen wir Fotografie als Kulturtechnik. Diese dialogische Form (Theorie \/ Praxis 1:2) bildet den Raster, durch den Bildwelten abgetastet werden, ohne sie zu zersetzen und festzuschreiben. Demnach halten wir die Grenze zwischen Text- und Bildbeitr\u00e4gen permeabel \u2013 sie soll einen individuellen Zugang der Beitragenden erm\u00f6glichen, Gedanken auch in Bildern zu formulieren und vice versa.\u201d<\/p>\n<p>Leider lesen sich manche Texte in Streulicht genauso h\u00f6lzern-akademisch wie diese Selbstdarstellung, was meine Begeisterung f\u00fcr das Magazin ein wenig d\u00e4mpft &#8211; die Beitr\u00e4ge stammen unter anderem von Kulturwissenschaftlern und Kunsthistorikern. Nicht, dass ich etwas gegen Kulturwissenschaftler und Kunsthistoriker h\u00e4tte, aber meist sind die nicht gerade f\u00fcr eine flotte Schreibe, Praxisbezogenheit und Leidenschaft bekannt. Nat\u00fcrlich gibt es auch andere Texte, vor allem aber gibt es auch sehr gute fotografische Arbeiten zu entdecken. Fotografische Arbeiten, die sich allerdings nicht selten in die Bereiche Konzeptkunst, Performance, Bildhauerei (eben Artverwandtes) ausbreiten. Im Kunstbetrieb w\u00fcrde man dazu wohl &#8222;Es sind K\u00fcnstler, die das Medium Fotografie nutzen&#8220; statt einfach &#8222;Fotograf&#8220; sagen. Aber das ist nochmal ein ganz anderes Thema.<\/p>\n<p>Link: <a href=\"http:\/\/www.streulicht-mag.com\/\" target=\"_blank\" rel=\"noopener noreferrer\">Streulicht<\/a><\/p>\n\n\t\t<style type=\"text\/css\">\n\t\t\t#gallery-1 {\n\t\t\t\tmargin: auto;\n\t\t\t}\n\t\t\t#gallery-1 .gallery-item {\n\t\t\t\tfloat: left;\n\t\t\t\tmargin-top: 10px;\n\t\t\t\ttext-align: center;\n\t\t\t\twidth: 100%;\n\t\t\t}\n\t\t\t#gallery-1 img {\n\t\t\t\tborder: 2px solid #cfcfcf;\n\t\t\t}\n\t\t\t#gallery-1 .gallery-caption {\n\t\t\t\tmargin-left: 0;\n\t\t\t}\n\t\t\t\/* see gallery_shortcode() in wp-includes\/media.php *\/\n\t\t<\/style>\n\t\t<div id='gallery-1' class='gallery galleryid-12791 gallery-columns-1 gallery-size-large'><dl class='gallery-item'>\n\t\t\t<dt class='gallery-icon portrait'>\n\t\t\t\t<img loading=\"lazy\" decoding=\"async\" width=\"600\" height=\"900\" src=\"https:\/\/www.damianzimmermann.de\/blog\/wp-content\/uploads\/cover2.jpg\" class=\"attachment-large size-large\" alt=\"\" aria-describedby=\"gallery-1-12807\" srcset=\"https:\/\/www.damianzimmermann.de\/blog\/wp-content\/uploads\/cover2.jpg 600w, https:\/\/www.damianzimmermann.de\/blog\/wp-content\/uploads\/cover2-100x150.jpg 100w, https:\/\/www.damianzimmermann.de\/blog\/wp-content\/uploads\/cover2-266x400.jpg 266w\" sizes=\"auto, (max-width: 600px) 100vw, 600px\" \/>\n\t\t\t<\/dt>\n\t\t\t\t<dd class='wp-caption-text gallery-caption' id='gallery-1-12807'>\n\t\t\t\tStreulicht #2 \u00a9 Mario Kiesenhofer &#038; Amelie Zadeh\n\t\t\t\t<\/dd><\/dl><br style=\"clear: both\" \/><dl class='gallery-item'>\n\t\t\t<dt class='gallery-icon landscape'>\n\t\t\t\t<img loading=\"lazy\" decoding=\"async\" width=\"620\" height=\"413\" src=\"https:\/\/www.damianzimmermann.de\/blog\/wp-content\/uploads\/glossar.jpg\" class=\"attachment-large size-large\" alt=\"\" aria-describedby=\"gallery-1-12808\" srcset=\"https:\/\/www.damianzimmermann.de\/blog\/wp-content\/uploads\/glossar.jpg 900w, https:\/\/www.damianzimmermann.de\/blog\/wp-content\/uploads\/glossar-200x133.jpg 200w, https:\/\/www.damianzimmermann.de\/blog\/wp-content\/uploads\/glossar-400x266.jpg 400w\" sizes=\"auto, (max-width: 620px) 100vw, 620px\" \/>\n\t\t\t<\/dt>\n\t\t\t\t<dd class='wp-caption-text gallery-caption' id='gallery-1-12808'>\n\t\t\t\tStreulicht #2 \u00a9 Mario Kiesenhofer &#038; Amelie Zadeh\n\t\t\t\t<\/dd><\/dl><br style=\"clear: both\" \/><dl class='gallery-item'>\n\t\t\t<dt class='gallery-icon landscape'>\n\t\t\t\t<img loading=\"lazy\" decoding=\"async\" width=\"620\" height=\"413\" src=\"https:\/\/www.damianzimmermann.de\/blog\/wp-content\/uploads\/closeup2.jpg\" class=\"attachment-large size-large\" alt=\"\" aria-describedby=\"gallery-1-12805\" srcset=\"https:\/\/www.damianzimmermann.de\/blog\/wp-content\/uploads\/closeup2.jpg 900w, https:\/\/www.damianzimmermann.de\/blog\/wp-content\/uploads\/closeup2-200x133.jpg 200w, https:\/\/www.damianzimmermann.de\/blog\/wp-content\/uploads\/closeup2-400x266.jpg 400w\" sizes=\"auto, (max-width: 620px) 100vw, 620px\" \/>\n\t\t\t<\/dt>\n\t\t\t\t<dd class='wp-caption-text gallery-caption' id='gallery-1-12805'>\n\t\t\t\tStreulicht #2 \u00a9 Mario Kiesenhofer &#038; Amelie Zadeh\n\t\t\t\t<\/dd><\/dl><br style=\"clear: both\" \/><dl class='gallery-item'>\n\t\t\t<dt class='gallery-icon landscape'>\n\t\t\t\t<img loading=\"lazy\" decoding=\"async\" width=\"620\" height=\"413\" src=\"https:\/\/www.damianzimmermann.de\/blog\/wp-content\/uploads\/closeup3.jpg\" class=\"attachment-large size-large\" alt=\"\" aria-describedby=\"gallery-1-12806\" srcset=\"https:\/\/www.damianzimmermann.de\/blog\/wp-content\/uploads\/closeup3.jpg 900w, https:\/\/www.damianzimmermann.de\/blog\/wp-content\/uploads\/closeup3-200x133.jpg 200w, https:\/\/www.damianzimmermann.de\/blog\/wp-content\/uploads\/closeup3-400x266.jpg 400w\" sizes=\"auto, (max-width: 620px) 100vw, 620px\" \/>\n\t\t\t<\/dt>\n\t\t\t\t<dd class='wp-caption-text gallery-caption' id='gallery-1-12806'>\n\t\t\t\tStreulicht #2 \u00a9 Mario Kiesenhofer &#038; Amelie Zadeh\n\t\t\t\t<\/dd><\/dl><br style=\"clear: both\" \/>\n\t\t<\/div>\n\n","protected":false},"excerpt":{"rendered":"<p>Nach Album m\u00f6chte ich noch ein zweites, junges Magazin vorstellen: Streulicht \u2013 Magazin f\u00fcr Fotografie und Artverwandtes lautet der vollst\u00e4ndige Titel. Im Gegensatz zu Album, das ja als&#8230;<\/p>\n","protected":false},"author":1,"featured_media":12807,"comment_status":"closed","ping_status":"open","sticky":false,"template":"","format":"standard","meta":{"footnotes":""},"categories":[1162],"tags":[1073,1075,1074],"class_list":["post-12791","post","type-post","status-publish","format-standard","has-post-thumbnail","hentry","category-fotozeitschriften","tag-amelie-zadeh","tag-mario-kiesenhofer","tag-roland-fischer-briand"],"_links":{"self":[{"href":"https:\/\/www.damianzimmermann.de\/blog\/wp-json\/wp\/v2\/posts\/12791","targetHints":{"allow":["GET"]}}],"collection":[{"href":"https:\/\/www.damianzimmermann.de\/blog\/wp-json\/wp\/v2\/posts"}],"about":[{"href":"https:\/\/www.damianzimmermann.de\/blog\/wp-json\/wp\/v2\/types\/post"}],"author":[{"embeddable":true,"href":"https:\/\/www.damianzimmermann.de\/blog\/wp-json\/wp\/v2\/users\/1"}],"replies":[{"embeddable":true,"href":"https:\/\/www.damianzimmermann.de\/blog\/wp-json\/wp\/v2\/comments?post=12791"}],"version-history":[{"count":22,"href":"https:\/\/www.damianzimmermann.de\/blog\/wp-json\/wp\/v2\/posts\/12791\/revisions"}],"predecessor-version":[{"id":20321,"href":"https:\/\/www.damianzimmermann.de\/blog\/wp-json\/wp\/v2\/posts\/12791\/revisions\/20321"}],"wp:featuredmedia":[{"embeddable":true,"href":"https:\/\/www.damianzimmermann.de\/blog\/wp-json\/wp\/v2\/media\/12807"}],"wp:attachment":[{"href":"https:\/\/www.damianzimmermann.de\/blog\/wp-json\/wp\/v2\/media?parent=12791"}],"wp:term":[{"taxonomy":"category","embeddable":true,"href":"https:\/\/www.damianzimmermann.de\/blog\/wp-json\/wp\/v2\/categories?post=12791"},{"taxonomy":"post_tag","embeddable":true,"href":"https:\/\/www.damianzimmermann.de\/blog\/wp-json\/wp\/v2\/tags?post=12791"}],"curies":[{"name":"wp","href":"https:\/\/api.w.org\/{rel}","templated":true}]}}