{"id":12742,"date":"2013-06-24T22:15:04","date_gmt":"2013-06-24T21:15:04","guid":{"rendered":"http:\/\/www.damianzimmermann.de\/blog\/?p=12742"},"modified":"2019-03-25T10:03:35","modified_gmt":"2019-03-25T09:03:35","slug":"album-magazin-fur-fotografie","status":"publish","type":"post","link":"https:\/\/www.damianzimmermann.de\/blog\/album-magazin-fur-fotografie\/","title":{"rendered":"Album, Magazin f\u00fcr Fotografie"},"content":{"rendered":"<p>An dieser Stelle m\u00f6chte ich einmal eine Zeitschrift vorstellen: <strong>Album, Magazin f\u00fcr Fotografie<\/strong>. Es wurde zwar bereits 2010 gegr\u00fcndet, ich habe es aber erst k\u00fcrzlich entdeckt und bin insgesamt sehr begeistert von der im Nordischen Format daherkommenden Publikation. F\u00fcr die, die nicht wissen, was das bedeutet: Aufgeschlagen misst Album satte 80 mal 57 Zentimeter. Damit ist das von <strong>Victor Balko<\/strong>, <strong>Oliver Dignal<\/strong>, <strong>Stefan Stark<\/strong> und der <strong>Hochschule f\u00fcr Gestaltung Offenbach<\/strong> herausgegebene Magazin \u00e4u\u00dfert unhandlich. Das kann schon bei Zeitungen wie der S\u00fcddeutschen oder der Zeit etwas l\u00e4stig sein, aber bei Album sorgt es f\u00fcr einen gewissen Stresslevel beim Lesen \u2013 zumindest bei Leuten wie mir, die vermeiden wollen, dass das gute St\u00fcck Knicke und Eselsohren bekommt, denn die drei bislang erschienenen Ausgaben, die jeweils einem Themenschwerpunkt gewidmet sind, machen wirklich was her.<\/p>\n<p>In der Regel wird auf jeder Doppelseite ein fotografisches Projekt vorgestellt, das meist von einem sehr guten Text erkl\u00e4rt oder erg\u00e4nzt wird. Die bisherigen Hefte hie\u00dfen \u201cIntroducing\u201d, \u201cSame\/Same\u201d und \u201cThe White Album\u201d und besch\u00e4ftigten sich mit Themen, die das Medium Fotografie an sich hinterfragen, auf die Probe stellen und \u2013 um eine bl\u00f6de Kritikerfloskel zu nutzen \u2013 ausloten. W\u00e4hrend in der ersten Ausgabe noch viel ausprobiert und experimentiert wurde (was nicht hei\u00dft, dass es dort nicht trotzdem einen roten Faden gibt), waren die beiden nachfolgenden Hefte bereits monothematisch angelegt: In Heft 2 geht es um \u201cdie M\u00f6glichkeit des einzigartigen Bildes\u201d und in Heft 3 um \u201cUnsichtbarkeit in der Fotografie\u201d.<\/p>\n<p>Die Macher selbst beschreiben Album als \u201cein Spiegel, ein Sprungbrett, eine Spielfl\u00e4che: ein Magazin f\u00fcr Fotografie. Eines, das sich der Fotografie ganz grunds\u00e4tzlich verschrieben hat und den vielgestaltigen Aspekten, die sie ausmachen: Die Fotografie als Thema in Bild und Text im Sinne einer sprachlichen Auseinandersetzung. Oder, allgemein gesprochen, die Fotografie wie man sie wahrnimmt und wie wir sie ernst nehmen.\u201d Und das machen sie so konsequent und harmonisch, dass das Ergebnis fast wie der Katalog zu einer Ausstellung wirkt, in der \u00fcber Fotografie und die unterschiedlichsten Ph\u00e4nomene, die sich aus dem Medium ergeben, nachgedacht wird.<\/p>\n<p>Dass das hier so besonders gut funktioniert und viele Themen vorkommen und angesprochen werden, mit denen ich mich selbst schon besch\u00e4ftigt habe, k\u00f6nnte daran liegen, dass Album von Fotografen und nicht von Kunsthistorikern oder anderen Theoretikern gemacht wird. Der Ansatz der Album-Redaktion ist sehr praxisbezogen, zeugt aber zugleich von einer intellektuellen Auseinandersetzung mit dem Medium \u2013 eine Auseinandersetzung, die ich bei Menschen, die selbst nicht fotografieren, nur sehr selten entdecke. Bei ihnen finde ich meist eine tiefe Sprachlosigkeit, die mittels kunsthistorischer Kr\u00fccken \u00fcberwunden werden muss. Das jedoch geht h\u00e4ufig genug schief, weil die Fotografie sich anderen Problemen ausgesetzt sieht als beispielsweise die Malerei oder weil Nicht-Fotografen fotografische Vorgehensweisen (technisch, gestalterisch und konzeptionell) nicht gut genug kennen und Manipulationen hilflos ausgeliefert sind. Ich will an dieser Stelle nur das Beispiel des renommierten Kunsthistorikers nennen, der sich in der \u201cLebensmittel\u201d-Ausstellung von Michael Schmidt wunderte, dass dessen Fleischwurst nicht so lecker aussah wie in den Werbeprospekten des Supermarkts \u2013 schlie\u00dflich sei es aber doch die gleiche Wurst, wie er ratlos feststelle.<\/p>\n<p>Es w\u00e4re sch\u00f6n, wenn Album hier Abhilfe schaffen k\u00f6nnte.<\/p>\n<p>Link: <a href=\"http:\/\/album-magazin.de\/\" target=\"_blank\" rel=\"noopener noreferrer\">Album<\/a><\/p>\n\n\t\t<style type=\"text\/css\">\n\t\t\t#gallery-1 {\n\t\t\t\tmargin: auto;\n\t\t\t}\n\t\t\t#gallery-1 .gallery-item {\n\t\t\t\tfloat: left;\n\t\t\t\tmargin-top: 10px;\n\t\t\t\ttext-align: center;\n\t\t\t\twidth: 100%;\n\t\t\t}\n\t\t\t#gallery-1 img {\n\t\t\t\tborder: 2px solid #cfcfcf;\n\t\t\t}\n\t\t\t#gallery-1 .gallery-caption {\n\t\t\t\tmargin-left: 0;\n\t\t\t}\n\t\t\t\/* see gallery_shortcode() in wp-includes\/media.php *\/\n\t\t<\/style>\n\t\t<div id='gallery-1' class='gallery galleryid-12742 gallery-columns-1 gallery-size-large'><dl class='gallery-item'>\n\t\t\t<dt class='gallery-icon landscape'>\n\t\t\t\t<img loading=\"lazy\" decoding=\"async\" width=\"620\" height=\"464\" src=\"https:\/\/www.damianzimmermann.de\/blog\/wp-content\/uploads\/Cover7.jpg\" class=\"attachment-large size-large\" alt=\"\" aria-describedby=\"gallery-1-12747\" srcset=\"https:\/\/www.damianzimmermann.de\/blog\/wp-content\/uploads\/Cover7.jpg 900w, https:\/\/www.damianzimmermann.de\/blog\/wp-content\/uploads\/Cover7-200x149.jpg 200w, https:\/\/www.damianzimmermann.de\/blog\/wp-content\/uploads\/Cover7-400x299.jpg 400w\" sizes=\"auto, (max-width: 620px) 100vw, 620px\" \/>\n\t\t\t<\/dt>\n\t\t\t\t<dd class='wp-caption-text gallery-caption' id='gallery-1-12747'>\n\t\t\t\tDie Titelseite von ALBUM, MAGAZIN F\u00dcR FOTOGRAFIE #1\n\t\t\t\t<\/dd><\/dl><br style=\"clear: both\" \/><dl class='gallery-item'>\n\t\t\t<dt class='gallery-icon landscape'>\n\t\t\t\t<img loading=\"lazy\" decoding=\"async\" width=\"620\" height=\"445\" src=\"https:\/\/www.damianzimmermann.de\/blog\/wp-content\/uploads\/repro-110.jpg\" class=\"attachment-large size-large\" alt=\"\" aria-describedby=\"gallery-1-12751\" srcset=\"https:\/\/www.damianzimmermann.de\/blog\/wp-content\/uploads\/repro-110.jpg 900w, https:\/\/www.damianzimmermann.de\/blog\/wp-content\/uploads\/repro-110-200x143.jpg 200w, https:\/\/www.damianzimmermann.de\/blog\/wp-content\/uploads\/repro-110-400x287.jpg 400w\" sizes=\"auto, (max-width: 620px) 100vw, 620px\" \/>\n\t\t\t<\/dt>\n\t\t\t\t<dd class='wp-caption-text gallery-caption' id='gallery-1-12751'>\n\t\t\t\taus der Serie &#8222;Around the world in eighty dioramas&#8220; von Ville Lenkkeri, erschienen in ALBUM, MAGAZIN F\u00dcR FOTOGRAFIE #1GRAFIE #1\n\t\t\t\t<\/dd><\/dl><br style=\"clear: both\" \/><dl class='gallery-item'>\n\t\t\t<dt class='gallery-icon landscape'>\n\t\t\t\t<img loading=\"lazy\" decoding=\"async\" width=\"620\" height=\"446\" src=\"https:\/\/www.damianzimmermann.de\/blog\/wp-content\/uploads\/repro-108.jpg\" class=\"attachment-large size-large\" alt=\"\" aria-describedby=\"gallery-1-12750\" srcset=\"https:\/\/www.damianzimmermann.de\/blog\/wp-content\/uploads\/repro-108.jpg 900w, https:\/\/www.damianzimmermann.de\/blog\/wp-content\/uploads\/repro-108-200x144.jpg 200w, https:\/\/www.damianzimmermann.de\/blog\/wp-content\/uploads\/repro-108-400x288.jpg 400w\" sizes=\"auto, (max-width: 620px) 100vw, 620px\" \/>\n\t\t\t<\/dt>\n\t\t\t\t<dd class='wp-caption-text gallery-caption' id='gallery-1-12750'>\n\t\t\t\taus der Serie \u201cClub\u201d von Clemens Bechmann, erschienen in ALBUM #1\n\t\t\t\t<\/dd><\/dl><br style=\"clear: both\" \/><dl class='gallery-item'>\n\t\t\t<dt class='gallery-icon landscape'>\n\t\t\t\t<img loading=\"lazy\" decoding=\"async\" width=\"620\" height=\"454\" src=\"https:\/\/www.damianzimmermann.de\/blog\/wp-content\/uploads\/repro-107.jpg\" class=\"attachment-large size-large\" alt=\"\" aria-describedby=\"gallery-1-12749\" srcset=\"https:\/\/www.damianzimmermann.de\/blog\/wp-content\/uploads\/repro-107.jpg 900w, https:\/\/www.damianzimmermann.de\/blog\/wp-content\/uploads\/repro-107-200x146.jpg 200w, https:\/\/www.damianzimmermann.de\/blog\/wp-content\/uploads\/repro-107-400x292.jpg 400w\" sizes=\"auto, (max-width: 620px) 100vw, 620px\" \/>\n\t\t\t<\/dt>\n\t\t\t\t<dd class='wp-caption-text gallery-caption' id='gallery-1-12749'>\n\t\t\t\taus der Serie &#8222;Der Erinnerung so nah&#8220; von Egor Kirpichev, erschienen in ALBUM, MAGAZIN F\u00dcR FOTOGRAFIE #1\n\t\t\t\t<\/dd><\/dl><br style=\"clear: both\" \/><dl class='gallery-item'>\n\t\t\t<dt class='gallery-icon landscape'>\n\t\t\t\t<img loading=\"lazy\" decoding=\"async\" width=\"620\" height=\"516\" src=\"https:\/\/www.damianzimmermann.de\/blog\/wp-content\/uploads\/repro-105.jpg\" class=\"attachment-large size-large\" alt=\"\" aria-describedby=\"gallery-1-12748\" srcset=\"https:\/\/www.damianzimmermann.de\/blog\/wp-content\/uploads\/repro-105.jpg 900w, https:\/\/www.damianzimmermann.de\/blog\/wp-content\/uploads\/repro-105-180x150.jpg 180w, https:\/\/www.damianzimmermann.de\/blog\/wp-content\/uploads\/repro-105-400x332.jpg 400w\" sizes=\"auto, (max-width: 620px) 100vw, 620px\" \/>\n\t\t\t<\/dt>\n\t\t\t\t<dd class='wp-caption-text gallery-caption' id='gallery-1-12748'>\n\t\t\t\taus der Serie \u201cWaiting for Mahdi\u201d von Pujan Shakupa, erschienen in ALBUM #1\n\t\t\t\t<\/dd><\/dl><br style=\"clear: both\" \/><dl class='gallery-item'>\n\t\t\t<dt class='gallery-icon portrait'>\n\t\t\t\t<img loading=\"lazy\" decoding=\"async\" width=\"620\" height=\"839\" src=\"https:\/\/www.damianzimmermann.de\/blog\/wp-content\/uploads\/repro-113.jpg\" class=\"attachment-large size-large\" alt=\"\" aria-describedby=\"gallery-1-12752\" srcset=\"https:\/\/www.damianzimmermann.de\/blog\/wp-content\/uploads\/repro-113.jpg 665w, https:\/\/www.damianzimmermann.de\/blog\/wp-content\/uploads\/repro-113-110x150.jpg 110w, https:\/\/www.damianzimmermann.de\/blog\/wp-content\/uploads\/repro-113-295x400.jpg 295w\" sizes=\"auto, (max-width: 620px) 100vw, 620px\" \/>\n\t\t\t<\/dt>\n\t\t\t\t<dd class='wp-caption-text gallery-caption' id='gallery-1-12752'>\n\t\t\t\taus der Serie \u201cWassert\u00fcrme\u201d von Thomas Weyand, erschienen in ALBUM #1\n\t\t\t\t<\/dd><\/dl><br style=\"clear: both\" \/>\n\t\t<\/div>\n\n","protected":false},"excerpt":{"rendered":"<p>An dieser Stelle m\u00f6chte ich einmal eine Zeitschrift vorstellen: Album, Magazin f\u00fcr Fotografie. Es wurde zwar bereits 2010 gegr\u00fcndet, ich habe es aber erst k\u00fcrzlich entdeckt und bin&#8230;<\/p>\n","protected":false},"author":1,"featured_media":12747,"comment_status":"closed","ping_status":"open","sticky":false,"template":"","format":"standard","meta":{"footnotes":""},"categories":[1162],"tags":[1068,1070,1071,1069],"class_list":["post-12742","post","type-post","status-publish","format-standard","has-post-thumbnail","hentry","category-fotozeitschriften","tag-album","tag-oliver-dignal","tag-stefan-stark","tag-victor-balko"],"_links":{"self":[{"href":"https:\/\/www.damianzimmermann.de\/blog\/wp-json\/wp\/v2\/posts\/12742","targetHints":{"allow":["GET"]}}],"collection":[{"href":"https:\/\/www.damianzimmermann.de\/blog\/wp-json\/wp\/v2\/posts"}],"about":[{"href":"https:\/\/www.damianzimmermann.de\/blog\/wp-json\/wp\/v2\/types\/post"}],"author":[{"embeddable":true,"href":"https:\/\/www.damianzimmermann.de\/blog\/wp-json\/wp\/v2\/users\/1"}],"replies":[{"embeddable":true,"href":"https:\/\/www.damianzimmermann.de\/blog\/wp-json\/wp\/v2\/comments?post=12742"}],"version-history":[{"count":16,"href":"https:\/\/www.damianzimmermann.de\/blog\/wp-json\/wp\/v2\/posts\/12742\/revisions"}],"predecessor-version":[{"id":20323,"href":"https:\/\/www.damianzimmermann.de\/blog\/wp-json\/wp\/v2\/posts\/12742\/revisions\/20323"}],"wp:featuredmedia":[{"embeddable":true,"href":"https:\/\/www.damianzimmermann.de\/blog\/wp-json\/wp\/v2\/media\/12747"}],"wp:attachment":[{"href":"https:\/\/www.damianzimmermann.de\/blog\/wp-json\/wp\/v2\/media?parent=12742"}],"wp:term":[{"taxonomy":"category","embeddable":true,"href":"https:\/\/www.damianzimmermann.de\/blog\/wp-json\/wp\/v2\/categories?post=12742"},{"taxonomy":"post_tag","embeddable":true,"href":"https:\/\/www.damianzimmermann.de\/blog\/wp-json\/wp\/v2\/tags?post=12742"}],"curies":[{"name":"wp","href":"https:\/\/api.w.org\/{rel}","templated":true}]}}