{"id":12725,"date":"2013-06-21T21:22:51","date_gmt":"2013-06-21T19:22:51","guid":{"rendered":"http:\/\/www.damianzimmermann.de\/blog\/?p=12725"},"modified":"2019-03-25T10:04:30","modified_gmt":"2019-03-25T09:04:30","slug":"untitled-horrors-von-cindy-sherman","status":"publish","type":"post","link":"https:\/\/www.damianzimmermann.de\/blog\/untitled-horrors-von-cindy-sherman\/","title":{"rendered":"&#8222;Untitled Horrors&#8220; von Cindy Sherman"},"content":{"rendered":"<p>Zu <strong>Cindy Sherman<\/strong> ist eigentlich nicht mehr viel zu sagen. Die 1954 geborene Amerikanerin geh\u00f6rt mit ihren Selbstinszenierungen zu den wichtigsten und erfolgreichsten Fotografinnen der Gegenwart \u00fcberhaupt: Im Kunstkompass hat sie nicht nur seit Jahren einen sicheren Platz unter den Top 10, sondern ist dort \u00fcberhaupt die einzige Vertreterin aus dem Bereich Fotografie. F\u00fcr mich pers\u00f6nlich sind ihre Arbeiten eher uninteressant \u2013 ich habe mich an ihnen satt gesehen und zudem lassen mich ihre Gender-Themen kalt.<\/p>\n<p>Dennoch ist nun ein Buch auf den Markt gekommen, dass meiner Meinung nach besondere Beachtung verdient, weil es sich auf den Aspekt des Gruselns und des Horrors in Cindy Shermans Werk konzentriert. Bereits die Aufmachung gef\u00e4llt mir sehr gut \u2013 anstatt den Umschlag klassisch nach innen zu klappen, sind die Seiten nach au\u00dfen geklappt und verdecken das Titelmotiv zu zwei Drittel: Man sieht lediglich Finger und ein Ohr, die aus einem Haufen feuchter Erde ragen. Klappt man das Cover aus, finden sich noch eine Nase, Lippen, zwei weitere Finger und \u2013 weiter unten \u2013 sogar Z\u00e4hne in der von konspirativem Seitenlicht erhellten Szenerie. Au\u00dferdem liegt auf der Erde ein aufgeklappter Schminkspiegel, in dem das Gesicht einer Person zu sehen ist, die sich das ganze Gemetzel offensichtlich regungslos anschaut. Der T\u00e4ter ist also anwesend, wir k\u00f6nnen ihn allerdings nicht genau verorten \u2013 und das Gruseln im Kopf nimmt seinen Lauf.<\/p>\n<p>Das Buch \u201cUntitled Horrors\u201d ist im Rahmen der gleichnamigen Ausstellung im <strong>Moderna Museet<\/strong> in Stockholm und im <strong>Astrup Fearnley Museet<\/strong> in Oslo im <strong>Hatje Cantz Verlag<\/strong> erschienen (232 Seiten, 135 Abbildungen, 39,80 Euro), wurde aber um Texte von Autoren wie <strong>Kathy Acker<\/strong>, <strong>Miranda July<\/strong>,\u00a0<strong>Karl Ove Knausg\u00e5rd<\/strong> und <strong>Sibylle Berg<\/strong> erg\u00e4nzt, die das Buch wiederum in Kapitel unterteilen. Und die haben es mitunter ganz sch\u00f6n in sich und zeigen Frauenportr\u00e4ts und Frauenleichen, fickende Puppen und k\u00fcnstliche Geschlechtsteile, verschimmeltes Essen und Selbstportr\u00e4ts als Clowns und mit Schweinsnase. Kurzum: Es sind mitunter wirklich ekelhafte Bilder. Und das sage ich selten.<\/p>\n<p>Doch gerade deshalb ist \u201cUntitled Horrors\u201d ein starkes Buch. Nicht \u201csch\u00f6n\u201d im konventionellen Sinne, aber konzentriert. Und so, wie Sherman ihre Bilder nicht benennt, so ist das Grauen hier ebenfalls selten konkret festzuhalten. Nat\u00fcrlich liegt vieles an ihrer Art der Pr\u00e4sentation: Die unnat\u00fcrlichen Farben von Gr\u00fcn bis Lila, die harten, nicht aufgehellten Schatten, die eher an Inszenierungen von Hobbyfotografen und an private Dokumentationen erinnern und dadurch besonders k\u00fcnstlich und authentisch zugleich wirken. Paradox, ich wei\u00df. Aber vielleicht macht ja genau dieses Paradoxon die Faszination ihrer Bilder in dieser Zusammenstellung aus: Wir wissen sofort, dass das alles inszeniert ist, dass das alles Puppen und Plastikk\u00f6rperteile sind \u2013 und dennoch sind wir davon abgesto\u00dfen, weil hier zusammenkommt, was nicht zusammenkommen darf.<\/p>\n<p>Link: <a href=\"http:\/\/www.hatjecantz.de\/controller.php?cmd=detail&amp;titzif=00003486\" target=\"_blank\" rel=\"noopener noreferrer\">Hatje Cantz<\/a><\/p>\n\n\t\t<style type=\"text\/css\">\n\t\t\t#gallery-1 {\n\t\t\t\tmargin: auto;\n\t\t\t}\n\t\t\t#gallery-1 .gallery-item {\n\t\t\t\tfloat: left;\n\t\t\t\tmargin-top: 10px;\n\t\t\t\ttext-align: center;\n\t\t\t\twidth: 100%;\n\t\t\t}\n\t\t\t#gallery-1 img {\n\t\t\t\tborder: 2px solid #cfcfcf;\n\t\t\t}\n\t\t\t#gallery-1 .gallery-caption {\n\t\t\t\tmargin-left: 0;\n\t\t\t}\n\t\t\t\/* see gallery_shortcode() in wp-includes\/media.php *\/\n\t\t<\/style>\n\t\t<div id='gallery-1' class='gallery galleryid-12725 gallery-columns-1 gallery-size-large'><dl class='gallery-item'>\n\t\t\t<dt class='gallery-icon portrait'>\n\t\t\t\t<img loading=\"lazy\" decoding=\"async\" width=\"580\" height=\"748\" src=\"https:\/\/www.damianzimmermann.de\/blog\/wp-content\/uploads\/Cover6.jpg\" class=\"attachment-large size-large\" alt=\"\" aria-describedby=\"gallery-1-12734\" srcset=\"https:\/\/www.damianzimmermann.de\/blog\/wp-content\/uploads\/Cover6.jpg 580w, https:\/\/www.damianzimmermann.de\/blog\/wp-content\/uploads\/Cover6-116x150.jpg 116w, https:\/\/www.damianzimmermann.de\/blog\/wp-content\/uploads\/Cover6-310x400.jpg 310w\" sizes=\"auto, (max-width: 580px) 100vw, 580px\" \/>\n\t\t\t<\/dt>\n\t\t\t\t<dd class='wp-caption-text gallery-caption' id='gallery-1-12734'>\n\t\t\t\tCindy Sherman: &#8222;Untitled Horrors&#8220; &#8211; Cover\n\t\t\t\t<\/dd><\/dl><br style=\"clear: both\" \/><dl class='gallery-item'>\n\t\t\t<dt class='gallery-icon landscape'>\n\t\t\t\t<img loading=\"lazy\" decoding=\"async\" width=\"580\" height=\"290\" src=\"https:\/\/www.damianzimmermann.de\/blog\/wp-content\/uploads\/CS-92-FINAL-MOMAklein.jpg\" class=\"attachment-large size-large\" alt=\"\" aria-describedby=\"gallery-1-12735\" srcset=\"https:\/\/www.damianzimmermann.de\/blog\/wp-content\/uploads\/CS-92-FINAL-MOMAklein.jpg 580w, https:\/\/www.damianzimmermann.de\/blog\/wp-content\/uploads\/CS-92-FINAL-MOMAklein-200x100.jpg 200w, https:\/\/www.damianzimmermann.de\/blog\/wp-content\/uploads\/CS-92-FINAL-MOMAklein-400x200.jpg 400w\" sizes=\"auto, (max-width: 580px) 100vw, 580px\" \/>\n\t\t\t<\/dt>\n\t\t\t\t<dd class='wp-caption-text gallery-caption' id='gallery-1-12735'>\n\t\t\t\tCindy Sherman: \u201cUntitled #92\u2033, 1981 \u00a9 Nasjonalmuseet for kunst, arkitektur og design, Oslo\/ The National Museum of Art, Architecture and Design\n\t\t\t\t<\/dd><\/dl><br style=\"clear: both\" \/><dl class='gallery-item'>\n\t\t\t<dt class='gallery-icon portrait'>\n\t\t\t\t<img loading=\"lazy\" decoding=\"async\" width=\"580\" height=\"887\" src=\"https:\/\/www.damianzimmermann.de\/blog\/wp-content\/uploads\/152_V1_FileKlein.jpg\" class=\"attachment-large size-large\" alt=\"\" aria-describedby=\"gallery-1-12732\" srcset=\"https:\/\/www.damianzimmermann.de\/blog\/wp-content\/uploads\/152_V1_FileKlein.jpg 580w, https:\/\/www.damianzimmermann.de\/blog\/wp-content\/uploads\/152_V1_FileKlein-98x150.jpg 98w, https:\/\/www.damianzimmermann.de\/blog\/wp-content\/uploads\/152_V1_FileKlein-261x400.jpg 261w\" sizes=\"auto, (max-width: 580px) 100vw, 580px\" \/>\n\t\t\t<\/dt>\n\t\t\t\t<dd class='wp-caption-text gallery-caption' id='gallery-1-12732'>\n\t\t\t\tCindy Sherman: \u201cUntitled #152\u2033, 1985 \u00a9 Astrup Fearnley Samlingen\/ Collection\n\t\t\t\t<\/dd><\/dl><br style=\"clear: both\" \/><dl class='gallery-item'>\n\t\t\t<dt class='gallery-icon landscape'>\n\t\t\t\t<img loading=\"lazy\" decoding=\"async\" width=\"580\" height=\"390\" src=\"https:\/\/www.damianzimmermann.de\/blog\/wp-content\/uploads\/167_RGB_REPROKlein.jpg\" class=\"attachment-large size-large\" alt=\"\" aria-describedby=\"gallery-1-12733\" srcset=\"https:\/\/www.damianzimmermann.de\/blog\/wp-content\/uploads\/167_RGB_REPROKlein.jpg 580w, https:\/\/www.damianzimmermann.de\/blog\/wp-content\/uploads\/167_RGB_REPROKlein-200x134.jpg 200w, https:\/\/www.damianzimmermann.de\/blog\/wp-content\/uploads\/167_RGB_REPROKlein-400x268.jpg 400w\" sizes=\"auto, (max-width: 580px) 100vw, 580px\" \/>\n\t\t\t<\/dt>\n\t\t\t\t<dd class='wp-caption-text gallery-caption' id='gallery-1-12733'>\n\t\t\t\tCindy Sherman: \u201cUntitled #167\u2033, 1985 \u00a9 Astrup Fearnley Samlingen\/ Collection\n\t\t\t\t<\/dd><\/dl><br style=\"clear: both\" \/>\n\t\t<\/div>\n\n<p><strong>\u00a0<\/strong><\/p>\n","protected":false},"excerpt":{"rendered":"<p>Zu Cindy Sherman ist eigentlich nicht mehr viel zu sagen. Die 1954 geborene Amerikanerin geh\u00f6rt mit ihren Selbstinszenierungen zu den wichtigsten und erfolgreichsten Fotografinnen der Gegenwart \u00fcberhaupt: Im&#8230;<\/p>\n","protected":false},"author":1,"featured_media":12734,"comment_status":"closed","ping_status":"open","sticky":false,"template":"","format":"standard","meta":{"footnotes":""},"categories":[7],"tags":[619,1066,1064,1065,1067],"class_list":["post-12725","post","type-post","status-publish","format-standard","has-post-thumbnail","hentry","category-fotobuecher","tag-cindy-sherman","tag-karl-ove-knausgard","tag-kathy-acker","tag-miranda-july","tag-sibylle-berg"],"_links":{"self":[{"href":"https:\/\/www.damianzimmermann.de\/blog\/wp-json\/wp\/v2\/posts\/12725","targetHints":{"allow":["GET"]}}],"collection":[{"href":"https:\/\/www.damianzimmermann.de\/blog\/wp-json\/wp\/v2\/posts"}],"about":[{"href":"https:\/\/www.damianzimmermann.de\/blog\/wp-json\/wp\/v2\/types\/post"}],"author":[{"embeddable":true,"href":"https:\/\/www.damianzimmermann.de\/blog\/wp-json\/wp\/v2\/users\/1"}],"replies":[{"embeddable":true,"href":"https:\/\/www.damianzimmermann.de\/blog\/wp-json\/wp\/v2\/comments?post=12725"}],"version-history":[{"count":14,"href":"https:\/\/www.damianzimmermann.de\/blog\/wp-json\/wp\/v2\/posts\/12725\/revisions"}],"predecessor-version":[{"id":20324,"href":"https:\/\/www.damianzimmermann.de\/blog\/wp-json\/wp\/v2\/posts\/12725\/revisions\/20324"}],"wp:featuredmedia":[{"embeddable":true,"href":"https:\/\/www.damianzimmermann.de\/blog\/wp-json\/wp\/v2\/media\/12734"}],"wp:attachment":[{"href":"https:\/\/www.damianzimmermann.de\/blog\/wp-json\/wp\/v2\/media?parent=12725"}],"wp:term":[{"taxonomy":"category","embeddable":true,"href":"https:\/\/www.damianzimmermann.de\/blog\/wp-json\/wp\/v2\/categories?post=12725"},{"taxonomy":"post_tag","embeddable":true,"href":"https:\/\/www.damianzimmermann.de\/blog\/wp-json\/wp\/v2\/tags?post=12725"}],"curies":[{"name":"wp","href":"https:\/\/api.w.org\/{rel}","templated":true}]}}