{"id":12718,"date":"2013-06-19T22:02:06","date_gmt":"2013-06-19T20:02:06","guid":{"rendered":"http:\/\/www.damianzimmermann.de\/blog\/?p=12718"},"modified":"2019-03-25T10:06:26","modified_gmt":"2019-03-25T09:06:26","slug":"woman-in-red-von-osman-orsal","status":"publish","type":"post","link":"https:\/\/www.damianzimmermann.de\/blog\/woman-in-red-von-osman-orsal\/","title":{"rendered":"&#8222;Woman in red&#8220; von Osman Orsal"},"content":{"rendered":"<p>Meine ehemalige Kollegin <strong>Kathrin Gemein<\/strong> hat mich gefragt, ob ich nicht etwas f\u00fcr ihren neuen Blog &#8222;Pop-Momente&#8220; schreiben wolle. Darin soll es um die besonderen Momente gehen, &#8222;die einen Abdruck hinterlassen, zu einem Teil der eigenen Identit\u00e4t werden und so bis auf Weiteres abrufbar bleiben. Das kann eine Filmszene sein, ein bestimmtes Lied, eine Zeichnung in einem Graphic Novel, ein Ausspruch einer Serienfigur.&#8220;<\/p>\n<p>Nat\u00fcrlich dachte ich sofort an fotografische Pop-Momente, von denen sich einige fest in meine Biografie verankert haben. Aus gegebenem Anlass habe ich mich dann f\u00fcr das J\u00fcngste entschieden &#8211; es geht um das Foto <a href=\"https:\/\/twitter.com\/mirkoschaefer\/status\/340446801981214722\/photo\/1\" target=\"_blank\" rel=\"noopener noreferrer\">Woman in red<\/a> des Fotografen <strong>Osman Orsal<\/strong>, auf der eine Frau im roten Sommerkleid von einem Polizisten mit Tr\u00e4nengas bespr\u00fcht wird. Das Foto hat sich innerhalb k\u00fcrzester Zeit zu einer Ikone der Protestbewegung in der T\u00fcrkei entwickelt und wurde im besten Sinne der Popkultur adaptiert und zum Internet-Ph\u00e4nomen. Gleichzeitig erinnert es mich sowohl an <strong>Stuart Franklins<\/strong> <a href=\"http:\/\/www.stuartfranklin.com\/albums?album=27\" target=\"_blank\" rel=\"noopener noreferrer\">Tank Man<\/a> als auch an <strong>Eddie Adams\u2019<\/strong> Foto vom Polizeichef von Saigon, der auf offener Stra\u00dfe einen gefangenen Vietcong <a href=\"http:\/\/www.archive.worldpressphoto.org\/search\/layout\/result\/indeling\/detailwpp\/form\/wpp\/q\/ishoofdafbeelding\/true\/trefwoord\/year\/1968\" target=\"_blank\" rel=\"noopener noreferrer\">hinrichtet<\/a>.<\/p>\n<p>Meine vollst\u00e4ndigen Text findet ihr auf <a href=\"http:\/\/popmomente.tumblr.com\/tagged\/occupygezi\" target=\"_blank\" rel=\"noopener noreferrer\">Pop-Momente<\/a>.<\/p>\n","protected":false},"excerpt":{"rendered":"<p>Meine ehemalige Kollegin Kathrin Gemein hat mich gefragt, ob ich nicht etwas f\u00fcr ihren neuen Blog &#8222;Pop-Momente&#8220; schreiben wolle. Darin soll es um die besonderen Momente gehen, &#8222;die&#8230;<\/p>\n","protected":false},"author":1,"featured_media":20325,"comment_status":"closed","ping_status":"open","sticky":false,"template":"","format":"standard","meta":{"footnotes":""},"categories":[1],"tags":[654,1062,1063],"class_list":["post-12718","post","type-post","status-publish","format-standard","has-post-thumbnail","hentry","category-allgemein","tag-eddie-adams","tag-osman-orsal","tag-stuart-franklin"],"_links":{"self":[{"href":"https:\/\/www.damianzimmermann.de\/blog\/wp-json\/wp\/v2\/posts\/12718","targetHints":{"allow":["GET"]}}],"collection":[{"href":"https:\/\/www.damianzimmermann.de\/blog\/wp-json\/wp\/v2\/posts"}],"about":[{"href":"https:\/\/www.damianzimmermann.de\/blog\/wp-json\/wp\/v2\/types\/post"}],"author":[{"embeddable":true,"href":"https:\/\/www.damianzimmermann.de\/blog\/wp-json\/wp\/v2\/users\/1"}],"replies":[{"embeddable":true,"href":"https:\/\/www.damianzimmermann.de\/blog\/wp-json\/wp\/v2\/comments?post=12718"}],"version-history":[{"count":7,"href":"https:\/\/www.damianzimmermann.de\/blog\/wp-json\/wp\/v2\/posts\/12718\/revisions"}],"predecessor-version":[{"id":19700,"href":"https:\/\/www.damianzimmermann.de\/blog\/wp-json\/wp\/v2\/posts\/12718\/revisions\/19700"}],"wp:featuredmedia":[{"embeddable":true,"href":"https:\/\/www.damianzimmermann.de\/blog\/wp-json\/wp\/v2\/media\/20325"}],"wp:attachment":[{"href":"https:\/\/www.damianzimmermann.de\/blog\/wp-json\/wp\/v2\/media?parent=12718"}],"wp:term":[{"taxonomy":"category","embeddable":true,"href":"https:\/\/www.damianzimmermann.de\/blog\/wp-json\/wp\/v2\/categories?post=12718"},{"taxonomy":"post_tag","embeddable":true,"href":"https:\/\/www.damianzimmermann.de\/blog\/wp-json\/wp\/v2\/tags?post=12718"}],"curies":[{"name":"wp","href":"https:\/\/api.w.org\/{rel}","templated":true}]}}