{"id":12540,"date":"2009-07-25T09:23:10","date_gmt":"2009-07-25T07:23:10","guid":{"rendered":"http:\/\/www.damianzimmermann.de\/blog\/?p=12540"},"modified":"2019-03-27T21:23:30","modified_gmt":"2019-03-27T20:23:30","slug":"frauke-thielking-in-der-galerie-elsass","status":"publish","type":"post","link":"https:\/\/www.damianzimmermann.de\/blog\/frauke-thielking-in-der-galerie-elsass\/","title":{"rendered":"Frauke Thielking in der Galerie Elsass"},"content":{"rendered":"<p style=\"margin-bottom: 0cm;\">Die 1977 geborene <strong>Frauke Thielking<\/strong> zeigt in der neuen, auf Fotografie spezialisierten <strong>Galerie Elsass<\/strong> ihre Serie \u201eReady, steady, go\u201c. In ihren Bildern verl\u00e4sst der Mensch seinen angestammten Platz und tritt in R\u00e4ume ein, um nur noch \u201ezu funktionieren\u201c &#8211; als H\u00fcrden in der Arena genauso wie als menschliche Windkraftr\u00e4der auf einer Wiese, als Waggons auf einer einsamen Schienenstrecke, als rot-wei\u00dfe Begrenzungen im Schwimmbecken oder als Bagger in einer Kiesgrube.<\/p>\n<p style=\"margin-bottom: 0cm;\">Meine Besprechung aus dem K\u00f6lner Stadt-Anzeiger gibt es <a href=\"https:\/\/www.damianzimmermann.de\/blog\/wp-content\/uploads\/49Frauke-Thielking.pdf\" target=\"_blank\" rel=\"noopener noreferrer\">hier<\/a>.<\/p>\n\n\t\t<style type=\"text\/css\">\n\t\t\t#gallery-1 {\n\t\t\t\tmargin: auto;\n\t\t\t}\n\t\t\t#gallery-1 .gallery-item {\n\t\t\t\tfloat: left;\n\t\t\t\tmargin-top: 10px;\n\t\t\t\ttext-align: center;\n\t\t\t\twidth: 100%;\n\t\t\t}\n\t\t\t#gallery-1 img {\n\t\t\t\tborder: 2px solid #cfcfcf;\n\t\t\t}\n\t\t\t#gallery-1 .gallery-caption {\n\t\t\t\tmargin-left: 0;\n\t\t\t}\n\t\t\t\/* see gallery_shortcode() in wp-includes\/media.php *\/\n\t\t<\/style>\n\t\t<div id='gallery-1' class='gallery galleryid-12540 gallery-columns-1 gallery-size-large'><dl class='gallery-item'>\n\t\t\t<dt class='gallery-icon landscape'>\n\t\t\t\t<img loading=\"lazy\" decoding=\"async\" width=\"620\" height=\"303\" src=\"https:\/\/www.damianzimmermann.de\/blog\/wp-content\/uploads\/frauke-1.jpg\" class=\"attachment-large size-large\" alt=\"\" aria-describedby=\"gallery-1-20734\" srcset=\"https:\/\/www.damianzimmermann.de\/blog\/wp-content\/uploads\/frauke-1.jpg 750w, https:\/\/www.damianzimmermann.de\/blog\/wp-content\/uploads\/frauke-1-200x98.jpg 200w, https:\/\/www.damianzimmermann.de\/blog\/wp-content\/uploads\/frauke-1-400x196.jpg 400w, https:\/\/www.damianzimmermann.de\/blog\/wp-content\/uploads\/frauke-1-210x103.jpg 210w\" sizes=\"auto, (max-width: 620px) 100vw, 620px\" \/>\n\t\t\t<\/dt>\n\t\t\t\t<dd class='wp-caption-text gallery-caption' id='gallery-1-20734'>\n\t\t\t\tFrauke Thielking: \u201eReady, steady, go\u201c\n\t\t\t\t<\/dd><\/dl><br style=\"clear: both\" \/><dl class='gallery-item'>\n\t\t\t<dt class='gallery-icon landscape'>\n\t\t\t\t<img loading=\"lazy\" decoding=\"async\" width=\"620\" height=\"303\" src=\"https:\/\/www.damianzimmermann.de\/blog\/wp-content\/uploads\/frauke-2.jpg\" class=\"attachment-large size-large\" alt=\"\" aria-describedby=\"gallery-1-20735\" srcset=\"https:\/\/www.damianzimmermann.de\/blog\/wp-content\/uploads\/frauke-2.jpg 750w, https:\/\/www.damianzimmermann.de\/blog\/wp-content\/uploads\/frauke-2-200x98.jpg 200w, https:\/\/www.damianzimmermann.de\/blog\/wp-content\/uploads\/frauke-2-400x196.jpg 400w, https:\/\/www.damianzimmermann.de\/blog\/wp-content\/uploads\/frauke-2-210x103.jpg 210w\" sizes=\"auto, (max-width: 620px) 100vw, 620px\" \/>\n\t\t\t<\/dt>\n\t\t\t\t<dd class='wp-caption-text gallery-caption' id='gallery-1-20735'>\n\t\t\t\tFrauke Thielking: \u201eReady, steady, go\u201c\n\t\t\t\t<\/dd><\/dl><br style=\"clear: both\" \/>\n\t\t<\/div>\n\n<p style=\"margin-bottom: 0cm;\">\n","protected":false},"excerpt":{"rendered":"<p>Die 1977 geborene Frauke Thielking zeigt in der neuen, auf Fotografie spezialisierten Galerie Elsass ihre Serie \u201eReady, steady, go\u201c. In ihren Bildern verl\u00e4sst der Mensch seinen angestammten Platz&#8230;<\/p>\n","protected":false},"author":1,"featured_media":20734,"comment_status":"closed","ping_status":"open","sticky":false,"template":"","format":"standard","meta":{"footnotes":""},"categories":[6],"tags":[1053],"class_list":["post-12540","post","type-post","status-publish","format-standard","has-post-thumbnail","hentry","category-ausstellungen","tag-frauke-thielking"],"_links":{"self":[{"href":"https:\/\/www.damianzimmermann.de\/blog\/wp-json\/wp\/v2\/posts\/12540","targetHints":{"allow":["GET"]}}],"collection":[{"href":"https:\/\/www.damianzimmermann.de\/blog\/wp-json\/wp\/v2\/posts"}],"about":[{"href":"https:\/\/www.damianzimmermann.de\/blog\/wp-json\/wp\/v2\/types\/post"}],"author":[{"embeddable":true,"href":"https:\/\/www.damianzimmermann.de\/blog\/wp-json\/wp\/v2\/users\/1"}],"replies":[{"embeddable":true,"href":"https:\/\/www.damianzimmermann.de\/blog\/wp-json\/wp\/v2\/comments?post=12540"}],"version-history":[{"count":12,"href":"https:\/\/www.damianzimmermann.de\/blog\/wp-json\/wp\/v2\/posts\/12540\/revisions"}],"predecessor-version":[{"id":20738,"href":"https:\/\/www.damianzimmermann.de\/blog\/wp-json\/wp\/v2\/posts\/12540\/revisions\/20738"}],"wp:featuredmedia":[{"embeddable":true,"href":"https:\/\/www.damianzimmermann.de\/blog\/wp-json\/wp\/v2\/media\/20734"}],"wp:attachment":[{"href":"https:\/\/www.damianzimmermann.de\/blog\/wp-json\/wp\/v2\/media?parent=12540"}],"wp:term":[{"taxonomy":"category","embeddable":true,"href":"https:\/\/www.damianzimmermann.de\/blog\/wp-json\/wp\/v2\/categories?post=12540"},{"taxonomy":"post_tag","embeddable":true,"href":"https:\/\/www.damianzimmermann.de\/blog\/wp-json\/wp\/v2\/tags?post=12540"}],"curies":[{"name":"wp","href":"https:\/\/api.w.org\/{rel}","templated":true}]}}