{"id":12324,"date":"2013-05-25T09:07:19","date_gmt":"2013-05-25T07:07:19","guid":{"rendered":"http:\/\/www.damianzimmermann.de\/blog\/?p=12324"},"modified":"2019-03-25T11:51:03","modified_gmt":"2019-03-25T10:51:03","slug":"das-paradies-ist-hier-von-frank-darius","status":"publish","type":"post","link":"https:\/\/www.damianzimmermann.de\/blog\/das-paradies-ist-hier-von-frank-darius\/","title":{"rendered":"&#8222;Das Paradies ist hier&#8220; von Frank Darius"},"content":{"rendered":"<p>Gerade noch geschafft: Eine halbe Stunde vor dem Ende der Ausstellung &#8222;Das Paradies ist hier&#8220; von <strong>Frank Darius<\/strong> bin ich in die <strong>Alfred-Ehrhardt-Stiftung<\/strong> in Berlin gehuscht, um mir die Fotos im Original anzuschauen. Das gleichnamige Buch (erschienen im <strong>Kehrer Verlag, <\/strong>88 Seiten, 47 Fotos, 39,90 Euro) hatte ich bereits gesehen. Dabei ist mir aufgefallen, dass ich auch nach Jahren noch immer von der unterschiedlichen Wirkung von Fotos \u00fcberrascht werden kann &#8211; je nachdem, ob ich sie auf dem Bildschirm, in einem Buch oder eben an einer Wand h\u00e4ngen sehe. Nat\u00fcrlich spielen viele Faktoren eine Rolle und kein Medium ist per se besser oder schlechter. In diesem konkreten Fall bin ich allerdings eindeutig ein Fan des Buches.<\/p>\n<p>Denn im Vergleich zu seiner sinnlichen Haptik mit dem groben und zugleich feinen Papier, dem Umschlag wie aus einem Guss und dem Rhythmus der Bilder ber\u00fchrten mich die Abz\u00fcge in der Ausstellung nicht wirklich. Es war mir ein Zuviel des Immergleichen &#8211; zu viel Wei\u00df, zu viel Minimalismus (ein h\u00fcbsches Paradoxon), zu viel das gleiche Motiv. Ich war jedenfalls dankbar, als ich den &#8222;Teufelsberg&#8220; und &#8222;Wall&#8220; entdeckte, weil diese Landschaften Abwechslung in die Ausstellung brachten.<\/p>\n<p>Aber um was geht es in &#8222;Das Paradies ist hier&#8220; \u00fcberhaupt? Wie bereits erw\u00e4hnt, sind Darius&#8216; Fotografien vollgestopft mit Leere. Meist zeigt er Pflanzen wie Schilf, Gras oder h\u00e4ngende Birkenzweige, die im Nichts zu schweben scheinen. Tats\u00e4chlich spiegeln sie sich im Wasser oder befinden sich in einer verschneiten oder vernebelten Landschaft, in der nichts weiter au\u00dfer sie selbst zu existieren scheinen. Es ist, als h\u00e4tte Darius die Natur in ein Studio geholt und sie vor einer Hohlkehle fotografiert. In dem Foto &#8222;Landschaft I&#8220; geht er sogar soweit, ein komplett wei\u00dfes Bild auszustellen. Nein, entschuldigung &#8211; wer ganz genau hinschaut, entdeckt eine zarte Horizontlinie und einen winzigen Helligkeitsunterschied. <strong>Hiroshi Sugimotos<\/strong> Meeresbilder sind dagegen pures Geschw\u00e4tz! \u00c4sthetische und gestalterische Abwechslung bringen nur die bereits erw\u00e4hnten, wenigen Aufnahmen von Alleen, B\u00e4chen, Seen und Feldern, deren Grundstimmung sich jedoch kaum von den melancholisch-minimalistischen Schnee- und Nebellandschaften unterscheiden.<\/p>\n<p>Hatte sich Darius in seinen bisherigen Ver\u00f6ffentlichungen wie &#8222;Tunichtgut&#8220; und &#8222;Willkommen im Garten&#8220; (beide erschienen bei <strong>Hatje Cantz<\/strong>) meist mit den Absurdit\u00e4ten des Alltags besch\u00e4ftigt, ist sein neues Buch eine stille, fast and\u00e4chtige Meditation \u00fcber den Zustand der Welt und zugleich eine Flucht vor ihrem Trubel. Und eine Selbstreflexion, wie das Cover verr\u00e4t. Dort ist der titelgebende Schriftzug grob und hart in einen Spiegel gekratzt, in dem sich der wolkenverhangene Himmel zeigt. Oder in dem man sich selbst widerspiegeln k\u00f6nnte. In der Ausstellung hing dieser Spiegel, der von seinem K\u00fcnstlerfreund <strong>Felix H\u00f6fner<\/strong> angefertigt wurde, direkt am Eingang, so dass man an einer direkten Auseinandersetzung mit dem Ich, dem Paradies und dem Hier nicht vorbei kam. Dies war dann wiederum der Vorteil der Ausstellung gegen\u00fcber dem Buch.<\/p>\n<p>Link: <a href=\"http:\/\/www.alfred-ehrhardt-stiftung.de\/index.php?frank-darius-das-paradies-ist-hier\" target=\"_blank\" rel=\"noopener noreferrer\">Alfred-Ehrhardt-Stiftung<\/a>, <a href=\"http:\/\/www.artbooksheidelberg.de\/html\/detail\/de\/frank-darius-978-3-86828-386-0.html\" target=\"_blank\" rel=\"noopener noreferrer\">Kehrer<\/a><\/p>\n\n\t\t<style type=\"text\/css\">\n\t\t\t#gallery-1 {\n\t\t\t\tmargin: auto;\n\t\t\t}\n\t\t\t#gallery-1 .gallery-item {\n\t\t\t\tfloat: left;\n\t\t\t\tmargin-top: 10px;\n\t\t\t\ttext-align: center;\n\t\t\t\twidth: 100%;\n\t\t\t}\n\t\t\t#gallery-1 img {\n\t\t\t\tborder: 2px solid #cfcfcf;\n\t\t\t}\n\t\t\t#gallery-1 .gallery-caption {\n\t\t\t\tmargin-left: 0;\n\t\t\t}\n\t\t\t\/* see gallery_shortcode() in wp-includes\/media.php *\/\n\t\t<\/style>\n\t\t<div id='gallery-1' class='gallery galleryid-12324 gallery-columns-1 gallery-size-large'><dl class='gallery-item'>\n\t\t\t<dt class='gallery-icon landscape'>\n\t\t\t\t<img loading=\"lazy\" decoding=\"async\" width=\"620\" height=\"504\" src=\"https:\/\/www.damianzimmermann.de\/blog\/wp-content\/uploads\/Darius_Cover_72dpi.jpg\" class=\"attachment-large size-large\" alt=\"\" aria-describedby=\"gallery-1-12328\" srcset=\"https:\/\/www.damianzimmermann.de\/blog\/wp-content\/uploads\/Darius_Cover_72dpi.jpg 900w, https:\/\/www.damianzimmermann.de\/blog\/wp-content\/uploads\/Darius_Cover_72dpi-184x150.jpg 184w, https:\/\/www.damianzimmermann.de\/blog\/wp-content\/uploads\/Darius_Cover_72dpi-400x324.jpg 400w\" sizes=\"auto, (max-width: 620px) 100vw, 620px\" \/>\n\t\t\t<\/dt>\n\t\t\t\t<dd class='wp-caption-text gallery-caption' id='gallery-1-12328'>\n\t\t\t\tFrank Darius: &#8222;Das Paradies ist hier&#8220; &#8211; Cover\n\t\t\t\t<\/dd><\/dl><br style=\"clear: both\" \/><dl class='gallery-item'>\n\t\t\t<dt class='gallery-icon landscape'>\n\t\t\t\t<img loading=\"lazy\" decoding=\"async\" width=\"620\" height=\"499\" src=\"https:\/\/www.damianzimmermann.de\/blog\/wp-content\/uploads\/Teufelsberg-Berlin-2001-2010.jpg\" class=\"attachment-large size-large\" alt=\"\" aria-describedby=\"gallery-1-12330\" srcset=\"https:\/\/www.damianzimmermann.de\/blog\/wp-content\/uploads\/Teufelsberg-Berlin-2001-2010.jpg 900w, https:\/\/www.damianzimmermann.de\/blog\/wp-content\/uploads\/Teufelsberg-Berlin-2001-2010-186x150.jpg 186w, https:\/\/www.damianzimmermann.de\/blog\/wp-content\/uploads\/Teufelsberg-Berlin-2001-2010-400x322.jpg 400w\" sizes=\"auto, (max-width: 620px) 100vw, 620px\" \/>\n\t\t\t<\/dt>\n\t\t\t\t<dd class='wp-caption-text gallery-caption' id='gallery-1-12330'>\n\t\t\t\tFrank Darius: &#8222;Teufelsberg&#8220;, 2001\/2010, aus der Serie &#8222;Das Paradies ist hier&#8220;\n\t\t\t\t<\/dd><\/dl><br style=\"clear: both\" \/><dl class='gallery-item'>\n\t\t\t<dt class='gallery-icon landscape'>\n\t\t\t\t<img loading=\"lazy\" decoding=\"async\" width=\"620\" height=\"465\" src=\"https:\/\/www.damianzimmermann.de\/blog\/wp-content\/uploads\/wall-i-201059x74cm.jpg\" class=\"attachment-large size-large\" alt=\"\" aria-describedby=\"gallery-1-12331\" srcset=\"https:\/\/www.damianzimmermann.de\/blog\/wp-content\/uploads\/wall-i-201059x74cm.jpg 900w, https:\/\/www.damianzimmermann.de\/blog\/wp-content\/uploads\/wall-i-201059x74cm-200x150.jpg 200w, https:\/\/www.damianzimmermann.de\/blog\/wp-content\/uploads\/wall-i-201059x74cm-400x300.jpg 400w\" sizes=\"auto, (max-width: 620px) 100vw, 620px\" \/>\n\t\t\t<\/dt>\n\t\t\t\t<dd class='wp-caption-text gallery-caption' id='gallery-1-12331'>\n\t\t\t\tFrank Darius: &#8222;Wall&#8220;, 2010, aus der Serie &#8222;Das Paradies ist hier&#8220;\n\t\t\t\t<\/dd><\/dl><br style=\"clear: both\" \/><dl class='gallery-item'>\n\t\t\t<dt class='gallery-icon landscape'>\n\t\t\t\t<img loading=\"lazy\" decoding=\"async\" width=\"620\" height=\"501\" src=\"https:\/\/www.damianzimmermann.de\/blog\/wp-content\/uploads\/Baumallee-2011.jpg\" class=\"attachment-large size-large\" alt=\"\" aria-describedby=\"gallery-1-12326\" srcset=\"https:\/\/www.damianzimmermann.de\/blog\/wp-content\/uploads\/Baumallee-2011.jpg 900w, https:\/\/www.damianzimmermann.de\/blog\/wp-content\/uploads\/Baumallee-2011-185x150.jpg 185w, https:\/\/www.damianzimmermann.de\/blog\/wp-content\/uploads\/Baumallee-2011-400x323.jpg 400w\" sizes=\"auto, (max-width: 620px) 100vw, 620px\" \/>\n\t\t\t<\/dt>\n\t\t\t\t<dd class='wp-caption-text gallery-caption' id='gallery-1-12326'>\n\t\t\t\tFrank Darius: &#8222;Baumallee&#8220;, 2011, aus der Serie &#8222;Das Paradies ist hier&#8220;\n\t\t\t\t<\/dd><\/dl><br style=\"clear: both\" \/><dl class='gallery-item'>\n\t\t\t<dt class='gallery-icon landscape'>\n\t\t\t\t<img loading=\"lazy\" decoding=\"async\" width=\"620\" height=\"502\" src=\"https:\/\/www.damianzimmermann.de\/blog\/wp-content\/uploads\/Hopfen-V-2011.jpg\" class=\"attachment-large size-large\" alt=\"\" aria-describedby=\"gallery-1-12329\" srcset=\"https:\/\/www.damianzimmermann.de\/blog\/wp-content\/uploads\/Hopfen-V-2011.jpg 900w, https:\/\/www.damianzimmermann.de\/blog\/wp-content\/uploads\/Hopfen-V-2011-185x150.jpg 185w, https:\/\/www.damianzimmermann.de\/blog\/wp-content\/uploads\/Hopfen-V-2011-400x323.jpg 400w\" sizes=\"auto, (max-width: 620px) 100vw, 620px\" \/>\n\t\t\t<\/dt>\n\t\t\t\t<dd class='wp-caption-text gallery-caption' id='gallery-1-12329'>\n\t\t\t\tFrank Darius: &#8222;Hopfen&#8220;, 2011, aus der Serie &#8222;Das Paradies ist hier&#8220;\n\t\t\t\t<\/dd><\/dl><br style=\"clear: both\" \/><dl class='gallery-item'>\n\t\t\t<dt class='gallery-icon landscape'>\n\t\t\t\t<img loading=\"lazy\" decoding=\"async\" width=\"620\" height=\"502\" src=\"https:\/\/www.damianzimmermann.de\/blog\/wp-content\/uploads\/Birke-2009.jpg\" class=\"attachment-large size-large\" alt=\"\" aria-describedby=\"gallery-1-12327\" srcset=\"https:\/\/www.damianzimmermann.de\/blog\/wp-content\/uploads\/Birke-2009.jpg 900w, https:\/\/www.damianzimmermann.de\/blog\/wp-content\/uploads\/Birke-2009-185x150.jpg 185w, https:\/\/www.damianzimmermann.de\/blog\/wp-content\/uploads\/Birke-2009-400x323.jpg 400w\" sizes=\"auto, (max-width: 620px) 100vw, 620px\" \/>\n\t\t\t<\/dt>\n\t\t\t\t<dd class='wp-caption-text gallery-caption' id='gallery-1-12327'>\n\t\t\t\tFrank Darius: &#8222;Birke, Sommerfeld&#8220;, 2009, aus der Serie &#8222;Das Paradies ist hier&#8220;\n\t\t\t\t<\/dd><\/dl><br style=\"clear: both\" \/>\n\t\t<\/div>\n\n","protected":false},"excerpt":{"rendered":"<p>Gerade noch geschafft: Eine halbe Stunde vor dem Ende der Ausstellung &#8222;Das Paradies ist hier&#8220; von Frank Darius bin ich in die Alfred-Ehrhardt-Stiftung in Berlin gehuscht, um mir&#8230;<\/p>\n","protected":false},"author":1,"featured_media":12328,"comment_status":"closed","ping_status":"open","sticky":false,"template":"","format":"standard","meta":{"footnotes":""},"categories":[6,7],"tags":[1041,1040,828],"class_list":["post-12324","post","type-post","status-publish","format-standard","has-post-thumbnail","hentry","category-ausstellungen","category-fotobuecher","tag-felix-hofner","tag-frank-darius","tag-hiroshi-sugimoto"],"_links":{"self":[{"href":"https:\/\/www.damianzimmermann.de\/blog\/wp-json\/wp\/v2\/posts\/12324","targetHints":{"allow":["GET"]}}],"collection":[{"href":"https:\/\/www.damianzimmermann.de\/blog\/wp-json\/wp\/v2\/posts"}],"about":[{"href":"https:\/\/www.damianzimmermann.de\/blog\/wp-json\/wp\/v2\/types\/post"}],"author":[{"embeddable":true,"href":"https:\/\/www.damianzimmermann.de\/blog\/wp-json\/wp\/v2\/users\/1"}],"replies":[{"embeddable":true,"href":"https:\/\/www.damianzimmermann.de\/blog\/wp-json\/wp\/v2\/comments?post=12324"}],"version-history":[{"count":98,"href":"https:\/\/www.damianzimmermann.de\/blog\/wp-json\/wp\/v2\/posts\/12324\/revisions"}],"predecessor-version":[{"id":20338,"href":"https:\/\/www.damianzimmermann.de\/blog\/wp-json\/wp\/v2\/posts\/12324\/revisions\/20338"}],"wp:featuredmedia":[{"embeddable":true,"href":"https:\/\/www.damianzimmermann.de\/blog\/wp-json\/wp\/v2\/media\/12328"}],"wp:attachment":[{"href":"https:\/\/www.damianzimmermann.de\/blog\/wp-json\/wp\/v2\/media?parent=12324"}],"wp:term":[{"taxonomy":"category","embeddable":true,"href":"https:\/\/www.damianzimmermann.de\/blog\/wp-json\/wp\/v2\/categories?post=12324"},{"taxonomy":"post_tag","embeddable":true,"href":"https:\/\/www.damianzimmermann.de\/blog\/wp-json\/wp\/v2\/tags?post=12324"}],"curies":[{"name":"wp","href":"https:\/\/api.w.org\/{rel}","templated":true}]}}